{"id":14121,"date":"2016-02-05T09:21:17","date_gmt":"2016-02-05T14:21:17","guid":{"rendered":"http:\/\/www.biblia.work\/diccionarios\/tous-y-soler-jose\/"},"modified":"2016-02-05T09:21:17","modified_gmt":"2016-02-05T14:21:17","slug":"tous-y-soler-jose","status":"publish","type":"post","link":"https:\/\/www.biblia.work\/diccionarios\/tous-y-soler-jose\/","title":{"rendered":"TOUS Y SOLER JOSE"},"content":{"rendered":"<p>[967](1811-1871)<\/p>\n<p>      Fundador de las \u00abCapuchinas de la Madre del Divino Pastor\u00bb en 1850. Natural de Igualada, Di\u00f3cesis de Vich, fue educador en la piedad y en el trabajo. Formado en hogar cristiano ingres\u00f3 en 1826 en los Capuchinos.  En 1834 recibi\u00f3 la ordenaci\u00f3n sacerdotal. En 1835 tuvo que ir al exilio a Italia y Francia por motivo de la revoluci\u00f3n<br \/>\n    Trabaj\u00f3 como p\u00e1rroco en Barcelona y en 1850 inici\u00f3 el Instituto de \u00abTerciarias Capuchinas de la divina Pastora\u00bb, con diversas j\u00f3venes que quieren llevar vida religiosa. Con Mar\u00ed\u00ada Ana Mogas, que al ir a Madrid inici\u00f3 por su cuenta otro Instituto, separ\u00e1ndose del primero, pero manteniendo estrecha relaci\u00f3n con el consejero y Fundador.<\/p>\n<p>    En 1863 dirigi\u00f3 a las casas y a las Hermanas una circular en forma de \u00abPrograma pedag\u00f3gico del Instituto\u00bb, que mereci\u00f3 ser el estilo inspirador de la pedagog\u00ed\u00ada de sus obras. En \u00e9l se inspir\u00f3 el grupo de Catalu\u00f1a y el nuevo instituto que surgi\u00f3 en Madrid con el nombre de \u00abTerciaras Franciscanas Misioneras de la Madre del Divino Pastor\u00bb.<\/p>\n<p>    En 1871 falleci\u00f3 de repente en Barcelona, durante la misa que celebraba en la comunidad.<\/p>\n<p>Pedro Chico Gonz\u00e1lez, Diccionario de Catequesis y Pedagog\u00ed\u00ada Religiosa, Editorial Bru\u00f1o, Lima, Per\u00fa 2006<\/p>\n<p><b>Fuente: Diccionario de Catequesis y Pedagog\u00eda Religiosa<\/b><\/p>\n","protected":false},"excerpt":{"rendered":"<p>[967](1811-1871) Fundador de las \u00abCapuchinas de la Madre del Divino Pastor\u00bb en 1850. Natural de Igualada, Di\u00f3cesis de Vich, fue educador en la piedad y en el trabajo. Formado en hogar cristiano ingres\u00f3 en 1826 en los Capuchinos. En 1834 recibi\u00f3 la ordenaci\u00f3n sacerdotal. En 1835 tuvo que ir al exilio a Italia y Francia &hellip; <a href=\"https:\/\/www.biblia.work\/diccionarios\/tous-y-soler-jose\/\" class=\"more-link\">Continuar leyendo<span class=\"screen-reader-text\"> \u00abTOUS Y SOLER JOSE\u00bb<\/span><\/a><\/p>\n","protected":false},"author":1,"featured_media":0,"comment_status":"open","ping_status":"open","sticky":false,"template":"","format":"standard","meta":{"footnotes":""},"categories":[4],"tags":[],"class_list":["post-14121","post","type-post","status-publish","format-standard","hentry","category-diccionario"],"_links":{"self":[{"href":"https:\/\/www.biblia.work\/diccionarios\/wp-json\/wp\/v2\/posts\/14121","targetHints":{"allow":["GET"]}}],"collection":[{"href":"https:\/\/www.biblia.work\/diccionarios\/wp-json\/wp\/v2\/posts"}],"about":[{"href":"https:\/\/www.biblia.work\/diccionarios\/wp-json\/wp\/v2\/types\/post"}],"author":[{"embeddable":true,"href":"https:\/\/www.biblia.work\/diccionarios\/wp-json\/wp\/v2\/users\/1"}],"replies":[{"embeddable":true,"href":"https:\/\/www.biblia.work\/diccionarios\/wp-json\/wp\/v2\/comments?post=14121"}],"version-history":[{"count":0,"href":"https:\/\/www.biblia.work\/diccionarios\/wp-json\/wp\/v2\/posts\/14121\/revisions"}],"wp:attachment":[{"href":"https:\/\/www.biblia.work\/diccionarios\/wp-json\/wp\/v2\/media?parent=14121"}],"wp:term":[{"taxonomy":"category","embeddable":true,"href":"https:\/\/www.biblia.work\/diccionarios\/wp-json\/wp\/v2\/categories?post=14121"},{"taxonomy":"post_tag","embeddable":true,"href":"https:\/\/www.biblia.work\/diccionarios\/wp-json\/wp\/v2\/tags?post=14121"}],"curies":[{"name":"wp","href":"https:\/\/api.w.org\/{rel}","templated":true}]}}