{"id":14184,"date":"2016-02-05T09:23:20","date_gmt":"2016-02-05T14:23:20","guid":{"rendered":"http:\/\/www.biblia.work\/diccionarios\/triduo\/"},"modified":"2016-02-05T09:23:20","modified_gmt":"2016-02-05T14:23:20","slug":"triduo","status":"publish","type":"post","link":"https:\/\/www.biblia.work\/diccionarios\/triduo\/","title":{"rendered":"TRIDUO"},"content":{"rendered":"<p>[484]<br \/>\n  Celebraci\u00f3n de recuerdos, homenajes, plegarias o rogativas durante tres d\u00ed\u00adas que se ha hecho tradicional en la piedad cristiana. Es pr\u00e1ctica frecuente en los actos preparatorios a fiestas, encuentros o acontecimientos religiosos.<\/p>\n<p>Pedro Chico Gonz\u00e1lez, Diccionario de Catequesis y Pedagog\u00ed\u00ada Religiosa, Editorial Bru\u00f1o, Lima, Per\u00fa 2006<\/p>\n<p><b>Fuente: Diccionario de Catequesis y Pedagog\u00eda Religiosa<\/b><\/p>\n<p><p style=\"text-align: justify\">(Tres d\u00edas).\n<\/p>\n<p style=\"text-align: justify\">Un tiempo usado frecuentemente para la oraci\u00f3n o para otras pr\u00e1cticas devotas, ya sea por  individuos en privado, o en p\u00fablico por congregaciones u organizaciones especiales en parroquias, en comunidades  religiosas,  seminarios o escuelas.  La forma de la oraci\u00f3n o la devoci\u00f3n depende de la ocasi\u00f3n o el prop\u00f3sito del triduo.  Los tres d\u00edas suelen preceder alguna  fiesta, y entonces la fiesta determina la elecci\u00f3n de los ejercicios de  piedad.  En el uso lit\u00fargico hay un triduo de ceremonias y oraciones en Semana Santa, D\u00edas de Rogaciones, los tres d\u00edas de letan\u00edas antes de la Fiesta de la Ascensi\u00f3n, y las fiestas de Pascua y Pentecost\u00e9s, con los primeros dos d\u00edas de sus octavas.\n<\/p>\n<p style=\"text-align: justify\">Hay autorizaci\u00f3n de la Iglesia para un triduo en honor de la Sant\u00edsima Trinidad, de la Sagrada Eucarist\u00eda y de San Jos\u00e9.  El primero de \u00e9stos, instituido por el Papa  P\u00edo IX, 8 de agosto de 1847, puede ser celebrado en cualquier \u00e9poca del a\u00f1o en p\u00fablico o privado, y en condiciones usuales se le adjudican indulgencias parciales o plenarias.  El segundo, tambi\u00e9n indulgenciado, fue instituido por  P\u00edo X, 10 de abril de 1907, con el prop\u00f3sito de promover la Comuni\u00f3n frecuente.  El tiempo para el mismo es viernes, s\u00e1bado y domingo despu\u00e9s de la Fiesta de Corpus Christi, aunque los obispos pueden designar cualquier otro tiempo m\u00e1s conveniente durante el a\u00f1o.    Cada d\u00eda debe haber un  serm\u00f3n sobre la Sagrada Eucarist\u00eda y la bendici\u00f3n con el Sant\u00edsimo Sacramento; y el domingo, adem\u00e1s del serm\u00f3n sobre el  Evangelio y la Sagrada Eucarist\u00eda, debe haber una  Misa parroquial.  Este triduo es especialmente para las iglesias catedrales, aunque los obispos pueden tambi\u00e9n requerir que otras iglesias lo celebren.  La oraci\u00f3n \u201cOh, dulc\u00edsimo Jes\u00fas\u201d (Dulcissime Jesu), seg\u00fan dada en la \u201cRaccolta\u201d, es se\u00f1alada para ser le\u00edda durante la Bendici\u00f3n.  El triduo en honor a San Jos\u00e9, previo a su fiesta el 19 de marzo, fue recomendado por Le\u00f3n XIII en la Enc\u00edclica \u201cQuamprimum pluries\u201d (15 de agosto de 1889, con la oraci\u00f3n \u201cA ti, Oh, bendito Jos\u00e9\u201d.\n<\/p>\n<p style=\"text-align: justify\">Las ocasiones m\u00e1s frecuentes para un triduo son: cuando los ni\u00f1os se est\u00e1n preparando para su primera comuni\u00f3n, entre los alumnos de las escuelas al inicio del a\u00f1o escolar, entre los seminaristas, al mismo tiempo, y en las comunidades religiosas para los que van a renovar sus votos anuales o cada seis meses.  Los ejercicios de estos triduos son principalmente meditaciones o instrucciones que disponen a los oyentes a una recepci\u00f3n piadosa de los Sacramentos de la  Penitencia y de la Sagrada Comuni\u00f3n y al mejoramiento de la vida.\n<\/p>\n<p style=\"text-align: justify\">\n<b>Bibliograf\u00eda<\/b>:  SAN JUAN, The Raccolta (6ta. ed., Londres, 1912); BERINGER, Die Ablasse, ihr Wesen u. Gebrauch (Paderborn, 1900, tr., Fr., Par\u00eds, 1905).\n<\/p>\n<p style=\"text-align: justify\"><b>Fuente<\/b>:  Wynne, John. \u00abTriduum.\u00bb The Catholic Encyclopedia. Vol. 15. New York: Robert Appleton Company, 1912. <br \/>http:\/\/www.newadvent.org\/cathen\/15041c.htm\n<\/p>\n<p style=\"text-align: justify\">Traducido por Luz Hern\u00e1ndez Medina.\n<\/p>\n<\/p>\n<p><b>Fuente: Enciclopedia Cat\u00f3lica<\/b><\/p>\n","protected":false},"excerpt":{"rendered":"<p>[484] Celebraci\u00f3n de recuerdos, homenajes, plegarias o rogativas durante tres d\u00ed\u00adas que se ha hecho tradicional en la piedad cristiana. Es pr\u00e1ctica frecuente en los actos preparatorios a fiestas, encuentros o acontecimientos religiosos. Pedro Chico Gonz\u00e1lez, Diccionario de Catequesis y Pedagog\u00ed\u00ada Religiosa, Editorial Bru\u00f1o, Lima, Per\u00fa 2006 Fuente: Diccionario de Catequesis y Pedagog\u00eda Religiosa (Tres &hellip; <a href=\"https:\/\/www.biblia.work\/diccionarios\/triduo\/\" class=\"more-link\">Continuar leyendo<span class=\"screen-reader-text\"> \u00abTRIDUO\u00bb<\/span><\/a><\/p>\n","protected":false},"author":1,"featured_media":0,"comment_status":"open","ping_status":"open","sticky":false,"template":"","format":"standard","meta":{"footnotes":""},"categories":[4],"tags":[],"class_list":["post-14184","post","type-post","status-publish","format-standard","hentry","category-diccionario"],"_links":{"self":[{"href":"https:\/\/www.biblia.work\/diccionarios\/wp-json\/wp\/v2\/posts\/14184","targetHints":{"allow":["GET"]}}],"collection":[{"href":"https:\/\/www.biblia.work\/diccionarios\/wp-json\/wp\/v2\/posts"}],"about":[{"href":"https:\/\/www.biblia.work\/diccionarios\/wp-json\/wp\/v2\/types\/post"}],"author":[{"embeddable":true,"href":"https:\/\/www.biblia.work\/diccionarios\/wp-json\/wp\/v2\/users\/1"}],"replies":[{"embeddable":true,"href":"https:\/\/www.biblia.work\/diccionarios\/wp-json\/wp\/v2\/comments?post=14184"}],"version-history":[{"count":0,"href":"https:\/\/www.biblia.work\/diccionarios\/wp-json\/wp\/v2\/posts\/14184\/revisions"}],"wp:attachment":[{"href":"https:\/\/www.biblia.work\/diccionarios\/wp-json\/wp\/v2\/media?parent=14184"}],"wp:term":[{"taxonomy":"category","embeddable":true,"href":"https:\/\/www.biblia.work\/diccionarios\/wp-json\/wp\/v2\/categories?post=14184"},{"taxonomy":"post_tag","embeddable":true,"href":"https:\/\/www.biblia.work\/diccionarios\/wp-json\/wp\/v2\/tags?post=14184"}],"curies":[{"name":"wp","href":"https:\/\/api.w.org\/{rel}","templated":true}]}}