{"id":14221,"date":"2016-02-05T09:24:28","date_gmt":"2016-02-05T14:24:28","guid":{"rendered":"http:\/\/www.biblia.work\/diccionarios\/tusquets-joan\/"},"modified":"2016-02-05T09:24:28","modified_gmt":"2016-02-05T14:24:28","slug":"tusquets-joan","status":"publish","type":"post","link":"https:\/\/www.biblia.work\/diccionarios\/tusquets-joan\/","title":{"rendered":"TUSQUETS. JOAN"},"content":{"rendered":"<p>[971](1901-1970<\/p>\n<p>     Sacerdote de Barcelona, excelente catequista de la regi\u00f3n catalana, formado en Lovaina y doctor en Teolog\u00ed\u00ada por Tarragona. Fue docente en el Seminario de Barcelona, y animador del a C\u00e1tedra de Pedagog\u00ed\u00ada Catequ\u00ed\u00adstica, una de las primera que se organiz\u00f3 en Espa\u00f1a.<\/p>\n<p>    Cultiv\u00f3 con inter\u00e9s la dimensi\u00f3n pastoral y catequ\u00e9tica, siendo autor de diversas obras pastorales, como el \u00abLa formaci\u00f3n sobrenatural del catequista\u00bb, \u00abEl Teosofismo\u00bb y \u00abManual del catecismo\u00bb. Tambi\u00e9n public\u00f3 diversidad de estudios filos\u00f3ficos como \u00abDe la unidad de la Inteligencia\u00bb.<\/p>\n<p>    Su l\u00ed\u00adnea catequ\u00ed\u00adstica brill\u00f3 en la Espa\u00f1a de comienzos del siglo XX juntamente con Daniel Llorente en la regi\u00f3n castellana y Andr\u00e9s Manj\u00f3n en el sur.<\/p>\n<p>Pedro Chico Gonz\u00e1lez, Diccionario de Catequesis y Pedagog\u00ed\u00ada Religiosa, Editorial Bru\u00f1o, Lima, Per\u00fa 2006<\/p>\n<p><b>Fuente: Diccionario de Catequesis y Pedagog\u00eda Religiosa<\/b><\/p>\n","protected":false},"excerpt":{"rendered":"<p>[971](1901-1970 Sacerdote de Barcelona, excelente catequista de la regi\u00f3n catalana, formado en Lovaina y doctor en Teolog\u00ed\u00ada por Tarragona. Fue docente en el Seminario de Barcelona, y animador del a C\u00e1tedra de Pedagog\u00ed\u00ada Catequ\u00ed\u00adstica, una de las primera que se organiz\u00f3 en Espa\u00f1a. Cultiv\u00f3 con inter\u00e9s la dimensi\u00f3n pastoral y catequ\u00e9tica, siendo autor de diversas &hellip; <a href=\"https:\/\/www.biblia.work\/diccionarios\/tusquets-joan\/\" class=\"more-link\">Continuar leyendo<span class=\"screen-reader-text\"> \u00abTUSQUETS. JOAN\u00bb<\/span><\/a><\/p>\n","protected":false},"author":1,"featured_media":0,"comment_status":"open","ping_status":"open","sticky":false,"template":"","format":"standard","meta":{"footnotes":""},"categories":[4],"tags":[],"class_list":["post-14221","post","type-post","status-publish","format-standard","hentry","category-diccionario"],"_links":{"self":[{"href":"https:\/\/www.biblia.work\/diccionarios\/wp-json\/wp\/v2\/posts\/14221","targetHints":{"allow":["GET"]}}],"collection":[{"href":"https:\/\/www.biblia.work\/diccionarios\/wp-json\/wp\/v2\/posts"}],"about":[{"href":"https:\/\/www.biblia.work\/diccionarios\/wp-json\/wp\/v2\/types\/post"}],"author":[{"embeddable":true,"href":"https:\/\/www.biblia.work\/diccionarios\/wp-json\/wp\/v2\/users\/1"}],"replies":[{"embeddable":true,"href":"https:\/\/www.biblia.work\/diccionarios\/wp-json\/wp\/v2\/comments?post=14221"}],"version-history":[{"count":0,"href":"https:\/\/www.biblia.work\/diccionarios\/wp-json\/wp\/v2\/posts\/14221\/revisions"}],"wp:attachment":[{"href":"https:\/\/www.biblia.work\/diccionarios\/wp-json\/wp\/v2\/media?parent=14221"}],"wp:term":[{"taxonomy":"category","embeddable":true,"href":"https:\/\/www.biblia.work\/diccionarios\/wp-json\/wp\/v2\/categories?post=14221"},{"taxonomy":"post_tag","embeddable":true,"href":"https:\/\/www.biblia.work\/diccionarios\/wp-json\/wp\/v2\/tags?post=14221"}],"curies":[{"name":"wp","href":"https:\/\/api.w.org\/{rel}","templated":true}]}}