{"id":23759,"date":"2016-02-05T16:11:23","date_gmt":"2016-02-05T21:11:23","guid":{"rendered":"http:\/\/www.biblia.work\/diccionarios\/cardenal-canestri\/"},"modified":"2016-02-05T16:11:23","modified_gmt":"2016-02-05T21:11:23","slug":"cardenal-canestri","status":"publish","type":"post","link":"https:\/\/www.biblia.work\/diccionarios\/cardenal-canestri\/","title":{"rendered":"CARDENAL CANESTRI"},"content":{"rendered":"<p><p style=\"text-align: justify;\">Fecha de Nacimiento. Naci\u00f3 el 30 de septiembre de 1918, Castelspina, di\u00f3cesis de Alessandria, Italia.\n<\/p>\n<p style=\"text-align: justify;\">Educaci\u00f3n. Estudi\u00f3 en el Seminario Menor de Alessandria; en el Pontificio Seminario Mayor de Roma; en la Universidad de Lateranenense, Roma, (doctorado en derecho can\u00f3nico); tambi\u00e9n en la Universidad del Estatal de Roma, (doctorado en leyes).\n<\/p>\n<p style=\"text-align: justify;\">\nSacerdocio. Ordenado el 12 de abril de 1941, Roma. Continu\u00f3 sus estudios y trabaj\u00f3 pastoralmente en Roma, 1941-1959. Director espiritual, Pontificio Seminario Romano, 1959-1961; examinador apost\u00f3lico del clero; miembro de la facultad de varios institutos superiores romanos.\n<\/p>\n<p style=\"text-align: justify;\">Episcopado. Elegido obispo titular de Tenedo y nombrado auxiliar del cardenal vicario de Roma, el 8 de julio de 1961. Consagrado, el 30 de julio de 1961, en Roma por el Cardenal Luigi Traglia, pro-vicario general de su Santidad para la Di\u00f3cesis de Roma. Transferido a la sede de Tortona, el 7 de enero de 1971. Transferido a la sede titular de Monterano, con t\u00edtulo personal de arzobispo, y nombrado vicegerente de Roma, el 8 de febrero de 1975. Transferido a la sede metropolitana de Cagliari, el 22 de marzo de 1984. Transferido luego a la sede metropolitana de G\u00e9nova, el 6 de julio de 1987.\n<\/p>\n<p style=\"text-align: justify;\">Cardenalato. Creado cardenal presb\u00edtero el 28 de junio de 1988; recibi\u00f3 la birreta roja y t\u00edtulo de S. Andrea della Valle, el 28 de junio de 1988. Renunci\u00f3 al gobierno pastoral de la archidi\u00f3cesis, el 20 de abril de 1995.\n<\/p>\n<\/p>\n<p><b>Fuente: Enciclopedia Cat\u00f3lica<\/b><\/p>\n","protected":false},"excerpt":{"rendered":"<p>Fecha de Nacimiento. Naci\u00f3 el 30 de septiembre de 1918, Castelspina, di\u00f3cesis de Alessandria, Italia. Educaci\u00f3n. Estudi\u00f3 en el Seminario Menor de Alessandria; en el Pontificio Seminario Mayor de Roma; en la Universidad de Lateranenense, Roma, (doctorado en derecho can\u00f3nico); tambi\u00e9n en la Universidad del Estatal de Roma, (doctorado en leyes). Sacerdocio. Ordenado el 12 &hellip; <a href=\"https:\/\/www.biblia.work\/diccionarios\/cardenal-canestri\/\" class=\"more-link\">Continuar leyendo<span class=\"screen-reader-text\"> \u00abCARDENAL CANESTRI\u00bb<\/span><\/a><\/p>\n","protected":false},"author":1,"featured_media":0,"comment_status":"open","ping_status":"open","sticky":false,"template":"","format":"standard","meta":{"footnotes":""},"categories":[4],"tags":[],"class_list":["post-23759","post","type-post","status-publish","format-standard","hentry","category-diccionario"],"_links":{"self":[{"href":"https:\/\/www.biblia.work\/diccionarios\/wp-json\/wp\/v2\/posts\/23759","targetHints":{"allow":["GET"]}}],"collection":[{"href":"https:\/\/www.biblia.work\/diccionarios\/wp-json\/wp\/v2\/posts"}],"about":[{"href":"https:\/\/www.biblia.work\/diccionarios\/wp-json\/wp\/v2\/types\/post"}],"author":[{"embeddable":true,"href":"https:\/\/www.biblia.work\/diccionarios\/wp-json\/wp\/v2\/users\/1"}],"replies":[{"embeddable":true,"href":"https:\/\/www.biblia.work\/diccionarios\/wp-json\/wp\/v2\/comments?post=23759"}],"version-history":[{"count":0,"href":"https:\/\/www.biblia.work\/diccionarios\/wp-json\/wp\/v2\/posts\/23759\/revisions"}],"wp:attachment":[{"href":"https:\/\/www.biblia.work\/diccionarios\/wp-json\/wp\/v2\/media?parent=23759"}],"wp:term":[{"taxonomy":"category","embeddable":true,"href":"https:\/\/www.biblia.work\/diccionarios\/wp-json\/wp\/v2\/categories?post=23759"},{"taxonomy":"post_tag","embeddable":true,"href":"https:\/\/www.biblia.work\/diccionarios\/wp-json\/wp\/v2\/tags?post=23759"}],"curies":[{"name":"wp","href":"https:\/\/api.w.org\/{rel}","templated":true}]}}