{"id":23781,"date":"2016-02-05T16:12:12","date_gmt":"2016-02-05T21:12:12","guid":{"rendered":"http:\/\/www.biblia.work\/diccionarios\/cardenal-caprio\/"},"modified":"2016-02-05T16:12:12","modified_gmt":"2016-02-05T21:12:12","slug":"cardenal-caprio","status":"publish","type":"post","link":"https:\/\/www.biblia.work\/diccionarios\/cardenal-caprio\/","title":{"rendered":"CARDENAL CAPRIO"},"content":{"rendered":"<p><p style=\"text-align: justify;\">Fecha de Nacimiento. Naci\u00f3 el 15 de noviembre de 1914, Lapio, archidi\u00f3cesis de Benevento, Italia.\n<\/p>\n<p style=\"text-align: justify;\">Educaci\u00f3n. Estudi\u00f3 en el Seminario de Benevento, en Benevento; en la Pontificia Universidad Gregoriana, Roma; y tambi\u00e9n en la Pontificia Academia de Nobles Eclesi\u00e1sticos, en Roma.\n<\/p>\n<p style=\"text-align: justify;\">Sacerdocio. Ordenado el 17 de diciembre de 1938, en Roma. Continu\u00f3 sus estudios, 1939-1940, en Roma\n<\/p>\n<p style=\"text-align: justify;\">\nAsignado a la secretar\u00eda de Estado, 1940-1947. Secretario de la nunciatura en China, 1947-1951; regres\u00f3 de China despu\u00e9s de 3 meses de arresto por el r\u00e9gimen comunista chino. Auditor de la nunciatura en B\u00e9lgica, 1951-1954. Visitador y regente de la Delegaci\u00f3n Apost\u00f3lica en Vietnam del Sur, 1954-1959. Prelado dom\u00e9stico, el 21 de noviembre de 1955. Internuncio en China (Formosa), el 20 de mayo de 1959.\n<\/p>\n<p style=\"text-align: justify;\">Episcopado. Elegido arzobispo titular de Apollonia, el 14 de octubre de 1961. Consagrado, el 14 de diciembre de 1961, en Benevento, por el Cardenal Gregoire-Pierre Agagianian, prefecto del S.C. para la Propagaci\u00f3n de la Fe. Asisti\u00f3 al Concilio Vaticano II, 1962-1965. Fue pro-nuncio en India, el 22 de agosto de 1967. Jefe de la delegaci\u00f3n vaticana a la II la Conferencia para el Comercio y Desarrollo de ONU, en Nueva Delhi, India, 1968. Secretario de la Administraci\u00f3n del Patrimonio de la Santa Apost\u00f3lica, el 19 de abril de 1969. Sustituto de la Secretar\u00eda de Estado, el 14 de junio de 1977. Fue pro-presidente de la Administraci\u00f3n del Patrimonio de la Sede Apost\u00f3lica, el 28 de abril de 1979.\n<\/p>\n<p style=\"text-align: justify;\">Cardenalato. Creado cardenal di\u00e1cono el 30 de junio de 1979; recibi\u00f3 la birreta roja y la diacon\u00eda de S. Mar\u00eda Ausiliatrice en Via Tuscolana, el 30 de junio de 1979. Nombrado presidente de Administraci\u00f3n del Patrimonio de la Sede Apost\u00f3lica, el 1 de julio de 1979. Asisti\u00f3 a la V Asamblea Ordinaria del S\u00ednodo de los Obispos, Ciudad del Vaticano, organizado del 26 de septiembre al 25 de octubre de 1980. Presidente de la Prefectura para los Asuntos Econ\u00f3micos de la Santa Sede, el 30 de enero de 1981. Asisti\u00f3 a la VI Asamblea Ordinaria del S\u00ednodo de los Obispos, en Ciudad del Vaticano, el 28 de septiembre el 29 de octubre de 1983; a la II Asamblea Extraordinaria del S\u00ednodo Mundial de los Obispos, Ciudad del Vaticano, 24 de noviembre al 8 de deciembre 1985. Cardenal protodi\u00e1cono, el 22 de junio de 1987. Asisti\u00f3 a la VII Asamblea Ordinaria del S\u00ednodo de los Obispos, en Ciudad del Vaticano, del 1 al 30 de octubre de 1987. Gran Maestre de la Orden Ecuestre del Santo Sepulcro de Jerusal\u00e9n, el 15 de noviembre de 1988. Enviado especial del apa al entierro de Pr\u00edncipe Franz Josef II de Liechtestein, noviembre de 1989. Renunci\u00f3 a la presidencia, el 22 de enero de 1990. Enviado especial del papa a la ascensi\u00f3n del trono del Emperador Akihito, en Tokio, Jap\u00f3n, el 12 de noviembre de 1990. Opt\u00f3 por el orden de los cardenales presb\u00edteros y el t\u00edtulo de S. Mar\u00eda el della Vittoria, el 26 de noviembre de 1990. Perdi\u00f3 el derecho a participar en el c\u00f3nclave cuando cumpli\u00f3 los 80 a\u00f1os de edad, el 15 de noviembre de 1994. Renunci\u00f3 como gran maestre en diciembre de 1995.\n<\/p>\n<\/p>\n<p><b>Fuente: Enciclopedia Cat\u00f3lica<\/b><\/p>\n","protected":false},"excerpt":{"rendered":"<p>Fecha de Nacimiento. Naci\u00f3 el 15 de noviembre de 1914, Lapio, archidi\u00f3cesis de Benevento, Italia. Educaci\u00f3n. Estudi\u00f3 en el Seminario de Benevento, en Benevento; en la Pontificia Universidad Gregoriana, Roma; y tambi\u00e9n en la Pontificia Academia de Nobles Eclesi\u00e1sticos, en Roma. Sacerdocio. Ordenado el 17 de diciembre de 1938, en Roma. Continu\u00f3 sus estudios, 1939-1940, &hellip; <a href=\"https:\/\/www.biblia.work\/diccionarios\/cardenal-caprio\/\" class=\"more-link\">Continuar leyendo<span class=\"screen-reader-text\"> \u00abCARDENAL CAPRIO\u00bb<\/span><\/a><\/p>\n","protected":false},"author":1,"featured_media":0,"comment_status":"open","ping_status":"open","sticky":false,"template":"","format":"standard","meta":{"footnotes":""},"categories":[4],"tags":[],"class_list":["post-23781","post","type-post","status-publish","format-standard","hentry","category-diccionario"],"_links":{"self":[{"href":"https:\/\/www.biblia.work\/diccionarios\/wp-json\/wp\/v2\/posts\/23781","targetHints":{"allow":["GET"]}}],"collection":[{"href":"https:\/\/www.biblia.work\/diccionarios\/wp-json\/wp\/v2\/posts"}],"about":[{"href":"https:\/\/www.biblia.work\/diccionarios\/wp-json\/wp\/v2\/types\/post"}],"author":[{"embeddable":true,"href":"https:\/\/www.biblia.work\/diccionarios\/wp-json\/wp\/v2\/users\/1"}],"replies":[{"embeddable":true,"href":"https:\/\/www.biblia.work\/diccionarios\/wp-json\/wp\/v2\/comments?post=23781"}],"version-history":[{"count":0,"href":"https:\/\/www.biblia.work\/diccionarios\/wp-json\/wp\/v2\/posts\/23781\/revisions"}],"wp:attachment":[{"href":"https:\/\/www.biblia.work\/diccionarios\/wp-json\/wp\/v2\/media?parent=23781"}],"wp:term":[{"taxonomy":"category","embeddable":true,"href":"https:\/\/www.biblia.work\/diccionarios\/wp-json\/wp\/v2\/categories?post=23781"},{"taxonomy":"post_tag","embeddable":true,"href":"https:\/\/www.biblia.work\/diccionarios\/wp-json\/wp\/v2\/tags?post=23781"}],"curies":[{"name":"wp","href":"https:\/\/api.w.org\/{rel}","templated":true}]}}