{"id":23785,"date":"2016-02-05T16:12:20","date_gmt":"2016-02-05T21:12:20","guid":{"rendered":"http:\/\/www.biblia.work\/diccionarios\/vicente-caraffa\/"},"modified":"2016-02-05T16:12:20","modified_gmt":"2016-02-05T21:12:20","slug":"vicente-caraffa","status":"publish","type":"post","link":"https:\/\/www.biblia.work\/diccionarios\/vicente-caraffa\/","title":{"rendered":"VICENTE CARAFFA"},"content":{"rendered":"<p><p style=\"text-align: justify;\">S\u00e9ptimo General de la Compa\u00f1\u00eda de Jes\u00fas, naci\u00f3 en N\u00e1poles el 5 de mayo de 1585; muri\u00f3 en Roma el 6 de junio de 1649. Perteneci\u00f3 a la familia de los Condes de Montorio y estaba emparentado con el Papa Pablo IV. Ingres\u00f3 a la Compa\u00f1\u00eda de Jes\u00fas el 4 de octubre de 1604, y ten\u00eda sesenta a\u00f1os de edad cuando fue elegido general. Muri\u00f3 cuatro a\u00f1os m\u00e1s tarde. Ense\u00f1\u00f3 filosof\u00eda y dirigi\u00f3 la casa principal de la Compa\u00f1\u00eda en N\u00e1poles, donde era provincial en el momento de su elecci\u00f3n. En 1635 public\u00f3 \u00abFascetto di Mirra\u00bb (Envase de Mirra), que ha sido traducida a varios idiomas. Tambi\u00e9n fue autor de numerosas obras asc\u00e9ticas como: Cammino del Cielo, Cittadino del Cielo, Il Peregrino della terra, Idea Christiani hominis, e Il Serafino, todas anteriores a su elecci\u00f3n. Escribi\u00f3 bajo el nombre de Aloysius Sidereus. Su \u00fanica obra conocida siendo general fue la enc\u00edclica: \u00abDe mediis conservandi prim\u00e6vum spiritum Societatis\u00bb (Modos de conservar el esp\u00edritu primitivo de la Compa\u00f1\u00eda).\n<\/p>\n<p style=\"text-align: justify;\">Su corto generalato coincidi\u00f3 con los inicios de la guerra del jansenismo en la Compa\u00f1\u00eda y los problemas con Palafox, obispo de La Puebla. En Espa\u00f1a ocurri\u00f3 un gran esc\u00e1ndalo a causa de un fallido negocio especulativo por parte de un hermano coadjutor; y en Francia debido a la apostas\u00eda p\u00fablica de un sacerdote al calvinismo; pero el martirio de hombres como Jogues, Jean de Br\u00e9beuf, Cuthbert Prescott, Neville y otros en Canad\u00e1 e Inglaterra, asegur\u00f3 que la antigua devoci\u00f3n de la Compa\u00f1\u00eda no se relajase. La famosa Confraternidad de la Bona Mors, tan conocida hoy en la Iglesia, fue instituida a instancias del Padre Caraffa.\n<\/p>\n<p style=\"text-align: justify;\">\n<b>Bibliograf\u00eda:<\/b>  Daurignac, Historia de la Compa\u00f1\u00eda de Jes\u00fas (Cincinnati, 1865), VI B.N., Los Jesuitas:  su Fundaci\u00f3n e Historia (New York, 1879) Feller, Biog. Univ. (Paris, 1819) De Backer, Bibl. de la c. de J. (Li\u00e9ge, 1858).\n<\/p>\n<p style=\"text-align: justify;\"><b>Fuente<\/b>:  Campbell, Thomas. \u00abVincent Caraffa.\u00bb The Catholic Encyclopedia. Vol. 3. New York: Robert Appleton Company, 1908.<br \/>\n<br \/>http:\/\/www.newadvent.org\/cathen\/03329a.htm\n<\/p>\n<p style=\"text-align: justify;\">Traducido por Francisco M. Moreno del Valle.  L H M\n<\/p>\n<\/p>\n<p><b>Fuente: Enciclopedia Cat\u00f3lica<\/b><\/p>\n","protected":false},"excerpt":{"rendered":"<p>S\u00e9ptimo General de la Compa\u00f1\u00eda de Jes\u00fas, naci\u00f3 en N\u00e1poles el 5 de mayo de 1585; muri\u00f3 en Roma el 6 de junio de 1649. Perteneci\u00f3 a la familia de los Condes de Montorio y estaba emparentado con el Papa Pablo IV. Ingres\u00f3 a la Compa\u00f1\u00eda de Jes\u00fas el 4 de octubre de 1604, y &hellip; <a href=\"https:\/\/www.biblia.work\/diccionarios\/vicente-caraffa\/\" class=\"more-link\">Continuar leyendo<span class=\"screen-reader-text\"> \u00abVICENTE CARAFFA\u00bb<\/span><\/a><\/p>\n","protected":false},"author":1,"featured_media":0,"comment_status":"open","ping_status":"open","sticky":false,"template":"","format":"standard","meta":{"footnotes":""},"categories":[4],"tags":[],"class_list":["post-23785","post","type-post","status-publish","format-standard","hentry","category-diccionario"],"_links":{"self":[{"href":"https:\/\/www.biblia.work\/diccionarios\/wp-json\/wp\/v2\/posts\/23785","targetHints":{"allow":["GET"]}}],"collection":[{"href":"https:\/\/www.biblia.work\/diccionarios\/wp-json\/wp\/v2\/posts"}],"about":[{"href":"https:\/\/www.biblia.work\/diccionarios\/wp-json\/wp\/v2\/types\/post"}],"author":[{"embeddable":true,"href":"https:\/\/www.biblia.work\/diccionarios\/wp-json\/wp\/v2\/users\/1"}],"replies":[{"embeddable":true,"href":"https:\/\/www.biblia.work\/diccionarios\/wp-json\/wp\/v2\/comments?post=23785"}],"version-history":[{"count":0,"href":"https:\/\/www.biblia.work\/diccionarios\/wp-json\/wp\/v2\/posts\/23785\/revisions"}],"wp:attachment":[{"href":"https:\/\/www.biblia.work\/diccionarios\/wp-json\/wp\/v2\/media?parent=23785"}],"wp:term":[{"taxonomy":"category","embeddable":true,"href":"https:\/\/www.biblia.work\/diccionarios\/wp-json\/wp\/v2\/categories?post=23785"},{"taxonomy":"post_tag","embeddable":true,"href":"https:\/\/www.biblia.work\/diccionarios\/wp-json\/wp\/v2\/tags?post=23785"}],"curies":[{"name":"wp","href":"https:\/\/api.w.org\/{rel}","templated":true}]}}