{"id":23792,"date":"2016-02-05T16:12:35","date_gmt":"2016-02-05T21:12:35","guid":{"rendered":"http:\/\/www.biblia.work\/diccionarios\/cardenal-carles-gordo\/"},"modified":"2016-02-05T16:12:35","modified_gmt":"2016-02-05T21:12:35","slug":"cardenal-carles-gordo","status":"publish","type":"post","link":"https:\/\/www.biblia.work\/diccionarios\/cardenal-carles-gordo\/","title":{"rendered":"CARDENAL CARLES GORDO"},"content":{"rendered":"<p><p style=\"text-align: justify;\">Fecha de Nacimiento. Naci\u00f3 el 24 de septiembre de 1926, Valencia, Espa\u00f1a.\n<\/p>\n<p style=\"text-align: justify;\">Educaci\u00f3n. Estudi\u00f3 en el Seminario Mayor de Valencia; y en el colegio Colegio Corpus Christi en el mismo lugar, tambi\u00e9n en la Pontificia Universidad de Salamanca, Salamanca. (Licenciatura en derecho can\u00f3nico).\n<\/p>\n<p style=\"text-align: justify;\">Sacerdocio. Ordenado, el 29 de junio de 1951, en Valencia. Continu\u00f3 sus estudios, 1951-1953.\n<\/p>\n<p style=\"text-align: justify;\">\nConsecutivamente, 1953-1969, trabaj\u00f3 pastoralmente en archidi\u00f3cesis de Valencia; consejro de la Juventud Obrera Cat\u00f3lica; director del convictorio de di\u00e1conos; delgado episcopal para el clero; y consejero diocesano de la pastoral para la familia.\n<\/p>\n<p style=\"text-align: justify;\">Episcopado. Elegido obispo de Tortosa, el 6 de junio de 1969. Consagrado, el 3 de agosto de 1969, en Tortosa, por Luigi Dadaglio, el arzobispo titular de Lero, nuncio en Espa\u00f1a. Promovido a la sede metropolitana de Barcelona, el 23 de marzo de 1990. Asisti\u00f3 a la VIII Asamblea Ordinaria del S\u00ednodo de los Obispos, en Ciudad del Vaticano, del 30 de septiembre al 28 de octubre de 1990.\n<\/p>\n<p style=\"text-align: justify;\">Cardenalato. Creado cardenal presb\u00edtero, el 26 de noviembre de 1994; recibi\u00f3 la birreta roja y t\u00edtulo de S. Maria Consolatrice al Tiburtino, el 26 de noviembre de 1994. Nombrado miembro del Consejo de Cardenales para el Estudio de los Problemas Organizativos y Econ\u00f3micos de la Santa Sede, el 6 de noviembre de 1995.\n<\/p>\n<\/p>\n<p><b>Fuente: Enciclopedia Cat\u00f3lica<\/b><\/p>\n","protected":false},"excerpt":{"rendered":"<p>Fecha de Nacimiento. Naci\u00f3 el 24 de septiembre de 1926, Valencia, Espa\u00f1a. Educaci\u00f3n. Estudi\u00f3 en el Seminario Mayor de Valencia; y en el colegio Colegio Corpus Christi en el mismo lugar, tambi\u00e9n en la Pontificia Universidad de Salamanca, Salamanca. (Licenciatura en derecho can\u00f3nico). Sacerdocio. Ordenado, el 29 de junio de 1951, en Valencia. Continu\u00f3 sus &hellip; <a href=\"https:\/\/www.biblia.work\/diccionarios\/cardenal-carles-gordo\/\" class=\"more-link\">Continuar leyendo<span class=\"screen-reader-text\"> \u00abCARDENAL CARLES GORDO\u00bb<\/span><\/a><\/p>\n","protected":false},"author":1,"featured_media":0,"comment_status":"open","ping_status":"open","sticky":false,"template":"","format":"standard","meta":{"footnotes":""},"categories":[4],"tags":[],"class_list":["post-23792","post","type-post","status-publish","format-standard","hentry","category-diccionario"],"_links":{"self":[{"href":"https:\/\/www.biblia.work\/diccionarios\/wp-json\/wp\/v2\/posts\/23792","targetHints":{"allow":["GET"]}}],"collection":[{"href":"https:\/\/www.biblia.work\/diccionarios\/wp-json\/wp\/v2\/posts"}],"about":[{"href":"https:\/\/www.biblia.work\/diccionarios\/wp-json\/wp\/v2\/types\/post"}],"author":[{"embeddable":true,"href":"https:\/\/www.biblia.work\/diccionarios\/wp-json\/wp\/v2\/users\/1"}],"replies":[{"embeddable":true,"href":"https:\/\/www.biblia.work\/diccionarios\/wp-json\/wp\/v2\/comments?post=23792"}],"version-history":[{"count":0,"href":"https:\/\/www.biblia.work\/diccionarios\/wp-json\/wp\/v2\/posts\/23792\/revisions"}],"wp:attachment":[{"href":"https:\/\/www.biblia.work\/diccionarios\/wp-json\/wp\/v2\/media?parent=23792"}],"wp:term":[{"taxonomy":"category","embeddable":true,"href":"https:\/\/www.biblia.work\/diccionarios\/wp-json\/wp\/v2\/categories?post=23792"},{"taxonomy":"post_tag","embeddable":true,"href":"https:\/\/www.biblia.work\/diccionarios\/wp-json\/wp\/v2\/tags?post=23792"}],"curies":[{"name":"wp","href":"https:\/\/api.w.org\/{rel}","templated":true}]}}