{"id":23795,"date":"2016-02-05T16:12:41","date_gmt":"2016-02-05T21:12:41","guid":{"rendered":"http:\/\/www.biblia.work\/diccionarios\/emperador-carlos-v\/"},"modified":"2016-02-05T16:12:41","modified_gmt":"2016-02-05T21:12:41","slug":"emperador-carlos-v","status":"publish","type":"post","link":"https:\/\/www.biblia.work\/diccionarios\/emperador-carlos-v\/","title":{"rendered":"EMPERADOR CARLOS V"},"content":{"rendered":"<p>\n                                      (Carlos I, Rey de Espa\u00f1a) <\/p>\n<p style=\"text-align: justify;\">Naci\u00f3 en Gante en 1500; muri\u00f3 en Yuste, Espa\u00f1a en 1558; fue descendiente de la casa de los Habsburgo, y a esta descendencia debi\u00f3 su soberan\u00eda sobre tantos territorios que se dec\u00eda de \u00e9l que el sol nunca se pon\u00eda en sus dominios. Carlos fue el hijo de Felipe, duque de Borgo\u00f1a, y de Juana, hija de Fernando e Isabel, y Borgo\u00f1a fue la primera herencia que recibi\u00f3, a la muerte de su padre en 1506. Como era menor de edad en esa \u00e9poca, su t\u00eda, Margarita de Austria, tom\u00f3 la regencia por \u00e9l. Guillermo de Chi\u00e8vres, el principal consejero de su padre, tuvo a cargo la casa del pr\u00edncipe; Adri\u00e1n de Utrecht, (futuro Papa Adri\u00e1n VI), el humanista y profesor de teolog\u00eda de la  Universidad de Lovaina, quien se encarg\u00f3 de su educaci\u00f3n, parece haber ejercido una profunda y duradera influencia en las opiniones y convicciones de su pupilo.\n<\/p>\n<p style=\"text-align: justify;\">Como muchos pr\u00edncipes de su casa, el ni\u00f1o se desarroll\u00f3 lentamente, sin mostrar signos de una voluntad fuerte.  En enero de 1515, fue declarado mayor de edad, a trav\u00e9s de la influencia de Chi\u00e8vres, quien buscaba destruir el poder por el cual Margarita estaba forzando a la nobleza borgo\u00f1esa hacia una pol\u00edtica demasiado din\u00e1stica indiferente a las necesidades de paz del pa\u00eds. La paz de la naci\u00f3n demandaba una alianza con Francia, incluso a pesar de que Francia pod\u00eda ganar una influencia considerable en los asuntos internos de Borgo\u00f1a. Carlos enseguida accedi\u00f3 a los deseos de la nobleza (Tratados de Par\u00eds, 24 de marzo de 1515, y Noyon, el 13 de agosto de 1516).  A la muerte de Fernando de Arag\u00f3n en enero de 1516, Carlos fue nombrado como su sucesor; pero como la duquesa Juana segu\u00eda con vida, y Fernando, el hermano de Carlos, educado en Espa\u00f1a, era muy popular en el pa\u00eds, la realizaci\u00f3n de este acuerdo se mantuvo en duda.  Por su propia voluntad, Carlos inmediatamente asumi\u00f3 el t\u00edtulo de rey de Castilla, y anunci\u00f3 su intenci\u00f3n de viajar a Espa\u00f1a tan pronto como fuera posible. No fue hasta el oto\u00f1o de 1517 que pudo realizar este prop\u00f3sito, y una vez que la oposici\u00f3n espa\u00f1ola ya hab\u00eda sido silenciada. Pero el poder qued\u00f3 en manos de Chi\u00e8vres, y los borgo\u00f1eses provocaron la rebeli\u00f3n en Castilla conocida como la Guerra de las Comunidades, el cual fue un movimiento de las ciudades. En Castilla el descontento de las clases regentes se uni\u00f3 al de los artesanos y obreros, en Valencia el movimiento fue exclusivamente de los obreros y el proletariado. La rebeli\u00f3n fracas\u00f3 debido a que las ciudades comerciales del sur de Castilla no tomaron parte, y debido a que Carlos, actuando de acuerdo a su propio juicio, instal\u00f3 a espa\u00f1oles, en lugar de extranjeros, en los puestos de autoridad.\n<\/p>\n<p style=\"text-align: justify;\">En 1520 Carlos dej\u00f3 Espa\u00f1a para tomar posesi\u00f3n del Imperio Germano para el cual hab\u00eda sido electo. El rey de Francia, Francisco I, hab\u00eda sido su rival para el cargo; Le\u00f3n X pens\u00f3 que sus intereses en Italia estaban amenazados con la elecci\u00f3n de Carlos. El reino de Navarra era ya materia de enfrentamiento entre Francia y Espa\u00f1a, mientras Francia y los Pa\u00edses Bajos se disputaban el ducado de Borgo\u00f1a, as\u00ed como Tournai, Flandes, Artois y otros territorios menores. La guerra no hab\u00eda estallado por estos motivos, y nada indicaba que Carlos podr\u00eda ser un pr\u00edncipe belicoso; pero \u00e9l hab\u00eda roto la alianza que Chi\u00e8vres hizo con Francia.. La Santa Sede se opon\u00eda a la elecci\u00f3n de Carlos mucho m\u00e1s vigorosamente que Francia. Como rey de Arag\u00f3n, Carlos era heredero del reino de N\u00e1poles, un feudo papal, cuya investidura todav\u00eda no se hab\u00eda efectuado, pero \u00e9sta no pod\u00eda impedirse. Si \u00e9l tambi\u00e9n ser\u00eda el emperador, y as\u00ed obtendr\u00eda tambi\u00e9n el t\u00edtulo de Mil\u00e1n, resultar\u00eda una condici\u00f3n pol\u00edtica contra los Papas los cuales, desde Inocencio III, hab\u00edan luchado constantemente por mantener la uni\u00f3n de Mil\u00e1n y N\u00e1poles bajo una sola mano.\n<\/p>\n<p style=\"text-align: justify;\">A pesar de la oposici\u00f3n de Roma y Francia, Carlos fue elegido (28 de junio de 1519), y en todas partes recibi\u00f3 el t\u00edtulo de \u00abEmperador Electo\u00bb. Le\u00f3n X no puso dificultades en el camino de Carlos a N\u00e1poles; hab\u00edan sido colocados los cimientos para su imperio universal. No hab\u00eda alcanzado los veinte a\u00f1os de edad en la \u00e9poca de su elecci\u00f3n, y ya mostraba una marcada precocidad en su desarrollo. Durante una estad\u00eda de varios meses en los Pa\u00edses Bajos, despu\u00e9s de su regreso de Espa\u00f1a, y a su llegada a Alemania, fue evidente que hab\u00eda tomado las riendas del gobierno en sus propias manos. Su consejero principal, Chi\u00e8vres, muri\u00f3 en mayo de 1521, y de all\u00ed en adelante Carlos fue pr\u00e1cticamente libre en todas sus decisiones.\n<\/p>\n<p style=\"text-align: justify;\">Su primer servicio importante al imperio fue adoptar el exitoso tema de la Dieta de Worms, exhibiendo su total independencia y madurez intelectual. El movimiento luterano se hab\u00eda extendido tan ampliamente sobre Alemania, que Aleander, el representante papal en la corte imperial, incansablemente ped\u00eda su supresi\u00f3n. Carlos ya le hab\u00eda dicho, en los Pa\u00edses Bajos, que el asunto parec\u00eda estar resuelto con la Bula papal del 15 de junio de 1520. Pero en Alemania se convenci\u00f3 de que la oposici\u00f3n a la Curia Romana estaba generalizada y que esa oposici\u00f3n ayudaba al monje (Lutero), incluso entre aquellos que no segu\u00edan las doctrinas her\u00e9ticas. Todav\u00eda, como dijo a Aleander, Carlos no consideraba correcto mezclar sus asuntos con los del Papa. \u00c9l prometi\u00f3 a los estados constituyentes del imperio una audiencia para el monje ante la dieta imperial y a cambio recibi\u00f3 su promesa de que si Mart\u00edn Lutero persist\u00eda en su herej\u00eda ellos lo abandonar\u00edan. As\u00ed gan\u00f3 tiempo para volcar su atenci\u00f3n a la pol\u00edtica secular.  \u00c9l trataba de conseguir una conclusi\u00f3n exitosa a los esfuerzos que se hab\u00eda hecho por una generaci\u00f3n para dar al imperio una mejor constituci\u00f3n, e incrementar sus fuerzas financieras y militares.  Se lleg\u00f3 a un acuerdo sobre c\u00f3mo los estados participar\u00edan en su gobierno, de acuerdo a un esquema llamado el Reichsregiment&#8212;c\u00f3mo se sufragar\u00edan los gastos imperiales de la c\u00e1mara imperial, etc. y c\u00f3mo los estados proveer\u00edan al emperador ayuda militar en tiempos de guerra.  En abril de 1521, Lutero se present\u00f3 ante la dieta, pero no se retract\u00f3. Al d\u00eda siguiente Carlos en persona apareci\u00f3 contra \u00e9l frente a los estados, y expres\u00f3 sus propios puntos de vista con un \u00e9nfasis no esperado de un joven tan taciturno.  El 8 de mayo prepar\u00f3 el interdicto contra Lutero, pero no fue publicado hasta el d\u00eda 26.  De acuerdo a la promesa hecha por los estados en febrero, habl\u00f3 a nombre de todos ellos.\n<\/p>\n<p style=\"text-align: justify;\">Si Carlos hubiese tenido la oportunidad, \u00e9l se hubiese dedicado por alg\u00fan tiempo a las urgentes necesidades internas de su pa\u00eds. La constituci\u00f3n especialmente necesitaba mejoramientos; las finanzas estaban muy desordenadas, y la deuda tan alta, que el monarca se ve\u00eda obstaculizado en todo lo que hac\u00eda, y pod\u00eda proveer para los intereses extranjeros del imperio s\u00f3lo con una administraci\u00f3n muy cuidadosa. Debido al desarrollo primitivo de los medios de comunicaci\u00f3n, no pod\u00eda mantener control sobre todo el imperio, por lo que decidi\u00f3 dividirlo en distritos. Ya convencido de que deb\u00eda hacer de Espa\u00f1a el centro de sus dominios y el soporte principal de su pol\u00edtica, por tal raz\u00f3n determin\u00f3 hacerse cargo de ella personalmente, y se traslad\u00f3 hasta all\u00e1 en el verano de 1522. Una vez en Espa\u00f1a, alejado de Alemania y sus estados hereditarios de Hasburgo, fue su primer prop\u00f3sito hacerlos casi completamente independientes de \u00e9l, a pesar de que estaba m\u00e1s insatisfecho con las condiciones all\u00ed que las de cualquier otra parte de su imperio. Reservando para s\u00ed mismo s\u00f3lo las pol\u00edticas generales del imperio como un todo, entreg\u00f3 sus posesiones en Austria a su hermano Fernando en 1522, haci\u00e9ndolo, al mismo tiempo, su representante en la cabeza del gobierno imperial. El Reichsregiment hab\u00eda sido abolido en 1525, \u00e9l hab\u00eda elegido a Fernando como rey de Roma en la siguiente ocasi\u00f3n (1530).  Mantuvo mano firme sobre el gobierno de los Paises Bajos, pero estableci\u00f3 una regencia permanente para ellos tambi\u00e9n (1522), seleccionando para esa funci\u00f3n a dos capaces y leales mujeres: primero (hasta 1530), la fiel Margarita, y despu\u00e9s a su hermana Mar\u00eda de Hungr\u00eda, quien mantuvo la regencia hasta que el mismo Carlos abdic\u00f3. N\u00e1poles hab\u00eda sido gobernada por virreyes desde los tiempos de su abuelo, y \u00e9l continu\u00f3 esta pol\u00edtica.\n<\/p>\n<p style=\"text-align: justify;\">Mientras Carlos estaba completando esas disposiciones, se vio envuelto en una gran guerra.  El 8 de mayo de 1521, fecha del edicto contra Lutero, representantes del Papa y el emperador firmaron una alianza ofensiva contra Francia. Carlos hab\u00eda deseado s\u00f3lo una alianza defensiva, pero Le\u00f3n X, por largo tiempo un aliado de Francisco I, se inclinaba ahora a una guerra contra \u00e9l, debido a que Francisco hab\u00eda impedido la extensi\u00f3n del territorio papal que Le\u00f3n deseaba. La guerra seguramente se habr\u00eda iniciado entre Francisco y Carlos con motivo de Navarra y Borgo\u00f1a, incluso si Le\u00f3n no hubiese apresurado el conflicto; aunque probablemente no habr\u00eda alcanzado tales dimensiones ni habr\u00eda durado tanto como efectivamente lo hizo; pues Francisco I era un pr\u00edncipe voluble e irritable, no un hombre de voluntad fuerte, y se preocupaba m\u00e1s por el placer que por la guerra. Pero, de hecho, el asunto principal a ser decidido en la lucha resultante (1521-1529) fue la extensi\u00f3n del poder papal en Italia&#8212;el asunto, esto es, si el papado o alguna dinast\u00eda extranjera ser\u00eda el poder pol\u00edtico dominante en la pen\u00ednsula. En el primer a\u00f1o de esta guerra los generales de Carlos obtuvieron s\u00f3lo unas pocas victorias menores en Espa\u00f1a y los Pa\u00edses Bajos. En 1522 arrebataron Mil\u00e1n a los franceses. Para completar su victoria invadieron Francia, en alianza con el Condestable de Borb\u00f3n. Pero el ej\u00e9rcito hab\u00eda sido debilitado por el sitio de Mil\u00e1n, y los franceses tuvieron nuevo \u00e9xito invadiendo Lombard\u00eda.\n<\/p>\n<p style=\"text-align: justify;\">Entretanto Clemente VII, que hab\u00eda sucedido a Le\u00f3n X, luego del breve pontificado de Adri\u00e1n VI, temiendo que Carlos se hiciera demasiado poderoso en Italia, y cuando los franceses regresaron, se prepar\u00f3 a transferir a ellos su amistad. Pero antes de \u00e9l llegar a una decisi\u00f3n, los espa\u00f1oles derrotaron completamente a Francisco en Pav\u00eda (24 de febrero de 1525) y lo tomaron prisionero. Francisco fue trasladado a Espa\u00f1a y, para obtener su libertad, fue forzado a firmar la Paz de Madrid (enero de 1526), cuyos t\u00e9rminos debilitaron grandemente el poder de Francia y daba a Carlos mano libre en Italia. Carlos pensaba que esta paz ser\u00eda duradera. Pero Clemente hac\u00eda todo lo posible por formar una coalici\u00f3n contra Carlos, e inducir a Francisco a recomenzar la guerra. Bajo estas circunstancias Carlos dirigi\u00f3 su ej\u00e9rcito contra Roma. El resultado de esta acci\u00f3n fue el horrible saqueo de Roma por las tropas imperiales en 1527, lo cual no hab\u00eda sido nunca la intenci\u00f3n del emperador, pero que sus generales fueron incapaces de prevenir, puesto que la disciplina hab\u00eda desaparecido ante las constantes privaciones. Despu\u00e9s del saqueo, el ej\u00e9rcito de Carlos se coloc\u00f3 en una peligrosa posici\u00f3n, puesto que los franceses se dirig\u00edan a socorrer a Roma y luego sitiar a N\u00e1poles.  Los imperialistas triunfaron de nuevo debido a su generalato superior.  Los estados italianos m\u00e1s peque\u00f1os, reconociendo la inutilidad de oponerse al poder imperial, hicieron una alianza con Carlos. Clemente tambi\u00e9n concluy\u00f3 un tratado de paz en Barcelona el 29 de junio de 1529; y Francia en Cambrai, el 5 de agosto. La Paz de Cambrai arregl\u00f3 la situaci\u00f3n pol\u00edtica de la Europa Occidental por largo tiempo, especialmente la de Italia.\n<\/p>\n<p style=\"text-align: justify;\">Entretanto Carlos regulaba los asuntos de Espa\u00f1a y los Pa\u00edses Bajos. Esos pa\u00edses se parec\u00edan entre s\u00ed en que ambos hab\u00edan sido originalmente compuestos de muchas partes independientes, gradualmente unificados bajo una soberan\u00eda. En ambos casos, asimismo, los estados previamente independientes se hab\u00edan aferrado obstinadamente a sus antiguos intereses, leyes y costumbres, y fueron adem\u00e1s poderosos contra la corona.  Mediante la centralizaci\u00f3n de la administraci\u00f3n general, y la asimilaci\u00f3n de las leyes y los procedimientos legales, Carlos busc\u00f3 contrarrestar la fuerza de esas tendencias nacionalistas.  A estos fines, \u00e9l percib\u00eda, que el Rey, o (en los Pa\u00edses Bajos) el Regente, deb\u00eda ser el centro de actividad. En la reorganizaci\u00f3n de los gobiernos centrales en Espa\u00f1a (1523) y los Pa\u00edses Bajos (1531), su objetivo principal fue subordinarlos completamente al poder real, y emplear en ello a hombres preparados que podr\u00edan ser considerados como fieles servidores del rey.  Adem\u00e1s, en los Pa\u00edses Bajos efectu\u00f3 la dependencia de los oficiales judiciales y fiscales de la administraci\u00f3n central. A trav\u00e9s de estas agencias nuevas y eficientes cre\u00f3 un excelente sistema polic\u00edaco, as\u00ed como un cuerpo de leyes que promov\u00eda la vida social e industrial del pueblo, adem\u00e1s de promover la agricultura como ning\u00fan otro pr\u00edncipe lo hab\u00eda hecho. Su legislaci\u00f3n comercial fue restrictiva s\u00f3lo cuando los excesos capitalistas o el crecimiento del proletariado demandaban restricciones, lo cual es ilustrado por el edicto de 1531 para los Pa\u00edses Bajos (promulgado en 1540) y la organizaci\u00f3n del estado para proteger. La creaci\u00f3n de esas autoridades y ese sistema legal al mismo tiempo tuvo el efecto de limitar el poder de las Cortes y los Estados Generales, ambos de cuyos cuerpos luego retuvieron s\u00f3lo el derecho de tributaci\u00f3n, en el ejercicio de los cuales, asimismo, Carlos tuvo \u00e9xito en acostumbrarlos a presupuestos regulares anuales, explic\u00e1ndoles su propia pol\u00edtica y aclar\u00e1ndoles las necesidades del pa\u00eds, y as\u00ed mostrarles por qu\u00e9 ellos pod\u00edan contribuir con ingresos.\n<\/p>\n<p style=\"text-align: justify;\">Con los individuos Carlos trat\u00f3 m\u00e1s efectivamente&#8212;en Espa\u00f1a principalmente con la burgues\u00eda, en los Pa\u00edses Bajos con la alta nobleza, de la cual gan\u00f3 su apoyo al concederles los m\u00e1s importantes cargos y manteni\u00e9ndoles la esperanza de lograr el Vellocino de Oro; al primero esperaba gan\u00e1rselo cedi\u00e9ndoles el control de los impuestos, que podr\u00edan regular uniformemente, y por lo tanto menos opresivamente. \u00c9l controlaba al clero transfiri\u00e9ndoles el derecho casi general a disponer de los beneficios, que hab\u00edan sido otorgados por los Papas a sus predecesores o a \u00e9l mismo. Procur\u00f3 especialmente de promover los elementos industriales progresivos de la clase media. A comienzos de siglo la antigua industria del pa\u00f1o en Flandes hab\u00eda sido amenazada seriamente por la competencia inglesa; bajo Carlos las industrias de los Pa\u00edses Bajos fueron efectivamente protegidas con un cambio total en el sistema que puede considerarse como el primer escal\u00f3n hacia la industria capitalista. Amberes (en B\u00e9lgica) se convirti\u00f3 en el gran centro mundial del comercio y las finanzas.  La industria del pa\u00f1o fue fortalecida por la introducci\u00f3n de m\u00e9todos industriales, con la industria del lino completamente desarrollada. Mientras avanzaba este progreso, Carlos lo us\u00f3 para entregar influencias pol\u00edticas en las ciudades de los Pa\u00edses Bajos a las clases progresistas que eran leales a \u00e9l.\n<\/p>\n<p style=\"text-align: justify;\">A juzgar por sus resultados, la pol\u00edtica econ\u00f3mica de Carlos fue exitosa en los Pa\u00edses Bajos, pero esto suced\u00eda s\u00f3lo tibiamente en Espa\u00f1a, donde el progreso industrial, aunque mucho mayor durante este reinado que en los anteriores, fue generalmente lento y nunca tan marcado como para producir grandes cambios pol\u00edticos.  En Espa\u00f1a la oposici\u00f3n a las pol\u00edticas Carlos se hall\u00f3 en las Cortes y en los gobiernos de las ciudades, pero todav\u00eda m\u00e1s entre la nobleza inferior, la Hidalgueria, que se resist\u00eda a los progresos en la agricultura tanto como a la pol\u00edtica exterior del emperador. Muchos de los castellanos continuaron siendo bajo la regencia de Carlos la misma gente frugal, satisfecha y r\u00fastica que antes, en marcado contraste con la gente de los Pa\u00edses Bajos. Aun as\u00ed con el mejoramiento industrial y el entrenamiento pol\u00edtico, Carlos fue capaz de hacer de Espa\u00f1a el instrumento por el cual su hijo Felipe, en la \u00e9poca de la Contra-reforma, trajo ayuda efectiva a los cat\u00f3licos de Europa, y bajo las desfavorables circunstancias este resultado es tan extraordinario como la prosperidad que obtuvieron los Pa\u00edses Bajos bajo su reinado.\n<\/p>\n<p style=\"text-align: justify;\">No menos notable fueron sus servicios al gran imperio que r\u00e1pidamente se desarrollaba en Am\u00e9rica. Puesto que en el per\u00edodo temprano de colonizaci\u00f3n las consideraciones econ\u00f3micas eran las m\u00e1s importantes, la administraci\u00f3n de los asuntos americanos fue confiada a una oficina de comercio (Casa de Contrataci\u00f3n) en Sevilla; pero al mismo tiempo estableci\u00f3 en Espa\u00f1a un \u00abConsejo de Indias\u00bb pol\u00edtico especial. En las colonias organiz\u00f3 gradualmente dos virreinatos y veintinueve gobiernos, cuatro arzobispados, y veinticuatro obispados. Ya hab\u00edan surgido los grandes problemas que todav\u00eda perturban las pol\u00edticas coloniales:  la pregunta de hasta d\u00f3nde la madre patria pod\u00eda monopolizar los productos de las colonias; el asunto de la colonizaci\u00f3n; el asunto del trato a los nativos, doblemente dif\u00edcil porque por un lado su trabajo era indispensable y por otro era el menos dispuesto; la pregunta de c\u00f3mo el cristianismo y la civilizaci\u00f3n pod\u00edan establecerse; finalmente la pregunta de c\u00f3mo la ciencia pod\u00eda ser sistem\u00e1ticamente promovida por los gobiernos que se abr\u00edan paso en esos nuevos pa\u00edses. Debido a la gran distancia que separaba a Espa\u00f1a de sus colonias, los insatisfactorios medios de comunicaci\u00f3n y su falta de fondos, Carlos fue incapaz de trasladar los principios instaurados bajo su gobierno. Pero \u00e9l hizo el primero, y tal vez el \u00fanico, intento a gran escala de tratar con las pol\u00edticas coloniales, en efectos pr\u00e1cticos, desde el doble punto de vista de los intereses econ\u00f3micos y pol\u00edticos y con la realizaci\u00f3n de un deber promover la civilizaci\u00f3n cristiana.\n<\/p>\n<p style=\"text-align: justify;\">Cuando Carlos recibi\u00f3 noticias de la Paz de Cambrai, determin\u00f3 trasladarse a Italia y solucionar los asuntos italianos con una entrevista personal con el Papa. Esta dif\u00edcil cuesti\u00f3n, que lo mantuvo ocupado por casi una d\u00e9cada, fue, como \u00e9l pensaba, resuelto definitivamente. En Bolonia discuti\u00f3 con el Papa principalmente dos asuntos que afectaban a toda la cristiandad: los turcos y los luteranos. En 1521 los turcos hab\u00edan tomado posesi\u00f3n de Belgrado, la llave a Hungr\u00eda; en 1522 , de Rodas, el basti\u00f3n que hasta entonces era una barrera en su camino al oeste del Mar Egeo. Al siguiente a\u00f1o el osado pirata, Chaireddin Barbarroja, un aliado del sult\u00e1n, se instal\u00f3 a la cabeza de los piratas norteafricanos que estaban constantemente asolando las costas de Italia y Espa\u00f1a, logrando un formidable poder entre los peque\u00f1os estados musulmanes de las costas del Norte de \u00c1frica. En tierra los turcos hab\u00edan derrotado a los h\u00fangaros en Moh\u00e1cs, y tomaron posesi\u00f3n de casi todo el reino. Esto abri\u00f3 su camino hacia Viena, a la que entraron en 1529. Igualmente amenazante era el peligro que amenazaba al cristianismo desde adentro. El luteranismo hab\u00eda avanzado audazmente mientras el edicto contra Lutero permanec\u00eda sin cumplirse, y hab\u00eda sido muy estimulado por los movimientos sociales revolucionarios en Alemania desde 1522 hasta 1525. Desde 1526 los [[Protestantismo|protestantes hab\u00edan organizado una iglesia estatal independiente en varias provincias con el apoyo de sus soberanos, y en 1529 esos soberanos declararon en la Dieta de Espira que no permitir\u00edan ataques a esas organizaciones, ni tolerar\u00edan ning\u00fan culto cat\u00f3lico en sus estados.\n<\/p>\n<p style=\"text-align: justify;\">Tan temprano como en 1526 Carlos estuvo al tanto de estos dos crecientes peligros. \u00c9l consideraba que con la Paz de Madrid tendr\u00eda libertad para llevar adelante una guerra contra los turcos, as\u00ed como asumir la regulaci\u00f3n de los asuntos religiosos en Alemania. Pero el estallido de la guerra en Italia no le permiti\u00f3 prestar atenci\u00f3n a estas tareas hasta 1529. El 24 de febrero de 1530, recibi\u00f3 la corona imperial de Clemente VII en Bolonia. El 1 de febrero hab\u00eda logrado la paz general con el Papa y la mayor\u00eda de los estados cristianos. El retiro de los turcos de Viena permiti\u00f3 a Carlos, antes de comenzar la guerra contra ellos, hacer un esfuerzo por la unidad religiosa en Alemania. En el verano se hizo presente en la Dieta de Augsburgo, acompa\u00f1ado por un legado papal para escuchar a los protestantes. Los seguidores del nuevo credo estaban dispuestos a acercarse a \u00e9l en \u00e1nimo de sumisi\u00f3n, aunque en suelo alem\u00e1n Carlos no pose\u00eda todos los poderes que le atribu\u00edan. Hab\u00eda disuelto sus tropas, y los recursos puramente pol\u00edticos en su poder no eran muy grandes. Tomando el Ducado de Wurtemburg, podr\u00eda entonces ejercer presi\u00f3n sobre varios principados vecinos, pero su t\u00edtulo sobre tal ducado no estaba claro.\n<\/p>\n<p style=\"text-align: justify;\">Al estar convencido de que tanto cat\u00f3licos como luteranos estaban irritados con Roma, Carlos inform\u00f3 al Papa que s\u00f3lo la inmediata convocatoria a un concilio general pod\u00eda traer la paz. Siempre hab\u00eda deseado esto; de aqu\u00ed en adelante se convirti\u00f3 en uno de sus principales objetivos, el cual nunca perdi\u00f3 de vista. En Home lo solicit\u00f3 con toda sus energ\u00edas, usando cada esfuerzo para eliminar los obst\u00e1culos pol\u00edticos. Al mismo tiempo estaba prepar\u00e1ndose para enfrentar el pr\u00f3ximo ataque de los turcos. \u00c9ste lleg\u00f3 en 1532, por tierra. Carlos tuvo \u00e9xito en repelerlos, y en recobrar una gran porci\u00f3n de Hungr\u00eda, pero sin infligir una derrota decisiva a los turcos. Traslad\u00f3 la guerra al mar Mediterr\u00e1neo. En 1530, y por consejo del Papa, entreg\u00f3 a los Caballeros Hospitalarios los defensores de Rodas, la isla de Malta, como barrera de contenci\u00f3n a la llegada de la flota turca al Mar Toscano.  En 1531 y 1532 Andrea Doria hab\u00eda perseguido a los turcos en sus propias aguas, pero la flota turca evit\u00f3 el combate. Para tratar de evitar la llegada de Doria, el sult\u00e1n entreg\u00f3 el principal comando de su flota a Chairaddin, haciendo de la causa de los piratas la suya propia. Entonces Carlos decidi\u00f3 limpiar el mar Mediterr\u00e1neo de la pirater\u00eda. En 1555 personalmente tom\u00f3 parte en la campa\u00f1a contra T\u00fanez bajo el liderato de Doria. Tuvo la mayor parte en la victoria, y urgi\u00f3 a un inmediato avance sobre Algeria para completar su \u00e9xito. Sus comandantes, sin embargo, se opusieron a este plan, porque la estaci\u00f3n del a\u00f1o estaba demasiado avanzada. Esta campa\u00f1a estableci\u00f3 la reputaci\u00f3n de Carlos por toda Europa.\n<\/p>\n<p style=\"text-align: justify;\">Mientras Carlos inflig\u00eda el m\u00e1s serio golpe contra el Islam en el Mediterr\u00e1neo, Pablo III, el sucesor de Clemente VII, hab\u00eda convocado un concilio general. Pero nuevas dificultades impidieron tanto la realizaci\u00f3n del concilio como la continuaci\u00f3n de la guerra contra los turcos. Cuando Carlos regres\u00f3 a casa desde \u00c1frica fue evidente que tendr\u00eda que reiniciar la guerra contra Francia. Francisco I se opuso a la realizaci\u00f3n del concilio y, adem\u00e1s, entr\u00f3 en relaciones tanto con los turcos como con la Liga de Esmalcalda de los pr\u00edncipes protestantes alemanes alineados contra Carlos justo despu\u00e9s de la Dieta de Ausburgo, mientras, tras la muerte del \u00faltimo duque Sforza de Mil\u00e1n, renov\u00f3 sus reclamaciones por ese feudo. Carlos, ansioso por llevar adelante la guerra contra los turcos, as\u00ed como por restaurar la unidad de la cristiandad, estaba listo para sacrificar parte de sus estrictos derechos sobre Mil\u00e1n y Borgo\u00f1a, y a considerar el tema del balance de poder entre su casa y la de los Valois. Finalmente se propusieron alianzas familiares con miras a ese fin.  No obstante, una guerra que Francia comenz\u00f3 result\u00f3 infructuosa, y en 1539 los rivales se encontraron en Niza, y la paz parec\u00eda probable.  Al visitar los Pa\u00edses Bajos y Alemania, Carlos pronto encontr\u00f3 que le esperaban nuevos problemas, muchos de ellos fomentados por Francia. En 1538 la l\u00ednea de los Condes de Guelders hab\u00eda comenzado a extinguirse; pero el \u00faltimo en la l\u00ednea estipul\u00f3 que, despu\u00e9s de su muerte, el condado deb\u00eda pasar a los duques de Cleves-Julich, el principado temporal m\u00e1s poderoso en el Bajo Rhin. Guelders, consecuentemente, se resisti\u00f3 a la anexi\u00f3n por Borgo\u00f1a, y Carlos no quiso consentir en su anexi\u00f3n al ducado de Cleves-Julich, que era favorecido por Francisco I y la Liga de Esmalcalda.  Adem\u00e1s, Enrique VIII de Inglaterra, quien se hab\u00eda casado con Ana, hija del duque de Cleves, amenazaba asociarse a esta coalici\u00f3n.\n<\/p>\n<p style=\"text-align: justify;\">Mientras tanto, los turcos estaban nuevamente activos en Hungr\u00eda, y hab\u00edan comenzado los preparativos para unir las flotas turca y francesa en el Mediterr\u00e1neo. Francisco buscaba la ayuda de los daneses y escandinavos. Carlos pens\u00f3 que era mejor evitar las hostilidades hasta que pudiera romper la tan formidable coalici\u00f3n de sus enemigos. Tuvo \u00e9xito en separar a Enrique de Inglaterra de la alianza, y durante la Dieta y conferencia religiosa de Ratisbona, en 1541, donde estuvo personalmente, atrajo a su causa a Felipe de Hesse, el motor principal de la Liga de Esmalcalda.  Se volvi\u00f3 entonces sobre los turcos. Planeaba que el ej\u00e9rcito imperial podr\u00eda operar en Hungr\u00eda mientras \u00e9l atacaba Algeria, pero ambos planes fallaron. El a\u00f1o 1542 fue desafortunado para \u00e9l, los franceses ingresaron a los Pa\u00edses Bajos, y la Liga de Esmalcalda, con Hesse, atac\u00f3 a Enrique de Brunswick, el \u00fanico aliado de Carlos en el norte de Alemania, y ocuparon sus territorios. El patriotismo de los Pa\u00edses Bajos mantuvo a los franceses en jaque. Carlos regres\u00f3 desde Espa\u00f1a y, en 1543, atac\u00f3 Cleves. Unos pocos d\u00edas fueron suficientes para hacer a Guelders parte de Borgo\u00f1a, que as\u00ed estaba protegida al lado de Alemania, aunque se manten\u00eda expuesta en su frontera francesa. Para remediar esta debilidad Carlos estableci\u00f3 una l\u00ednea de fortalezas que por siglos contuvieron la ruta contra una invasi\u00f3n francesa. En 1544 invadi\u00f3 Francia. Las fuerzas de Francisco estaban extenuadas, y, como Carlos tambi\u00e9n estaba cansado de la guerra, se concluy\u00f3 un tratado de paz en Crespy (17 de septiembre de 1544).\n<\/p>\n<p style=\"text-align: justify;\">Carlos deb\u00eda ahora considerar si permitir\u00eda libertad de acci\u00f3n a los pr\u00edncipes protestantes de Alemania, a quienes, bajo la presi\u00f3n de la guerra, hab\u00eda hecho concesiones, especialmente en la Dieta de Espira en 1544. Hasta este momento hab\u00eda permitido que los asuntos tomaran su propio curso en Alemania, y su hermano Fernando no hab\u00eda podido ejercer presi\u00f3n eficaz. El poder de los pr\u00edncipes feudales, en constante crecimiento desde 1521, ahora estaba asentado en s\u00f3lidas bases. En ausencia del emperador ellos hab\u00edan, por iniciativa propia, encontrado m\u00e9todos para suprimir variados disturbios que de otra manera habr\u00edan sumido a Alemania en los horrores de la guerra civil&#8212;primero la Liga de los Caballeros, luego la Guerra de los Campesinos, luego los des\u00f3rdenes del turbulento clero que hab\u00eda abrazado el luteranismo y guiado a las masas a la perdici\u00f3n, y \u00faltimamente la rebeli\u00f3n de los anabaptistas. Apoyando a Mart\u00edn Lutero contra Carlos, los pr\u00edncipes se aseguraban los medios de mantener el poder que hab\u00edan adquirido por su resistencia al emperador. Carlos percibi\u00f3 la gravedad de tal situaci\u00f3n al menos lo suficiente para llevarlo a decidirse por una guerra contra los pr\u00edncipes. Para privarlos de su palanca religiosa, esper\u00f3 el inicio del Concilio de Trento (1545).\n<\/p>\n<p style=\"text-align: justify;\">En el verano de 1546 abri\u00f3 las hostilidades. Comenz\u00f3 conquistando el sur de Alemania, luego presion\u00f3 contra Sajonia, y derrot\u00f3 y captur\u00f3 al Elector en Muhlberg el 24 de abril de 1547.  Poco despu\u00e9s tom\u00f3 prisionero a Felipe de Hesse. (Los cargos de traici\u00f3n radicados contra Carlos debido a esto no tienen sustento). Carlos ahora cre\u00eda que los pr\u00edncipes ser\u00edan lo suficientemente humildes como para permitirle reorganizar el imperio con su ayuda en la Dieta de Augsburgo, tal como previamente hab\u00eda reorganizado Espa\u00f1a y los Pa\u00edses Bajos. La soluci\u00f3n de las dificultades religiosas deb\u00eda ser la base de esta reconstrucci\u00f3n. Insisti\u00f3 en que el concilio tomar\u00eda la decisi\u00f3n final en materias de doctrina, pero hasta que esta decisi\u00f3n fuera pronunciada deseaba la paz y estaba presto a hacer ciertas concesiones a los protestantes (el Interim). Su sentido de justicia, sin embargo, exceptu\u00f3 de esas concesiones tanto la retenci\u00f3n de la propiedad eclesi\u00e1stica de la que se hab\u00edan apoderado los reformistas como la abolici\u00f3n temporal de la autoridad episcopal en los distritos reformados. A consecuencia de esta resoluci\u00f3n el Interim perdi\u00f3 toda su atracci\u00f3n para los pr\u00edncipes evang\u00e9licos.\n<\/p>\n<p style=\"text-align: justify;\">Al tratar con la reconstrucci\u00f3n pol\u00edtica del imperio, Carlos estaba listo para reconocer la condici\u00f3n de Alemania hasta donde fuera el resultado del desarrollo hist\u00f3rico. Solicit\u00f3 a los feudatarios la promesa de obediencia al poder imperial s\u00f3lo en los casos espec\u00edficos que afectaran el bienestar general, para atarles asimismo por ciertas f\u00f3rmulas reconocidas, y no buscar beneficios individuales bajo pretexto del bienestar del imperio. Por lo tanto \u00e9l hizo aqu\u00ed concesiones como las ya hechas a sus s\u00fabditos espa\u00f1oles&#8212;a saber, un cierto grado de autonom\u00eda para varios estados, a cambio de su ayuda en las incuestionables necesidades del imperio. No hubo oposici\u00f3n abierta en la Dieta, pero nada se hizo. Los cat\u00f3licos demandaban que el Interin se aplicara a ellos tambi\u00e9n; ese instrumento ahora no estaba logrando la armon\u00eda, y los protestantes se resistieron m\u00e1s firmemente que antes. En el otro bando, los pr\u00edncipes alemanes eran tan ego\u00edstas y provincianos como los hidalgos de Castilla, y menos patri\u00f3ticos. Ellos lo dilataron hasta que los asuntos tomaron un desfavorable giro para el emperador.\n<\/p>\n<p style=\"text-align: justify;\">Pero Carlos estaba ahora listo para deshacerse de sus posesiones terrenales. Sus recientes campa\u00f1as hab\u00edan socavado tanto sus fuerzas como para considerar aconsejable hacer su testamento.  Advertido de la pol\u00edtica usurpadora de Francisco I, decidi\u00f3 mantener juntas las posesiones de su familia. Sin embargo, no lo pod\u00eda dejar todo a un solo heredero, sabiendo cuan imposible hab\u00eda sido incluso para \u00e9l gobernar todo a su entera satisfacci\u00f3n. Se desconoce cu\u00e1les eran sus planes, pero mientras los consideraba los turcos y el rey franc\u00e9s (ahora Enrique II) reiniciaron las hostilidades contra \u00e9l (1551). Al siguiente a\u00f1o algunos de los pr\u00edncipes protestantes, liderados por Mauricio de Sajonia, atacaron s\u00fabitamente a las fuerzas imperiales, mientras Carlos yac\u00eda enfermo en Innsbruck, y Enrique II ocup\u00f3 los obispados de Metz, Tool y Verd\u00fan. Carlos escap\u00f3, pero abandon\u00f3 su plan para la reorganizaci\u00f3n del gobierno imperial. Autoriz\u00f3 a Fernando a concluir el Tratado de Passau con los insurgentes en abril de 1552, con lo que finalmente entreg\u00f3 el predominio en el Imperio Germano a los pr\u00edncipes.  Su intento de retener Metz, en el oto\u00f1o de 1552, fracas\u00f3, y la guerra se traslad\u00f3 a los Pa\u00edses Bajos, donde fue ejecutada sin resultados decisivos.   Tambi\u00e9n en el norte de \u00c1frica y en Italia, donde los turcos, los franceses y algunos estados italianos atacaban al emperador, los asuntos se pusieron cr\u00edticos.  Todav\u00eda el emperador esperaba obtener una victoria final, pues el ascenso de Mar\u00eda Tudor al trono de Inglaterra en 1553 de pronto aviv\u00f3 sus esperanzas de poder extender su influencia a ese reino. Mar\u00eda Tudor estaba lista para casar a su hijo Felipe, y en 1554 la alianza se llev\u00f3 a cabo. Cuando el matrimonio no procre\u00f3 hijos, el emperador se rindi\u00f3 y decidi\u00f3 entregar la conclusi\u00f3n de paz a Felipe y Fernando. Fernando insist\u00eda que la autoridad de los pr\u00edncipes en el imperio, seg\u00fan establecida en el acuerdo de Passan, deb\u00eda ser legalmente reconocida por un decreto de la Dieta, y que se deb\u00eda aceptar la igualdad de las religiones cat\u00f3lica y luterana, lo cual se hizo en Augsburgo en 1555. Carlos entonces solicit\u00f3 a los electores aceptar su abdicaci\u00f3n y elegir a Fernando como su sucesor, lo cual se realiz\u00f3 el 28 de febrero de 1558.   Poco despu\u00e9s del decreto final de la Dieta de Augsburgo, en 1555, Carlos convoc\u00f3 a los Estados de los Pa\u00edses Bajos, y en su presencia transfiri\u00f3 el gobierno a Felipe. Tres meses despu\u00e9s (16 de enero de 1556) transfiri\u00f3 la corona espa\u00f1ola a su hijo. A pesar de esto no pod\u00eda liberarse de las preocupaciones. Fue en septiembre de 1556 que pudo trasladarse a Espa\u00f1a, al lugar que hab\u00eda escogido hac\u00eda tiempo para su retiro, acompa\u00f1ado de sus dos hermanas, la viuda del rey de Francia y Mar\u00eda de Hungr\u00eda.   Pero ni siquiera en Yuste viv\u00eda una vida mon\u00e1stica. Todos los d\u00edas le llegaban mensajeros con comunicados pol\u00edticos, Sin embargo, no tomaba parte activa en los asuntos. Vivi\u00f3 sus \u00faltimos meses de permanencia en la tierra rodeado de obras de arte, por las cuales ten\u00eda gran aprecio (Tiziano era su pintor favorito), entre los libros que, como hombre de cultura, estudiaba y disfrutaba, y deleit\u00e1ndose en la m\u00fasica que amaba, mientras se preparaba para la vida venidera.\n<\/p>\n<p style=\"text-align: justify;\">\n<b>Fuente:<\/b>  Spahn, Martin. \u00abEmperor Charles V.\u00bb The Catholic Encyclopedia. Vol. 3. New York: Robert Appleton Company, 1908.<br \/>\n<br \/>http:\/\/www.newadvent.org\/cathen\/03625a.htm\n<\/p>\n<p style=\"text-align: justify;\">Traducido por Miguel A. Casas.  L H M\n<\/p>\n<p style=\"text-align: justify;\">Selecci\u00f3n de im\u00e1genes: Jos\u00e9 G\u00e1lvez Kr\u00fcger\n<\/p>\n<\/p>\n<p><b>Fuente: Enciclopedia Cat\u00f3lica<\/b><\/p>\n","protected":false},"excerpt":{"rendered":"<p>(Carlos I, Rey de Espa\u00f1a) Naci\u00f3 en Gante en 1500; muri\u00f3 en Yuste, Espa\u00f1a en 1558; fue descendiente de la casa de los Habsburgo, y a esta descendencia debi\u00f3 su soberan\u00eda sobre tantos territorios que se dec\u00eda de \u00e9l que el sol nunca se pon\u00eda en sus dominios. Carlos fue el hijo de Felipe, duque &hellip; <a href=\"https:\/\/www.biblia.work\/diccionarios\/emperador-carlos-v\/\" class=\"more-link\">Continuar leyendo<span class=\"screen-reader-text\"> \u00abEMPERADOR CARLOS V\u00bb<\/span><\/a><\/p>\n","protected":false},"author":1,"featured_media":0,"comment_status":"open","ping_status":"open","sticky":false,"template":"","format":"standard","meta":{"footnotes":""},"categories":[4],"tags":[],"class_list":["post-23795","post","type-post","status-publish","format-standard","hentry","category-diccionario"],"_links":{"self":[{"href":"https:\/\/www.biblia.work\/diccionarios\/wp-json\/wp\/v2\/posts\/23795","targetHints":{"allow":["GET"]}}],"collection":[{"href":"https:\/\/www.biblia.work\/diccionarios\/wp-json\/wp\/v2\/posts"}],"about":[{"href":"https:\/\/www.biblia.work\/diccionarios\/wp-json\/wp\/v2\/types\/post"}],"author":[{"embeddable":true,"href":"https:\/\/www.biblia.work\/diccionarios\/wp-json\/wp\/v2\/users\/1"}],"replies":[{"embeddable":true,"href":"https:\/\/www.biblia.work\/diccionarios\/wp-json\/wp\/v2\/comments?post=23795"}],"version-history":[{"count":0,"href":"https:\/\/www.biblia.work\/diccionarios\/wp-json\/wp\/v2\/posts\/23795\/revisions"}],"wp:attachment":[{"href":"https:\/\/www.biblia.work\/diccionarios\/wp-json\/wp\/v2\/media?parent=23795"}],"wp:term":[{"taxonomy":"category","embeddable":true,"href":"https:\/\/www.biblia.work\/diccionarios\/wp-json\/wp\/v2\/categories?post=23795"},{"taxonomy":"post_tag","embeddable":true,"href":"https:\/\/www.biblia.work\/diccionarios\/wp-json\/wp\/v2\/tags?post=23795"}],"curies":[{"name":"wp","href":"https:\/\/api.w.org\/{rel}","templated":true}]}}