{"id":2506,"date":"2016-02-04T23:21:52","date_gmt":"2016-02-05T04:21:52","guid":{"rendered":"http:\/\/www.biblia.work\/diccionarios\/ilirico\/"},"modified":"2016-02-04T23:21:52","modified_gmt":"2016-02-05T04:21:52","slug":"ilirico","status":"publish","type":"post","link":"https:\/\/www.biblia.work\/diccionarios\/ilirico\/","title":{"rendered":"ILIRICO"},"content":{"rendered":"<p>Il\u00ed\u00adrico    (gr. Illurik\u00f3n).  Regi\u00f3n costera sobre el Mar Adri\u00e1tico al norte de Macedonia.  Es un territorio monta\u00f1oso y fue habitado en los tiempos primitivos por un pueblo inculto, independiente y guerrero.  No fue hasta el s III     a.C. cuando se form\u00f3 el 1er reino, uniendo bajo una sola cabeza a las diversas tribus de la regi\u00f3n. Los romanos lucharon contra \u00e9l en diversas oportunidades con \u00e9xito variado.  En el 229 y el 219 a.C. dominaron parcialmente a los ilirios; en el 168 anexaron su pa\u00ed\u00ads, pero por muchos a\u00f1os los ilirios de Dalmacia resistieron con considerable \u00e9xito, hasta que Octavio los derrot\u00f3 en el 33 a.C.  Unos pocos a\u00f1os m\u00e1s tarde se unieron a los panonios en la gran rebeli\u00f3n del 6-9 d.C.  Esta fue aplastada por Tiberio, y Roma uni\u00f3 Dalmacia, Iapidia y Liburnia para formar la provincia de Il\u00ed\u00adrico.  Esta era la situaci\u00f3n pol\u00ed\u00adtica de la regi\u00f3n durante el ministerio de Pablo en Macedonia y Acaya.  La referencia de Pablo a ll\u00ed\u00adrico (Rom 15:19), probablemente quiera significar la provincia romana del Il\u00ed\u00adrico y Dalmacia.  Sin embargo, no es claro si el ap\u00f3stol hab\u00ed\u00ada incluido esa provincia en su viaje misionero, o si s\u00f3lo se\u00f1alaba el l\u00ed\u00admite del territorio de sus labores.  Mapa XX, A-3.  Imagen.  V\u00e9ase Idolo.<\/p>\n<p><b>Fuente: Diccionario B\u00edblico Evang\u00e9lico<\/b><\/p>\n<p>Una provincia del Imperio Ro-mano sobre la costa este del mar Adri\u00e1tico donde Pablo predic\u00f3 (Rom 15:19; ver nota en RVA), probablemente durante su tercer viaje misionero. [Nota del editor: seg\u00fan el Diccionario de la Real Academia Espa\u00f1ola, Il\u00ed\u00adrico es un adjetivo, derivado del nombre propio Iliria].<\/p>\n<p><b>Fuente: Diccionario B\u00edblico Mundo Hispano<\/b><\/p>\n<p>Provincia romana en los territorios que ocupan hoy los pa\u00ed\u00adses balc\u00e1nicos, incluyendo parte de la antigua Yugoslavia, Albania y Macedonia. El nombre le fue puesto por causa de una tribu que habitaba la regi\u00f3n. Los griegos colonizaron esa zona. Luego los romanos la dominaron alrededor del a\u00f1o 168 a.C., y la convirtieron en provincia del imperio. Los jud\u00ed\u00ados hab\u00ed\u00adan llegado all\u00ed\u00ad con el ej\u00e9rcito romano. El ap\u00f3stol Pablo, describiendo el alcance de su obra evangelizadora, dice: \u2020\u0153Desde Jerusal\u00e9n &#8230; hasta I., todo lo he llenado del evangelio de Cristo\u2020\u009d (Rom 15:19). \u2020\u00a2Tito fue enviado por Pablo a \u2020\u00a2Dalmacia, que formaba parte de I. (2Ti 4:10).<\/p>\n<p><b>Fuente: Diccionario de la Biblia Cristiano<\/b><\/p>\n<p>tip, REGI<\/p>\n<p>sit, a9, 147, 46<\/p>\n<p>vet, Mencionada en Ro. 15:19 como l\u00ed\u00admite occidental de la actividad hasta entonces desarrollada por Pablo, en contraposici\u00f3n a Jerusal\u00e9n, extremo oriental. Es la regi\u00f3n del noroeste de Macedonia, poblada por los ilirios, desde el a\u00f1o 35-33 a.C., romana, en el a\u00f1o 6-9 d.C. dividida entre las provincias de Dalmacia, Panonia y Mesia.<\/p>\n<p><b>Fuente: Nuevo Diccionario B\u00edblico Ilustrado<\/b><\/p>\n<p>Provincia romana cuyos l\u00ed\u00admites sufrieron diversos cambios, pero que correspond\u00ed\u00adan aproximadamente con lo que es la actual Yugoslavia occidental y parte de Albania, en la costa del mar Adri\u00e1tico.<br \/>\nDespu\u00e9s de tres a\u00f1os de lucha, el emperador Tiberio subyug\u00f3 completamente a los habitantes de Dalmacia en el a\u00f1o 9 E.C. Luego, Dalmacia, I\u00e1pides y Liburnia llegaron a formar la provincia romana de Il\u00ed\u00adrico. Con el tiempo, el nombre de la regi\u00f3n septentrional, Dalmacia, lleg\u00f3 a designar a toda la provincia.<br \/>\nEn Romanos 15:19 el ap\u00f3stol Pablo habla de haber predicado \u2020\u0153hasta Il\u00ed\u00adrico\u2020\u009d. No puede precisarse con exactitud si la expresi\u00f3n griega original da a entender que Pablo realmente predic\u00f3 en el mismo Il\u00ed\u00adrico o si \u00fanicamente lleg\u00f3 hasta aquel lugar.<\/p>\n<p><b>Fuente: Diccionario de la Biblia<\/b><\/p>\n<p><p style='text-align:justify;'><span lang=ES style=''>Nombre de la gran regi\u00f3n monta\u00f1osa al <etiqueta id=\"#_ftn71\" name=\"_ftnref71\" title=\"\">E del Adri\u00e1tico, que se extiende hasta los Balcanes centrales en el E, y llega desde el <\/etiqueta><etiqueta id=\"#_ftn72\" name=\"_ftnref72\" title=\"\">NE de Italia y las tribus celtas en el N hasta Macedonia en el S. Su nomb<\/etiqueta>re se deriva de una de las primeras tribus que se encontraban all\u00ed cuando llegaron los griegos. Sus habitantes hablaban dialectos que posiblemente eran los antepasados ling\u00fc\u00edsticos del alban\u00e9s moderno. Los romanos tuvieron sus primeros conflictos con algunas de sus tribus en el ss. III a.C., pero no fue conquistada totalmente hasta el ss. I d.C., cuando fue dividida en las provincias de Panonia y Dalmacia. Cuando Pablo escribi\u00f3 la Ep\u00edstola a los Romanos la menciona (15.19) como el l\u00edmite de su actividad evangel\u00edstica. Su referencia parece ser inclusiva, pero no se sabe cu\u00e1ndo, ni desde qu\u00e9 direcci\u00f3n, lleg\u00f3 all\u00ed (posiblemente desde Macedonia, cuando volvi\u00f3 a visitar esa provincia despu\u00e9s de su ministerio en \u00c9feso, Hch. 20.1). Fue la primera provincia de habla latina que visit\u00f3 en el curso de su ministerio apost\u00f3lico, y este hecho puede haberlo preparado para su proyectada misi\u00f3n a la Espa\u00f1a de habla latina (Ro. 15.24, 28).<\/span><\/p>\n<p style='text-align:justify;' class=MsoNormal align=right style='text-align:right;line-height:normal'><span lang=ES style='font-family:\"Tahoma\",sans-serif'>&#65279;<\/span><etiqueta id=\"#_ftn73\" name=\"_ftnref73\" title=\"\"><span lang=ES style='font-size:10.0pt;;color:green'>B.F.C.A.<\/span><\/etiqueta><span lang=ES style='font-family:\"Tahoma\",sans-serif'>&#65279;<\/span><\/p>\n<p style='text-align:justify;'>Douglas, J. (2000). Nuevo diccionario Biblico : Primera Edicion. Miami: Sociedades B\u00edblicas Unidas.<\/p>\n<\/p>\n<p><b>Fuente: Nuevo Diccionario B\u00edblico<\/b><\/p>\n","protected":false},"excerpt":{"rendered":"<p>Il\u00ed\u00adrico (gr. Illurik\u00f3n). Regi\u00f3n costera sobre el Mar Adri\u00e1tico al norte de Macedonia. Es un territorio monta\u00f1oso y fue habitado en los tiempos primitivos por un pueblo inculto, independiente y guerrero. No fue hasta el s III a.C. cuando se form\u00f3 el 1er reino, uniendo bajo una sola cabeza a las diversas tribus de la &hellip; <a href=\"https:\/\/www.biblia.work\/diccionarios\/ilirico\/\" class=\"more-link\">Continuar leyendo<span class=\"screen-reader-text\"> \u00abILIRICO\u00bb<\/span><\/a><\/p>\n","protected":false},"author":1,"featured_media":0,"comment_status":"open","ping_status":"open","sticky":false,"template":"","format":"standard","meta":{"footnotes":""},"categories":[4],"tags":[],"class_list":["post-2506","post","type-post","status-publish","format-standard","hentry","category-diccionario"],"_links":{"self":[{"href":"https:\/\/www.biblia.work\/diccionarios\/wp-json\/wp\/v2\/posts\/2506","targetHints":{"allow":["GET"]}}],"collection":[{"href":"https:\/\/www.biblia.work\/diccionarios\/wp-json\/wp\/v2\/posts"}],"about":[{"href":"https:\/\/www.biblia.work\/diccionarios\/wp-json\/wp\/v2\/types\/post"}],"author":[{"embeddable":true,"href":"https:\/\/www.biblia.work\/diccionarios\/wp-json\/wp\/v2\/users\/1"}],"replies":[{"embeddable":true,"href":"https:\/\/www.biblia.work\/diccionarios\/wp-json\/wp\/v2\/comments?post=2506"}],"version-history":[{"count":0,"href":"https:\/\/www.biblia.work\/diccionarios\/wp-json\/wp\/v2\/posts\/2506\/revisions"}],"wp:attachment":[{"href":"https:\/\/www.biblia.work\/diccionarios\/wp-json\/wp\/v2\/media?parent=2506"}],"wp:term":[{"taxonomy":"category","embeddable":true,"href":"https:\/\/www.biblia.work\/diccionarios\/wp-json\/wp\/v2\/categories?post=2506"},{"taxonomy":"post_tag","embeddable":true,"href":"https:\/\/www.biblia.work\/diccionarios\/wp-json\/wp\/v2\/tags?post=2506"}],"curies":[{"name":"wp","href":"https:\/\/api.w.org\/{rel}","templated":true}]}}