{"id":3942,"date":"2016-02-05T00:09:53","date_gmt":"2016-02-05T05:09:53","guid":{"rendered":"http:\/\/www.biblia.work\/diccionarios\/sebat\/"},"modified":"2016-02-05T00:09:53","modified_gmt":"2016-02-05T05:09:53","slug":"sebat","status":"publish","type":"post","link":"https:\/\/www.biblia.work\/diccionarios\/sebat\/","title":{"rendered":"SEBAT"},"content":{"rendered":"<p>Sebat    (heb. Sheb\u00e2t; palabra prestada del ac. Shab\u00e2tu).  Und\u00e9cimo mes* del a\u00f1o* religioso jud\u00ed\u00ado (Zec 1:7).  Comenzaba con la luna nueva de enero o febrero y ten\u00ed\u00ada 30 d\u00ed\u00adas.<\/p>\n<p><b>Fuente: Diccionario B\u00edblico Evang\u00e9lico<\/b><\/p>\n<p>Nombre postex\u00ed\u00adlico del decimoprimer mes en el calendario hebreo (enero-febrero). En un d\u00ed\u00ada de ese mes Zacar\u00ed\u00adas recibi\u00f3 la visi\u00f3n de un \u2020\u0153var\u00f3n que estaba entre los mirtos\u2020\u009d (Zac 1:7, Zac 1:10).<\/p>\n<p><b>Fuente: Diccionario de la Biblia Cristiano<\/b><\/p>\n<p>tip, CALE<\/p>\n<p>ver, TIEMPO<\/p>\n<p>vet, (heb. \u00absh&#8217;b\u00e3t\u00bb, del ac. \u00absh\u00e3b\u00e3tu\u00bb). El mes und\u00e9cimo del a\u00f1o lit\u00fargico jud\u00ed\u00ado (Zac. 1:7). (V\u00e9ase TIEMPO.)<\/p>\n<p><b>Fuente: Nuevo Diccionario B\u00edblico Ilustrado<\/b><\/p>\n<p>Nombre que recibi\u00f3 despu\u00e9s del exilio el und\u00e9cimo mes lunar jud\u00ed\u00ado del calendario sagrado, que era el quinto del calendario seglar. (Zac 1:7; Dt 1:3; 1Cr 27:14.) Corresponde a parte de enero y parte de febrero. El significado del nombre no es seguro.<br \/>\nEl mes invernal de Sebat llega algo despu\u00e9s de la temporada de lluvias intensas, aunque todav\u00ed\u00ada es un tiempo de importantes precipitaciones. Las temperaturas medias oscilan entre los 7 \u00c2\u00b0C de Jerusal\u00e9n y unos 10 \u00c2\u00b0C m\u00e1s a lo largo de la costa mediterr\u00e1nea. Las flores rosas y blancas de los almendros son las primeras que alegran el paisaje invernal y anuncian que se acerca la primavera.<br \/>\nEn el registro b\u00ed\u00adblico Sebat no estaba marcado por ninguna temporada festiva.<\/p>\n<p><b>Fuente: Diccionario de la Biblia<\/b><\/p>\n","protected":false},"excerpt":{"rendered":"<p>Sebat (heb. Sheb\u00e2t; palabra prestada del ac. Shab\u00e2tu). Und\u00e9cimo mes* del a\u00f1o* religioso jud\u00ed\u00ado (Zec 1:7). Comenzaba con la luna nueva de enero o febrero y ten\u00ed\u00ada 30 d\u00ed\u00adas. Fuente: Diccionario B\u00edblico Evang\u00e9lico Nombre postex\u00ed\u00adlico del decimoprimer mes en el calendario hebreo (enero-febrero). En un d\u00ed\u00ada de ese mes Zacar\u00ed\u00adas recibi\u00f3 la visi\u00f3n de un &hellip; <a href=\"https:\/\/www.biblia.work\/diccionarios\/sebat\/\" class=\"more-link\">Continuar leyendo<span class=\"screen-reader-text\"> \u00abSEBAT\u00bb<\/span><\/a><\/p>\n","protected":false},"author":1,"featured_media":0,"comment_status":"open","ping_status":"open","sticky":false,"template":"","format":"standard","meta":{"footnotes":""},"categories":[4],"tags":[],"class_list":["post-3942","post","type-post","status-publish","format-standard","hentry","category-diccionario"],"_links":{"self":[{"href":"https:\/\/www.biblia.work\/diccionarios\/wp-json\/wp\/v2\/posts\/3942","targetHints":{"allow":["GET"]}}],"collection":[{"href":"https:\/\/www.biblia.work\/diccionarios\/wp-json\/wp\/v2\/posts"}],"about":[{"href":"https:\/\/www.biblia.work\/diccionarios\/wp-json\/wp\/v2\/types\/post"}],"author":[{"embeddable":true,"href":"https:\/\/www.biblia.work\/diccionarios\/wp-json\/wp\/v2\/users\/1"}],"replies":[{"embeddable":true,"href":"https:\/\/www.biblia.work\/diccionarios\/wp-json\/wp\/v2\/comments?post=3942"}],"version-history":[{"count":0,"href":"https:\/\/www.biblia.work\/diccionarios\/wp-json\/wp\/v2\/posts\/3942\/revisions"}],"wp:attachment":[{"href":"https:\/\/www.biblia.work\/diccionarios\/wp-json\/wp\/v2\/media?parent=3942"}],"wp:term":[{"taxonomy":"category","embeddable":true,"href":"https:\/\/www.biblia.work\/diccionarios\/wp-json\/wp\/v2\/categories?post=3942"},{"taxonomy":"post_tag","embeddable":true,"href":"https:\/\/www.biblia.work\/diccionarios\/wp-json\/wp\/v2\/tags?post=3942"}],"curies":[{"name":"wp","href":"https:\/\/api.w.org\/{rel}","templated":true}]}}