{"id":4441,"date":"2016-02-05T00:25:40","date_gmt":"2016-02-05T05:25:40","guid":{"rendered":"http:\/\/www.biblia.work\/diccionarios\/zara\/"},"modified":"2016-02-05T00:25:40","modified_gmt":"2016-02-05T05:25:40","slug":"zara","status":"publish","type":"post","link":"https:\/\/www.biblia.work\/diccionarios\/zara\/","title":{"rendered":"ZARA"},"content":{"rendered":"<p>Zara    (heb. Zara o Z\u00e2raj, \u00aboriente\u00bb o \u00abalba [claridad, resplandor, brillo]\u00bb; gr. Z\u00e1ra).  Otro nombre para Zera* 3 (Gen 38:30; 46:12; Mat 1:3), uno de los mellizos de Jud\u00e1 y Tamar.<\/p>\n<p><b>Fuente: Diccionario B\u00edblico Evang\u00e9lico<\/b><\/p>\n<p>Hijo de Jud\u00e1 y Tamar, Gn 38, 30; 46, 12; Mt 1, 3. Zera es otra forma como se le llama y es el fundador de los zera\u00ed\u00adtas, Nm 26, 20.<\/p>\n<p>Diccionario B\u00ed\u00adblico Digital, Grupo C Service &#038; Design Ltda., Colombia, 2003<\/p>\n<p><b>Fuente: Diccionario B\u00edblico Digital<\/b><\/p>\n<p>(Reto\u00f1o). Uno de los hijos gemelos de Jud\u00e1 y Tamar. En el momento del parto Z. sac\u00f3 moment\u00e1neamente la mano y la partera \u2020\u0153at\u00f3 a su mano un hilo de grana\u2020\u009d para identificarlo como primog\u00e9nito, pero su hermano, al cual se llam\u00f3 \u2020\u00a2Fares, surgi\u00f3 antes que \u00e9l (Gen 38:27-30).<\/p>\n<p><b>Fuente: Diccionario de la Biblia Cristiano<\/b><\/p>\n<p><p style=\"text-align: justify\">(JADERA).\n<\/p>\n<p style=\"text-align: justify\">Arquidi\u00f3cesis localizada en Dalmacia.  Zara ha sido di\u00f3cesis desde 381 d.C. y desde 1146 una arquidi\u00f3cesis.  Su sucesi\u00f3n de obispos enumera ochenta sin interrupci\u00f3n notable.  El obispo Sabiniano se menciona en el \u201cRegistro]] de Gregorio Magno.  En una de sus cartas Juan VIII nombra a San Donato como patrono de Jadera.  Los arque\u00f3logos han hallado en Zara muchos rastros de escultura eclesi\u00e1stica con caracter\u00edsticas alemanas que datan desde la migraci\u00f3n de las tribus germanas.  La Iglesia de San Donato es la estructura m\u00e1s importante de su per\u00edodo preservada en Dalmacia.  Su c\u00fapula masiva de la rotonda est\u00e1 rodeada por una galer\u00eda abovedada en dos pisos que tambi\u00e9n se extiende alrededor de tres \u00e1psides al oriente.   Zara fue la capital de la Dalmacia bizantina, pero el hecho de que all\u00ed se hall\u00f3 un ejemplo de arquitectura carolingia muestra que Zara debi\u00f3 haber pertenecido alguna vez a los francos y explica la visita del obispo Donato a Carlomagno en Dietenhofen.\n<\/p>\n<p style=\"text-align: justify\">Puesto que Zara perteneci\u00f3 a Venecia los obispos de Grado han ejercido jurisdicci\u00f3n sobre ella.  En 1276 el patriarca \u00c6gidio cit\u00f3 al arzobispo Juan con sus sufrag\u00e1neos al Concilio de Grado en el cual, sin embargo, fueron representados por diputados.  El arzobispo Nicolaus III de Zara estuvo presente en el s\u00ednodo convocado por el cardenal Guido de Santa Cecilia en Padua en 1350.  Se publicaron veinte constituciones, principalmente contra la vida civil del clero y el poder de los laicos seg\u00fan usado contra el clero y la propiedad eclesi\u00e1stica.  Digno de gran respeto fue Egidio de Viterbo, quien gobern\u00f3 la arquidi\u00f3cesis por dos a\u00f1os.  En la primera sesi\u00f3n del Quinto Concilio de Letr\u00e1n \u00e9l dijo:  \u00abHomines per sacra immutari fas est non sacra per homines\u00bb (El hombre debe ser cambiado por lo que es santo, no lo que es sagrado por el hombre).  \u00c9l tuvo tambi\u00e9n el coraje de dirigir las siguientes palabras al belicoso Julio II quien buscaba aumentar las posesiones de la Iglesia:  \u201cNo importa que los Estados Pontificios sumen unos pocos miles, pero lo que s\u00ed importa mucho es que sus miembros sean piadosos y virtuosos.  La Iglesia no conoce otras armas que la fe, la virtud y la oraci\u00f3n.\u201d  El arzobispo Godeassi asisti\u00f3 al S\u00ednodo de Viena en 1849.  Pedro Alejandro Maupas estuvo presente en el Concilio Vaticano I.\n<\/p>\n<p style=\"text-align: justify\">\n<b>Bibliograf\u00eda<\/b>:  FARLATI, Illyrici Sacri tom.; Ecclesia Jaderina, V (Venecia, 1775), 1-181; THEINER, Monum., 74, 76, 99, 109, 113 sq. 116, 131, 152, 188, 311, 404, 539; GAMS, Series epp., 425 sq.\n<\/p>\n<p style=\"text-align: justify\"><b>Fuente<\/b>:  Wolfsgr\u00fcber, C\u00f6lestin. \u00abArchdiocese of Zara.\u00bb The Catholic Encyclopedia. Vol. 15. New York: Robert Appleton Company, 1912.<br \/>\n<br \/>http:\/\/www.newadvent.org\/cathen\/15752a.htm\n<\/p>\n<p style=\"text-align: justify\">Traducido por Luz Mar\u00eda Hern\u00e1ndez Medina.\n<\/p>\n<\/p>\n<p><b>Fuente: Enciclopedia Cat\u00f3lica<\/b><\/p>\n","protected":false},"excerpt":{"rendered":"<p>Zara (heb. Zara o Z\u00e2raj, \u00aboriente\u00bb o \u00abalba [claridad, resplandor, brillo]\u00bb; gr. Z\u00e1ra). Otro nombre para Zera* 3 (Gen 38:30; 46:12; Mat 1:3), uno de los mellizos de Jud\u00e1 y Tamar. Fuente: Diccionario B\u00edblico Evang\u00e9lico Hijo de Jud\u00e1 y Tamar, Gn 38, 30; 46, 12; Mt 1, 3. Zera es otra forma como se le &hellip; <a href=\"https:\/\/www.biblia.work\/diccionarios\/zara\/\" class=\"more-link\">Continuar leyendo<span class=\"screen-reader-text\"> \u00abZARA\u00bb<\/span><\/a><\/p>\n","protected":false},"author":1,"featured_media":0,"comment_status":"open","ping_status":"open","sticky":false,"template":"","format":"standard","meta":{"footnotes":""},"categories":[4],"tags":[],"class_list":["post-4441","post","type-post","status-publish","format-standard","hentry","category-diccionario"],"_links":{"self":[{"href":"https:\/\/www.biblia.work\/diccionarios\/wp-json\/wp\/v2\/posts\/4441","targetHints":{"allow":["GET"]}}],"collection":[{"href":"https:\/\/www.biblia.work\/diccionarios\/wp-json\/wp\/v2\/posts"}],"about":[{"href":"https:\/\/www.biblia.work\/diccionarios\/wp-json\/wp\/v2\/types\/post"}],"author":[{"embeddable":true,"href":"https:\/\/www.biblia.work\/diccionarios\/wp-json\/wp\/v2\/users\/1"}],"replies":[{"embeddable":true,"href":"https:\/\/www.biblia.work\/diccionarios\/wp-json\/wp\/v2\/comments?post=4441"}],"version-history":[{"count":0,"href":"https:\/\/www.biblia.work\/diccionarios\/wp-json\/wp\/v2\/posts\/4441\/revisions"}],"wp:attachment":[{"href":"https:\/\/www.biblia.work\/diccionarios\/wp-json\/wp\/v2\/media?parent=4441"}],"wp:term":[{"taxonomy":"category","embeddable":true,"href":"https:\/\/www.biblia.work\/diccionarios\/wp-json\/wp\/v2\/categories?post=4441"},{"taxonomy":"post_tag","embeddable":true,"href":"https:\/\/www.biblia.work\/diccionarios\/wp-json\/wp\/v2\/tags?post=4441"}],"curies":[{"name":"wp","href":"https:\/\/api.w.org\/{rel}","templated":true}]}}