{"id":4459,"date":"2016-02-05T00:26:10","date_gmt":"2016-02-05T05:26:10","guid":{"rendered":"http:\/\/www.biblia.work\/diccionarios\/zela\/"},"modified":"2016-02-05T00:26:10","modified_gmt":"2016-02-05T05:26:10","slug":"zela","status":"publish","type":"post","link":"https:\/\/www.biblia.work\/diccionarios\/zela\/","title":{"rendered":"ZELA"},"content":{"rendered":"<p>Zela    (heb. Ts\u00eal\u00e2, \u00abcostilla\u00bb, \u00abcostado\u00bb).  Ciudad, ubicada en el territorio de Benjam\u00ed\u00adn (Jos 18:28), donde se sepultaron los huesos de Sa\u00fal  y Jonat\u00e1n (2Sa 21:14); el lugar no ha sido localizado.<\/p>\n<p><b>Fuente: Diccionario B\u00edblico Evang\u00e9lico<\/b><\/p>\n<p>Pueblo en Benjam\u00ed\u00adn, probablemente cerca de Jerusal\u00e9n (Jos 18:28; 2Sa 21:14).<\/p>\n<p><b>Fuente: Diccionario B\u00edblico Mundo Hispano<\/b><\/p>\n<p>(Cuesta). Villa adjudicada a la tribu de Benjam\u00ed\u00adn en la repartici\u00f3n de la tierra (Jos 18:28). All\u00ed\u00ad estaba el sepulcro de \u2020\u00a2Cis, padre de Sa\u00fal, donde tambi\u00e9n enterraron a \u00e9ste y a su hijo Jonat\u00e1n (2Sa 21:14). Se desconoce la ubicaci\u00f3n exacta.<\/p>\n<p><b>Fuente: Diccionario de la Biblia Cristiano<\/b><\/p>\n<p>(posiblemente, de una ra\u00ed\u00adz que significa: \u2020\u0153costilla; costado\u2020\u009d).<br \/>\nCiudad de Benjam\u00ed\u00adn (Jos 18:21, 28) donde se enterraron los restos de Sa\u00fal y Jonat\u00e1n. Quis, el padre de Sa\u00fal, hab\u00ed\u00ada sido enterrado anteriormente en ese lugar. (2Sa 21:14.) Se desconoce su ubicaci\u00f3n exacta. Algunos eruditos opinan que en Josu\u00e9 18:28, el nombre \u2020\u0153Zelah\u2020\u009d deber\u00ed\u00ada combinarse con \u2020\u0153Ha-\u00e9lef\u2020\u009d, el nombre que le sigue; no obstante, v\u00e9ase el art\u00ed\u00adculo HA-ELEF.<\/p>\n<p><b>Fuente: Diccionario de la Biblia<\/b><\/p>\n<p><p style=\"text-align: justify\">Sede titular de Asia Menor, sufrag\u00e1nea de Amasea en el Helenoponto.  En tiempos paganos la ciudad, que estaba situada en el Seyklax, pertenec\u00eda a sacerdotes, igual en dignidad a los pr\u00edncipes del Ponto, se\u00f1ores del territorio.  En la altura que se levanta en medio de la ciudad hab\u00eda un famoso templo consagrado por los reyes persas a sus deidades nacionales Anahita, Vohu-Mano y Anadates.  Zela es famosa por la victoria de Mitr\u00eddates Eupator sobre Valerio Triano, lugarteniente de L\u00faculo (67 a.C.), tambi\u00e9n por la de C\u00e9sar sobre los farnaces (47 a.C.), luego de lo cual escribi\u00f3 su famosa carta, \u201cVeni, Vidi, Vici\u201d (Vine, vi, venc\u00ed).  Al principio fue una simple aldehuela, Zela obtuvo de Pompeyo el t\u00edtulo de ciudad, y se convirti\u00f3 en capital de un distrito asignado a la reina Pittadoris (Strabo, XI, VIII, 4; XII, III, 37; Plinio, \u201cHist. Nat.\u201d, VI, 8).  Finalmente su \u00faltimo rey la cedi\u00f3 a Ner\u00f3n, con todo Ponto Polemoniaco, y permaneci\u00f3 como parte del imperio greco-romano hasta 1397, cuando los turcos la conquistaron.\n<\/p>\n<p style=\"text-align: justify\">Seg\u00fan una carta (72) de San Basilio el Grande, en el siglo IV los arrianos celebraron un concilio all\u00ed.  Le Quien (Oriens christ., I, 541) menciona a varios obispos:  Heraclio, en Nicea (325); \u00c1tico, en Calcedonia (451); Hiperequio (458), Georgio (692); Constantino (787); Pablo (879).  Seg\u00fan el \u00abActa Patriarchatus Constantinopolitani\u00bb de Miklosich y Muller (I, 69), hab\u00eda un obispo en Zela en 1315; entonces fue llamado metropolitano de Amasea; luego la sede fue suprimida.  Zela (ahora Zilch) provincia de Silvas.\n<\/p>\n<p style=\"text-align: justify\">\n<b>Bibliograf\u00eda<\/b>:  SMITH, Dict, Greek and Roman Geog., s.v.; TEXIER, Asie-Mineure (Par\u00eds, 1862), 602; CUINET, La Turquie d&#8217;Asie, I, 729-32; BABELEON AND REINACH, Monnaires d&#8217;Asie-Mineure, I, 117; CUMONT, Studia pontica (Bruselas, 1906), 188-94; PERROT, Exploration archeologique de la Galatie et de la Bithynie (Par\u00eds, 1872), 377-80.\n<\/p>\n<p style=\"text-align: justify\"><b>Fuente<\/b>:  Vailh\u00e9, Sim\u00e9on. \u00abZela.\u00bb The Catholic Encyclopedia. Vol. 15. New York: Robert Appleton Company, 1912.  <br \/>http:\/\/www.newadvent.org\/cathen\/15753c.htm\n<\/p>\n<p style=\"text-align: justify\">Traducido por Luz Mar\u00eda Hern\u00e1ndez Medina.\n<\/p>\n<\/p>\n<p><b>Fuente: Enciclopedia Cat\u00f3lica<\/b><\/p>\n","protected":false},"excerpt":{"rendered":"<p>Zela (heb. Ts\u00eal\u00e2, \u00abcostilla\u00bb, \u00abcostado\u00bb). Ciudad, ubicada en el territorio de Benjam\u00ed\u00adn (Jos 18:28), donde se sepultaron los huesos de Sa\u00fal y Jonat\u00e1n (2Sa 21:14); el lugar no ha sido localizado. Fuente: Diccionario B\u00edblico Evang\u00e9lico Pueblo en Benjam\u00ed\u00adn, probablemente cerca de Jerusal\u00e9n (Jos 18:28; 2Sa 21:14). Fuente: Diccionario B\u00edblico Mundo Hispano (Cuesta). Villa adjudicada a &hellip; <a href=\"https:\/\/www.biblia.work\/diccionarios\/zela\/\" class=\"more-link\">Continuar leyendo<span class=\"screen-reader-text\"> \u00abZELA\u00bb<\/span><\/a><\/p>\n","protected":false},"author":1,"featured_media":0,"comment_status":"open","ping_status":"open","sticky":false,"template":"","format":"standard","meta":{"footnotes":""},"categories":[4],"tags":[],"class_list":["post-4459","post","type-post","status-publish","format-standard","hentry","category-diccionario"],"_links":{"self":[{"href":"https:\/\/www.biblia.work\/diccionarios\/wp-json\/wp\/v2\/posts\/4459","targetHints":{"allow":["GET"]}}],"collection":[{"href":"https:\/\/www.biblia.work\/diccionarios\/wp-json\/wp\/v2\/posts"}],"about":[{"href":"https:\/\/www.biblia.work\/diccionarios\/wp-json\/wp\/v2\/types\/post"}],"author":[{"embeddable":true,"href":"https:\/\/www.biblia.work\/diccionarios\/wp-json\/wp\/v2\/users\/1"}],"replies":[{"embeddable":true,"href":"https:\/\/www.biblia.work\/diccionarios\/wp-json\/wp\/v2\/comments?post=4459"}],"version-history":[{"count":0,"href":"https:\/\/www.biblia.work\/diccionarios\/wp-json\/wp\/v2\/posts\/4459\/revisions"}],"wp:attachment":[{"href":"https:\/\/www.biblia.work\/diccionarios\/wp-json\/wp\/v2\/media?parent=4459"}],"wp:term":[{"taxonomy":"category","embeddable":true,"href":"https:\/\/www.biblia.work\/diccionarios\/wp-json\/wp\/v2\/categories?post=4459"},{"taxonomy":"post_tag","embeddable":true,"href":"https:\/\/www.biblia.work\/diccionarios\/wp-json\/wp\/v2\/tags?post=4459"}],"curies":[{"name":"wp","href":"https:\/\/api.w.org\/{rel}","templated":true}]}}