{"id":8832,"date":"2016-02-05T05:23:05","date_gmt":"2016-02-05T10:23:05","guid":{"rendered":"http:\/\/www.biblia.work\/diccionarios\/media-medos-2\/"},"modified":"2016-02-05T05:23:05","modified_gmt":"2016-02-05T10:23:05","slug":"media-medos-2","status":"publish","type":"post","link":"https:\/\/www.biblia.work\/diccionarios\/media-medos-2\/","title":{"rendered":"MEDIA. MEDOS"},"content":{"rendered":"<p>Los m. eran un pueblo de origen indogerm\u00e1nico que habitaba las zonas monta\u00f1osas de Ir\u00e1n y la regi\u00f3n NE de Mesopotamia. Se les cuenta entre los hijos de \u2020\u00a2Jafet, a trav\u00e9s de \u2020\u00a2Madai (Gen 10:2). En el siglo VIII a.C. el rey asirio Tiglat-pileser III subyug\u00f3 a los m., y deport\u00f3 parte de su poblaci\u00f3n, como era la costumbre asiria. En tiempos de Sarg\u00f3n II las distintas tribus medas lograron unirse bajo el mando de Dayauku y se rebelaron, aunque infructuosamente. En la lucha entre asirios y caldeos, los m. apoyaron a estos \u00faltimos y lograron tomar a N\u00ed\u00adnive. Ecbatana fue la capital del nuevo imperio. M\u00e1s tarde, a trav\u00e9s de una serie de alianzas, consolidaron su poder en forma tal que se convirtieron en una amenaza para los mismos caldeos. Es en referencia a este tiempo que los profetas anuncian el levantamiento de los m. como adversarios de los caldeos (Isa 13:4-6, Isa 13:17-19; Isa 21:1-10). Jerem\u00ed\u00adas proclama que \u2020\u0153ha despertado Jehov\u00e1 el esp\u00ed\u00adritu de los reyes de Media\u2020\u009d para la destrucci\u00f3n de Babilonia (Jer 51:11-14, Jer 51:25-36). Esto vino a realizarse cuando el imperio medo se convirti\u00f3 en medo-persa tras la victoria del persa \u2020\u00a2Ciro sobre el rey medo Astiages.<\/p>\n<p>Como el nombre \u2020\u0153Dar\u00ed\u00ado\u2020\u009d alude al cargo de rey o se\u00f1or en persa, el \u2020\u0153Dar\u00ed\u00ado de Media\u2020\u009d que se menciona en Dan 5:31 en el momento de la toma de Babilonia y muerte de Belsasar, es una alusi\u00f3n a Ciro. El uso que se hace en Ester y Daniel de la frase \u2020\u0153Media y Persia\u2020\u009d demuestra c\u00f3mo ambos imperios aparec\u00ed\u00adan unidos en la mente israelita, que ve\u00ed\u00ada como hecho principal la destrucci\u00f3n de Babilonia, hecha posible por la uni\u00f3n de ambos (Est 1:3, Est 1:14, Est 1:18, etc\u00e9tera; Dan 6:8, Dan 6:12; Dan 6:15; Dan 8:20). A la postre, M. vino a convertirse en una satrap\u00ed\u00ada del imperio persa.<\/p>\n<p><b>Fuente: Diccionario de la Biblia Cristiano<\/b><\/p>\n","protected":false},"excerpt":{"rendered":"<p>Los m. eran un pueblo de origen indogerm\u00e1nico que habitaba las zonas monta\u00f1osas de Ir\u00e1n y la regi\u00f3n NE de Mesopotamia. Se les cuenta entre los hijos de \u2020\u00a2Jafet, a trav\u00e9s de \u2020\u00a2Madai (Gen 10:2). En el siglo VIII a.C. el rey asirio Tiglat-pileser III subyug\u00f3 a los m., y deport\u00f3 parte de su poblaci\u00f3n, &hellip; <a href=\"https:\/\/www.biblia.work\/diccionarios\/media-medos-2\/\" class=\"more-link\">Continuar leyendo<span class=\"screen-reader-text\"> \u00abMEDIA. MEDOS\u00bb<\/span><\/a><\/p>\n","protected":false},"author":1,"featured_media":0,"comment_status":"open","ping_status":"open","sticky":false,"template":"","format":"standard","meta":{"footnotes":""},"categories":[4],"tags":[],"class_list":["post-8832","post","type-post","status-publish","format-standard","hentry","category-diccionario"],"_links":{"self":[{"href":"https:\/\/www.biblia.work\/diccionarios\/wp-json\/wp\/v2\/posts\/8832","targetHints":{"allow":["GET"]}}],"collection":[{"href":"https:\/\/www.biblia.work\/diccionarios\/wp-json\/wp\/v2\/posts"}],"about":[{"href":"https:\/\/www.biblia.work\/diccionarios\/wp-json\/wp\/v2\/types\/post"}],"author":[{"embeddable":true,"href":"https:\/\/www.biblia.work\/diccionarios\/wp-json\/wp\/v2\/users\/1"}],"replies":[{"embeddable":true,"href":"https:\/\/www.biblia.work\/diccionarios\/wp-json\/wp\/v2\/comments?post=8832"}],"version-history":[{"count":0,"href":"https:\/\/www.biblia.work\/diccionarios\/wp-json\/wp\/v2\/posts\/8832\/revisions"}],"wp:attachment":[{"href":"https:\/\/www.biblia.work\/diccionarios\/wp-json\/wp\/v2\/media?parent=8832"}],"wp:term":[{"taxonomy":"category","embeddable":true,"href":"https:\/\/www.biblia.work\/diccionarios\/wp-json\/wp\/v2\/categories?post=8832"},{"taxonomy":"post_tag","embeddable":true,"href":"https:\/\/www.biblia.work\/diccionarios\/wp-json\/wp\/v2\/tags?post=8832"}],"curies":[{"name":"wp","href":"https:\/\/api.w.org\/{rel}","templated":true}]}}