{"id":8994,"date":"2016-02-05T05:57:04","date_gmt":"2016-02-05T10:57:04","guid":{"rendered":"http:\/\/www.biblia.work\/diccionarios\/sekina\/"},"modified":"2016-02-05T05:57:04","modified_gmt":"2016-02-05T10:57:04","slug":"sekina","status":"publish","type":"post","link":"https:\/\/www.biblia.work\/diccionarios\/sekina\/","title":{"rendered":"SEKINA"},"content":{"rendered":"<p>(Habitaci\u00f3n, morada). T\u00e9rmino que no figura en la Biblia, pero que los eruditos jud\u00ed\u00ados utilizaban para referirse a la presencia de Dios, a su gloria. Les permit\u00ed\u00ada hablar de Dios en t\u00e9rminos de espacio y tiempo, cuando se dec\u00ed\u00ada que santificaba un lugar, un individuo o todo un pueblo. As\u00ed\u00ad, se pod\u00ed\u00ada expresar que \u2020\u0153Dios puso su s. en medio de su pueblo\u2020\u009d, sin vulnerar el concepto de unidad de la deidad, tan enfatizado en la mente hebrea. Serv\u00ed\u00ada, adem\u00e1s, para evitar la pronunciaci\u00f3n del nombre de Jehov\u00e1.<\/p>\n<p><b>Fuente: Diccionario de la Biblia Cristiano<\/b><\/p>\n<p><p style='text-align:justify;'><span lang=ES style=''>La sekin\u00e1 (heb. <\/span><span style=''>\u0161<sup>e<\/sup>&#7733;&#305;&#770;n\u00e2<\/span><span lang=ES style=''>), el resplandor, la gloria o la presencia de Dios que moraba en medio de su pueblo, fue utilizada por los targumistas y rabinos para significar a Dios mismo, porque no agrada al judaismo ortodoxo atribuir forma o emoci\u00f3n a la deidad. No obstante, el Dios concebido en t\u00e9rminos humanos purificados inspir\u00f3 las m\u00e1s nobles manifestaciones prof\u00e9ticas, mientras que el Dios legalista se volvi\u00f3 fr\u00edo, abstracto y reservado. La sekin\u00e1, el equivalente judaico m\u00e1s aproximado del Esp\u00edritu Santo, se convirti\u00f3 junto con otros conceptos o derivados veterotestamentarios (Palabra, Sabidur\u00eda, Esp\u00edritu, etc.), en puente entre la corporalidad del hombre y la trascendencia de Dios. Este t\u00e9rmino es posb\u00edblico, pero el concepto satura ambos testamentos. Sirve de base a la ense\u00f1anza de que Dios mora en su santuario (Ex. 25.8, etc.), o entre su pueblo (Ex. 29.45s, etc.). Estos pasajes, y otros relacionados, emplean la ra\u00edz verbal <\/span><span style=''>\u0161&#257;&#7733;an<\/span><span lang=ES style=''>, \u2018morar\u2019, de la que se deriva sekin\u00e1.<\/span><\/p>\n<p style='text-align:justify;' class=MsoNormal style='margin-bottom:0cm;margin-bottom:.0001pt;text-indent: 18.0pt;line-height:normal'><span lang=ES style=''>La gloria de Dios (<\/span><span style=' '>k&#257;&#7687;\u00f4&#7695;<\/span><span lang=ES style=''> en la Biblia heb., <i>doxa<\/i> en la <span style='text-transform:uppercase'>LXX<\/span> y el <etiqueta id=\"#_ftn639\" name=\"_ftnref639\" title=\"\">NT) es otro nombre para la sekin\u00e1. Podemos aplicar los t\u00e9rminos heb. y gr. a la gloria de seres humanos comunes, como Jacob (Gn. 31.1) o Salom\u00f3n (Mt. 6.29), pero no cabe duda alguna cu\u00e1ndo se refieren a Dios. El trueno, el rel\u00e1mpago y las nubes pueden se<\/etiqueta>r los concomitantes externos de la gloria de Dios (Ex. 19.16; 24.15ss; Sal. 29; 97; Ez. 1.4); la gloria de Dios puede estar relacionada, tambi\u00e9n, en forma especial con el tabern\u00e1culo de reuni\u00f3n (Ex. 40.34\u201338) o con el templo (Ez. 43.2, 4); pero tambi\u00e9n se manifiesta en la creaci\u00f3n (Sal. 19), y posee elementos m\u00e1s numinosos y misteriosos que cualquiera de estos (Ex. 33.18\u201323). En realidad, la gloria de Dios normalmente se hace m\u00e1s gloriosa cuando deliberadamente se la separa del templo o propiciatorio.<\/span><\/p>\n<p style='text-align:justify;' class=MsoNormal style='margin-bottom:0cm;margin-bottom:.0001pt;text-indent: 18.0pt;line-height:normal'><span lang=ES style=''>Al igual que en el AT, en el NT se puede proclamar la gloria de Dios (Lc. 2.9; Hch. 7.55; 2 Co. 3.18), como tambi\u00e9n atribu\u00edrsela (Lc. 2.14; Ro. 11.36; Fil. 4.20; Ap. 7.12, etc.). Se indica que la atribuci\u00f3n de esta gloria es un deber humano, ya sea que haya sido satisfecha (Ro. 4.20) o no (Hch. 12.23; Ap. 16.9). La gloria est\u00e1 presente de manera especial en el templo celestial (Ap. 15.8) y en la ciudad celestial (Ap. 21.23).<\/span><\/p>\n<p style='text-align:justify;' class=MsoNormal style='margin-bottom:0cm;margin-bottom:.0001pt;text-indent: 18.0pt;line-height:normal'><span lang=ES style=''>El NT asigna libremente a Cristo una gloria comparable como ser divino, tanto antes como despu\u00e9s de la l\u00ednea divisoria de la pascua. Los evangelios sin\u00f3pticos son un poco reticentes en cuanto a relacionar esta gloria con el Jes\u00fas terrenal, excepto en relaci\u00f3n con la parus\u00eda (Mr. 8.38; 10.37; 13.26; y pasajes paralelos) o al referirse a la transfiguraci\u00f3n de Cristo (Lc. 9.32). Juan le asigna esta gloria m\u00e1s libremente (cf. 1.14; 2.11; 11.4); sin embargo, distingue una revelaci\u00f3n m\u00e1s completa, o final, como posterior a su ministerio en la tierra (7.39; 12.16, etc.). Esta aparente fluctuaci\u00f3n no es antinatural\u2014la visi\u00f3n del Jes\u00fas terrenal y el celestial a veces se vuelve escorzada despu\u00e9s de la pasi\u00f3n\u2014. El verbo relacionado <\/span><span style=''>doxaz&#333;<\/span><span lang=ES style=''> frecuentemente remplaza al sustantivo (Jn. 12; 17, etc.). La similitud entre la voz heb. y el gr. <\/span><span style=''>sk&#275;n&#275;<\/span><span lang=ES style=''>, etc., podr\u00eda sugerir el tema de la <\/span><span style='font-family: \"Charis SIL\"'>sekin\u00e1<\/span><span lang=ES style=''> en Jn. 1.14 (<\/span><span style=' '>esk&#275;n&#333;sen<\/span><span lang=ES style=''>, \u2018habit\u00f3\u2019) y Ap. 21.3 (<\/span><span style=''>sk&#275;n&#275;<\/span><span lang=ES style=''>, \u2018morada\u2019).<\/span><\/p>\n<p style='text-align:justify;' class=MsoNormal style='margin-bottom:0cm;margin-bottom:.0001pt;text-indent: 18.0pt;line-height:normal'><span lang=ES style=''>Otros pasajes son dignos de atenci\u00f3n especial: cf. 1 Ti. 3.16; Tit. 2.13; He. 1.3; 13.21; Stg. 2.1; 1 P. 1.11, 21; 4.13; 5.1; Ap. 5.12s.<\/span><\/p>\n<p style='text-align:justify;' class=MsoNormal style='margin-bottom:0cm;margin-bottom:.0001pt;text-indent: 18.0pt;line-height:normal'><span lang=ES style=';text-transform:uppercase'>Bibliograf\u00eda.<\/span><span lang=ES style=''> W. Eichrodt, <i>Teolog\u00eda del Antiguo Testamento<\/i>, 1975, t(t). II, pp. 38\u201343; G. von Rad, <i>Teolog\u00eda del Antiguo Testamento<\/i>, 1976, t(t). I, pp. 303\u2013806; R. de Vaux, <i>Instituciones del Antiguo Testamento<\/i>, 1985, pp. 428ss; S. Aalen, \u201cGloria\u201d, <etiqueta id=\"#_ftn640\" name=\"_ftnref640\" title=\"\"><i>\u00b0DTNT<\/i><\/etiqueta>, t(t). II, pp. 227\u2013234; A. R. Hulst, \u201cHabitar\u201d, <etiqueta id=\"#_ftn641\" name=\"_ftnref641\" title=\"\"><i>\u00b0DTMAT<\/i><\/etiqueta>, t(t). II, cols. 1135\u20131142.<\/span><\/p>\n<p style='text-align:justify;' class=MsoNormal style='margin-bottom:0cm;margin-bottom:.0001pt;text-indent: 18.0pt;line-height:normal'><span lang=ES style=''>V\u00e9ase <etiqueta id=\"#_ftn642\" name=\"_ftnref642\" title=\"\"><i>HDB <\/i><\/etiqueta>(<etiqueta id=\"#_ftn643\" name=\"_ftnref643\" title=\"\">s.v. \u201cShekinah\u201d); <\/etiqueta><etiqueta id=\"#_ftn644\" name=\"_ftnref644\" title=\"\"><i>JewE <\/i><\/etiqueta>(s.v. \u201cAnthropomorphsm\u201d, \u201cShekinah\u201d); <etiqueta id=\"#_ftn645\" name=\"_ftnref645\" title=\"\"><i>EJ<\/i><\/etiqueta>, 14, 1971 (s.v. \u201cShekhinah\u201d); G. Kittel, G. von Rad, en <etiqueta id=\"#_ftn646\" name=\"_ftnref646\" title=\"\"><i>TDNT <\/i><\/etiqueta>2, pp. 237\u2013251; R. A. Stewart, <i>Rabbinic Theology<\/i>, 1961, pp. 40\u201342.<\/span><\/p>\n<p style='text-align:justify;' class=MsoNormal align=right style='text-align:right;line-height:normal'><span lang=ES style='font-family:\"Tahoma\",sans-serif'>&#65279;<\/span><etiqueta id=\"#_ftn647\" name=\"_ftnref647\" title=\"\"><span lang=ES style='font-size:10.0pt; ;color:green'>R.A.S.<\/span><\/etiqueta><span lang=ES style='font-family:\"Tahoma\",sans-serif'>&#65279;<\/span><\/p>\n<p style='text-align:justify;'>Douglas, J. (2000). Nuevo diccionario Biblico : Primera Edicion. Miami: Sociedades B\u00edblicas Unidas.<\/p>\n<\/p>\n<p><b>Fuente: Nuevo Diccionario B\u00edblico<\/b><\/p>\n","protected":false},"excerpt":{"rendered":"<p>(Habitaci\u00f3n, morada). T\u00e9rmino que no figura en la Biblia, pero que los eruditos jud\u00ed\u00ados utilizaban para referirse a la presencia de Dios, a su gloria. Les permit\u00ed\u00ada hablar de Dios en t\u00e9rminos de espacio y tiempo, cuando se dec\u00ed\u00ada que santificaba un lugar, un individuo o todo un pueblo. As\u00ed\u00ad, se pod\u00ed\u00ada expresar que \u2020\u0153Dios &hellip; <a href=\"https:\/\/www.biblia.work\/diccionarios\/sekina\/\" class=\"more-link\">Continuar leyendo<span class=\"screen-reader-text\"> \u00abSEKINA\u00bb<\/span><\/a><\/p>\n","protected":false},"author":1,"featured_media":0,"comment_status":"open","ping_status":"open","sticky":false,"template":"","format":"standard","meta":{"footnotes":""},"categories":[4],"tags":[],"class_list":["post-8994","post","type-post","status-publish","format-standard","hentry","category-diccionario"],"_links":{"self":[{"href":"https:\/\/www.biblia.work\/diccionarios\/wp-json\/wp\/v2\/posts\/8994","targetHints":{"allow":["GET"]}}],"collection":[{"href":"https:\/\/www.biblia.work\/diccionarios\/wp-json\/wp\/v2\/posts"}],"about":[{"href":"https:\/\/www.biblia.work\/diccionarios\/wp-json\/wp\/v2\/types\/post"}],"author":[{"embeddable":true,"href":"https:\/\/www.biblia.work\/diccionarios\/wp-json\/wp\/v2\/users\/1"}],"replies":[{"embeddable":true,"href":"https:\/\/www.biblia.work\/diccionarios\/wp-json\/wp\/v2\/comments?post=8994"}],"version-history":[{"count":0,"href":"https:\/\/www.biblia.work\/diccionarios\/wp-json\/wp\/v2\/posts\/8994\/revisions"}],"wp:attachment":[{"href":"https:\/\/www.biblia.work\/diccionarios\/wp-json\/wp\/v2\/media?parent=8994"}],"wp:term":[{"taxonomy":"category","embeddable":true,"href":"https:\/\/www.biblia.work\/diccionarios\/wp-json\/wp\/v2\/categories?post=8994"},{"taxonomy":"post_tag","embeddable":true,"href":"https:\/\/www.biblia.work\/diccionarios\/wp-json\/wp\/v2\/tags?post=8994"}],"curies":[{"name":"wp","href":"https:\/\/api.w.org\/{rel}","templated":true}]}}