{"id":9627,"date":"2016-02-05T07:03:30","date_gmt":"2016-02-05T12:03:30","guid":{"rendered":"http:\/\/www.biblia.work\/diccionarios\/primeros-cristianos\/"},"modified":"2016-02-05T07:03:30","modified_gmt":"2016-02-05T12:03:30","slug":"primeros-cristianos","status":"publish","type":"post","link":"https:\/\/www.biblia.work\/diccionarios\/primeros-cristianos\/","title":{"rendered":"PRIMEROS CRISTIANOS"},"content":{"rendered":"<p>97 Conceptos (29) y [22]<\/p>\n<p>          (Itinerario completo: 12 horas<br \/>\n  * Itinerario breve: 5 horas)<\/p>\n<p> (* Bases b\u00ed\u00adblicas y parab\u00ed\u00adblicas)<\/p>\n<p>    Hechos de los Ap\u00f3stoles \/ Ep\u00ed\u00adstolas \/ Disc\u00ed\u00adpulos \/ Ap\u00f3stoles \/<br \/>\n    Esenios \/ [Nazarenos] \/ [Profetas. Comunidades de] \/ Asideos \/ Terap\u00e9utas \/ Sinagoga<br \/>\n (* Estima eclesial)<\/p>\n<p>    Apertura eclesial \/ Apostolado \/ Ancianos \/ Presb\u00ed\u00adteros \/ Oraci\u00f3n \/ [Disponibilidad] \/ Solidaridad \/<br \/>\n    V\u00ed\u00adrgenes \/ Di\u00e1conos \/ Viudas \/  Pros\u00e9litos \/ Ne\u00f3fitos \/ Hermanos.<\/p>\n<p> (* Primer estadio catecumenal)<\/p>\n<p>    Catec\u00fameno \/ Catecumanal \/ CATECUMEDADO antiguo \/ Credo apost\u00f3lico \/ S\u00ed\u00admbolos \/ Sacramentos \/<br \/>\n    Celebraci\u00f3n \/ Pascua \/ Bautismo \/ Ceremonias \/ Fiestas \/ Domingo<\/p>\n<p> (* Testigos)<\/p>\n<p>    Pedro. San \/ Pablo. San \/ Santiago \/ Juan. San \/ Sanedr\u00ed\u00adn \/<br \/>\n    [Apost\u00f3licos. Padres] \/ Clemente I Papa \/ Ignacio de Antioqu\u00ed\u00ada. San  \/  Policarpo de Esmirna. San  \/   Pap\u00ed\u00adas \/<br \/>\n    [Actas martiriales] \/ Plinio el Joven \/ Flavio Josefo<br \/>\n (* Primeros convertidos)<\/p>\n<p>    Cornelio \/ [Tabita] \/ [Anan\u00ed\u00adas de Damasco] \/ [Apolo] \/ [Eneas] \/ Gamaliel \/ [Agabo]  \/  [Rode]  \/  [Amaris] \/<br \/>\n    [Aquila] \/ Dionisio Aeropagita \/<br \/>\n (* Documentos y testimonios)<\/p>\n<p>       DIDAJE \/ Didascalia \/ Bernab\u00e9. Ep\u00ed\u00adstola de \/ Hermas. Pastor de \/<br \/>\n    Qumram \/ Fil\u00f3n de Alejandr\u00ed\u00ada \/ Flaviano de Constantinopla. S. \/<br \/>\n    Ap\u00f3crifos \/ Enoc. Libro de \/ [Hebreos. Evangelio de los]  \/  [Pilatos. Hechos de]  \/  [Santiago. Protoevangelio de]  [Mat\u00ed\u00adas. Evangelio de] \/ [Tom\u00e1s. Evangelio de] \/ [Odas de Salom\u00f3n] \/ [Gelasiano. Decreto de]  [Pablo. Hechos de]<br \/>\n (* Virtudes y cualidades)<\/p>\n<p>    Caridad fraterna \/ Fracci\u00f3n del Pan \/ Limosna \/ Caridad \/ Predicaci\u00f3n \/ Fortaleza \/ Fe \/<br \/>\n    Renuncia \/ Ascesis \/ Pobreza \/ Penitencia \/ Conversi\u00f3n \/ Kerigma \/ Martirio \/ Parus\u00ed\u00ada \/<br \/>\n (* Errores y desviaciones primitivas)<\/p>\n<p>    Sim\u00f3n el Mago \/ Judaizantes \/ Gn\u00f3sticos \/ Ebionitas \/ Herejes \/ Ap\u00f3statas.<\/p>\n<p>                     Cuestionario de autocontrol<br \/>\n 1. \u00bfQui\u00e9nes son los m\u00e1s significativos nombres de la primera comunidad cristianas?<br \/>\n 2. \u00bfSe puede afirmar con objetividad que los primeros cristianos cultivaron la filosof\u00ed\u00ada?<br \/>\n 3. \u00bfQu\u00e9 ciudades y que sabes de ella est\u00e1n relacionadas con los primeros cristianos?<br \/>\n 4. \u00bfCu\u00e1les son lo valores principales &#8211; morales, sociales y espirituales de la primera Iglesia?<br \/>\n 5. \u00bfQu\u00e9 relaci\u00f3n estableces entre ellos y la Eucarist\u00ed\u00ada y el Bautismo?<br \/>\n 6. \u00bfQu\u00e9 nombres se manejan en este itinerario que no son \u00abb\u00ed\u00adblicos\u00bb?<\/p>\n<p>Pedro Chico Gonz\u00e1lez, Diccionario de Catequesis y Pedagog\u00ed\u00ada Religiosa, Editorial Bru\u00f1o, Lima, Per\u00fa 2006<\/p>\n<p><b>Fuente: Diccionario de Catequesis y Pedagog\u00eda Religiosa<\/b><\/p>\n","protected":false},"excerpt":{"rendered":"<p>97 Conceptos (29) y [22] (Itinerario completo: 12 horas * Itinerario breve: 5 horas) (* Bases b\u00ed\u00adblicas y parab\u00ed\u00adblicas) Hechos de los Ap\u00f3stoles \/ Ep\u00ed\u00adstolas \/ Disc\u00ed\u00adpulos \/ Ap\u00f3stoles \/ Esenios \/ [Nazarenos] \/ [Profetas. Comunidades de] \/ Asideos \/ Terap\u00e9utas \/ Sinagoga (* Estima eclesial) Apertura eclesial \/ Apostolado \/ Ancianos \/ Presb\u00ed\u00adteros \/ &hellip; <a href=\"https:\/\/www.biblia.work\/diccionarios\/primeros-cristianos\/\" class=\"more-link\">Continuar leyendo<span class=\"screen-reader-text\"> \u00abPRIMEROS CRISTIANOS\u00bb<\/span><\/a><\/p>\n","protected":false},"author":1,"featured_media":0,"comment_status":"open","ping_status":"open","sticky":false,"template":"","format":"standard","meta":{"footnotes":""},"categories":[4],"tags":[],"class_list":["post-9627","post","type-post","status-publish","format-standard","hentry","category-diccionario"],"_links":{"self":[{"href":"https:\/\/www.biblia.work\/diccionarios\/wp-json\/wp\/v2\/posts\/9627","targetHints":{"allow":["GET"]}}],"collection":[{"href":"https:\/\/www.biblia.work\/diccionarios\/wp-json\/wp\/v2\/posts"}],"about":[{"href":"https:\/\/www.biblia.work\/diccionarios\/wp-json\/wp\/v2\/types\/post"}],"author":[{"embeddable":true,"href":"https:\/\/www.biblia.work\/diccionarios\/wp-json\/wp\/v2\/users\/1"}],"replies":[{"embeddable":true,"href":"https:\/\/www.biblia.work\/diccionarios\/wp-json\/wp\/v2\/comments?post=9627"}],"version-history":[{"count":0,"href":"https:\/\/www.biblia.work\/diccionarios\/wp-json\/wp\/v2\/posts\/9627\/revisions"}],"wp:attachment":[{"href":"https:\/\/www.biblia.work\/diccionarios\/wp-json\/wp\/v2\/media?parent=9627"}],"wp:term":[{"taxonomy":"category","embeddable":true,"href":"https:\/\/www.biblia.work\/diccionarios\/wp-json\/wp\/v2\/categories?post=9627"},{"taxonomy":"post_tag","embeddable":true,"href":"https:\/\/www.biblia.work\/diccionarios\/wp-json\/wp\/v2\/tags?post=9627"}],"curies":[{"name":"wp","href":"https:\/\/api.w.org\/{rel}","templated":true}]}}