{"id":9879,"date":"2016-02-05T07:11:01","date_gmt":"2016-02-05T12:11:01","guid":{"rendered":"http:\/\/www.biblia.work\/diccionarios\/batz-de-trenquelleon-adelaida\/"},"modified":"2016-02-05T07:11:01","modified_gmt":"2016-02-05T12:11:01","slug":"batz-de-trenquelleon-adelaida","status":"publish","type":"post","link":"https:\/\/www.biblia.work\/diccionarios\/batz-de-trenquelleon-adelaida\/","title":{"rendered":"BATZ DE TRENQUELLEON. ADELAIDA"},"content":{"rendered":"<p>[965](1789-1828)<\/p>\n<p>    Fundadora con el Beato Jos\u00e9 Guillermo Chaminade de las Hijas de Mar\u00ed\u00ada Inmaculada o Marianistas.<\/p>\n<p>    Naci\u00f3 en 1789, el 10 de Junio, en el Castillo de Trenquell\u00e9on. En 1797 sali\u00f3 al exilio a Espa\u00f1a, por la \u00ed\u00adndole militar del padre perseguido. Regres\u00f3 en 1802 y sigui\u00f3 con una vida piadosa.<\/p>\n<p>    En 1804 conoci\u00f3 al Padre Chaminade, fundador de los Marianistas. Estuvo siempre en relaci\u00f3n con \u00e9l en el apostolado educativo al que se dedic\u00f3. Se consagr\u00f3 a su Congregaci\u00f3n y multiplic\u00f3 las obras escolares y dirigi\u00f3 con habilidad los numerosos centros que abri\u00f3.<\/p>\n<p>    Para su Hermanas escribi\u00f3 algunas obras sencillas, adem\u00e1s de las \u00abReglas y Constituciones\u00bb. Entre ellas se deben citar: \u00abPeque\u00f1o catecismo del Instituto\u00bb; \u00abPeque\u00f1o catecismo sobre el silencio\u00bb; \u00abPeque\u00f1o catecismo sobre la purificaci\u00f3n\u00bb. Muri\u00f3 el 10 de Enero 1828.<\/p>\n<p>Pedro Chico Gonz\u00e1lez, Diccionario de Catequesis y Pedagog\u00ed\u00ada Religiosa, Editorial Bru\u00f1o, Lima, Per\u00fa 2006<\/p>\n<p><b>Fuente: Diccionario de Catequesis y Pedagog\u00eda Religiosa<\/b><\/p>\n","protected":false},"excerpt":{"rendered":"<p>[965](1789-1828) Fundadora con el Beato Jos\u00e9 Guillermo Chaminade de las Hijas de Mar\u00ed\u00ada Inmaculada o Marianistas. Naci\u00f3 en 1789, el 10 de Junio, en el Castillo de Trenquell\u00e9on. En 1797 sali\u00f3 al exilio a Espa\u00f1a, por la \u00ed\u00adndole militar del padre perseguido. Regres\u00f3 en 1802 y sigui\u00f3 con una vida piadosa. En 1804 conoci\u00f3 al &hellip; <a href=\"https:\/\/www.biblia.work\/diccionarios\/batz-de-trenquelleon-adelaida\/\" class=\"more-link\">Continuar leyendo<span class=\"screen-reader-text\"> \u00abBATZ DE TRENQUELLEON. ADELAIDA\u00bb<\/span><\/a><\/p>\n","protected":false},"author":1,"featured_media":0,"comment_status":"open","ping_status":"open","sticky":false,"template":"","format":"standard","meta":{"footnotes":""},"categories":[4],"tags":[],"class_list":["post-9879","post","type-post","status-publish","format-standard","hentry","category-diccionario"],"_links":{"self":[{"href":"https:\/\/www.biblia.work\/diccionarios\/wp-json\/wp\/v2\/posts\/9879","targetHints":{"allow":["GET"]}}],"collection":[{"href":"https:\/\/www.biblia.work\/diccionarios\/wp-json\/wp\/v2\/posts"}],"about":[{"href":"https:\/\/www.biblia.work\/diccionarios\/wp-json\/wp\/v2\/types\/post"}],"author":[{"embeddable":true,"href":"https:\/\/www.biblia.work\/diccionarios\/wp-json\/wp\/v2\/users\/1"}],"replies":[{"embeddable":true,"href":"https:\/\/www.biblia.work\/diccionarios\/wp-json\/wp\/v2\/comments?post=9879"}],"version-history":[{"count":0,"href":"https:\/\/www.biblia.work\/diccionarios\/wp-json\/wp\/v2\/posts\/9879\/revisions"}],"wp:attachment":[{"href":"https:\/\/www.biblia.work\/diccionarios\/wp-json\/wp\/v2\/media?parent=9879"}],"wp:term":[{"taxonomy":"category","embeddable":true,"href":"https:\/\/www.biblia.work\/diccionarios\/wp-json\/wp\/v2\/categories?post=9879"},{"taxonomy":"post_tag","embeddable":true,"href":"https:\/\/www.biblia.work\/diccionarios\/wp-json\/wp\/v2\/tags?post=9879"}],"curies":[{"name":"wp","href":"https:\/\/api.w.org\/{rel}","templated":true}]}}