{"id":9880,"date":"2016-02-05T07:11:03","date_gmt":"2016-02-05T12:11:03","guid":{"rendered":"http:\/\/www.biblia.work\/diccionarios\/baudouin-luis-maria\/"},"modified":"2016-02-05T07:11:03","modified_gmt":"2016-02-05T12:11:03","slug":"baudouin-luis-maria","status":"publish","type":"post","link":"https:\/\/www.biblia.work\/diccionarios\/baudouin-luis-maria\/","title":{"rendered":"BAUDOUIN. LUIS MARIA"},"content":{"rendered":"<p>[965] (1765-1835)Fundador de los Hijos de Mar\u00ed\u00ada Inmaculada en 1800 y de las Ursulinas de Jes\u00fas poco despu\u00e9s. Naci\u00f3 en 1765 de familia humilde. Sigui\u00f3 a su hermano en la carrera del sacerdocio. Inici\u00f3 su primer Seminario de educadores en 1782. Se orden\u00f3 en 1789 y se dedic\u00f3 a la parroquia.<\/p>\n<p>    En 1791 se opuso al juramento civil del clero y fue encarcelado. Luego march\u00f3 al destierro entre los casi 7.000 sacerdotes que hubo exiliados en Espa\u00f1a. Qued\u00f3 un tiempo en Toledo y luego pas\u00f3 a Pamplona. Trabajaba como tejedor y, al mismo tiempo, estudiaba.  En 1797 regres\u00f3 clandestinamente a Francia y ejerci\u00f3 su sacerdocio en penosas circunstancias. Prepar\u00f3 la Regla, para cuando pudiera ponerla en pr\u00e1ctica. El 31 de Enero de 1800 hizo votos religiosos en honor del Verbo Encarnado con otros compa\u00f1eros. En 1802 inici\u00f3 la obra con profesores del Seminario.<\/p>\n<p>    Abri\u00f3 una escuela para madres cristianas y comenz\u00f3 con Carlota Gabriela Ranfray el grupo inicial de las \u00abHermanas del Verbo Encarnado\u00bb.<\/p>\n<p>    En 1825 renunci\u00f3 al cargo de Rector del Seminario. Al fallecer en 1828 la Fundadora, eran 27 las obras y escuelas femeninas iniciadas.<\/p>\n<p>    En 1835, el 12 de Febrero, falleci\u00f3 en Chavagnesen-Paillers (Vand\u00e9e) dejando a sus religiosas bien organizadas.<\/p>\n<p>    Entre sus obras, adem\u00e1s de las \u00abRegla de 1800 y la de 1806, se hallan: \u00abExplicaci\u00f3n del Cantar de los Cantares\u00bb y \u00abProyecto de constituciones para las Hijas del Verbo Encarnado\u00bb.<\/p>\n<p>Pedro Chico Gonz\u00e1lez, Diccionario de Catequesis y Pedagog\u00ed\u00ada Religiosa, Editorial Bru\u00f1o, Lima, Per\u00fa 2006<\/p>\n<p><b>Fuente: Diccionario de Catequesis y Pedagog\u00eda Religiosa<\/b><\/p>\n","protected":false},"excerpt":{"rendered":"<p>[965] (1765-1835)Fundador de los Hijos de Mar\u00ed\u00ada Inmaculada en 1800 y de las Ursulinas de Jes\u00fas poco despu\u00e9s. Naci\u00f3 en 1765 de familia humilde. Sigui\u00f3 a su hermano en la carrera del sacerdocio. Inici\u00f3 su primer Seminario de educadores en 1782. Se orden\u00f3 en 1789 y se dedic\u00f3 a la parroquia. En 1791 se opuso &hellip; <a href=\"https:\/\/www.biblia.work\/diccionarios\/baudouin-luis-maria\/\" class=\"more-link\">Continuar leyendo<span class=\"screen-reader-text\"> \u00abBAUDOUIN. LUIS MARIA\u00bb<\/span><\/a><\/p>\n","protected":false},"author":1,"featured_media":0,"comment_status":"open","ping_status":"open","sticky":false,"template":"","format":"standard","meta":{"footnotes":""},"categories":[4],"tags":[],"class_list":["post-9880","post","type-post","status-publish","format-standard","hentry","category-diccionario"],"_links":{"self":[{"href":"https:\/\/www.biblia.work\/diccionarios\/wp-json\/wp\/v2\/posts\/9880","targetHints":{"allow":["GET"]}}],"collection":[{"href":"https:\/\/www.biblia.work\/diccionarios\/wp-json\/wp\/v2\/posts"}],"about":[{"href":"https:\/\/www.biblia.work\/diccionarios\/wp-json\/wp\/v2\/types\/post"}],"author":[{"embeddable":true,"href":"https:\/\/www.biblia.work\/diccionarios\/wp-json\/wp\/v2\/users\/1"}],"replies":[{"embeddable":true,"href":"https:\/\/www.biblia.work\/diccionarios\/wp-json\/wp\/v2\/comments?post=9880"}],"version-history":[{"count":0,"href":"https:\/\/www.biblia.work\/diccionarios\/wp-json\/wp\/v2\/posts\/9880\/revisions"}],"wp:attachment":[{"href":"https:\/\/www.biblia.work\/diccionarios\/wp-json\/wp\/v2\/media?parent=9880"}],"wp:term":[{"taxonomy":"category","embeddable":true,"href":"https:\/\/www.biblia.work\/diccionarios\/wp-json\/wp\/v2\/categories?post=9880"},{"taxonomy":"post_tag","embeddable":true,"href":"https:\/\/www.biblia.work\/diccionarios\/wp-json\/wp\/v2\/tags?post=9880"}],"curies":[{"name":"wp","href":"https:\/\/api.w.org\/{rel}","templated":true}]}}