{"id":9899,"date":"2016-02-05T07:11:39","date_gmt":"2016-02-05T12:11:39","guid":{"rendered":"http:\/\/www.biblia.work\/diccionarios\/bello-andres\/"},"modified":"2016-02-05T07:11:39","modified_gmt":"2016-02-05T12:11:39","slug":"bello-andres","status":"publish","type":"post","link":"https:\/\/www.biblia.work\/diccionarios\/bello-andres\/","title":{"rendered":"BELLO. ANDRES,"},"content":{"rendered":"<p>[966] (1781-1865)<\/p>\n<p>     Pol\u00ed\u00adgrafo venezolano, pedag\u00f3gico, pol\u00ed\u00adtico y promotor de la independencia de la Naci\u00f3n. Fue famoso por sus trabajos de Lengua y Gram\u00e1tica, pero tambi\u00e9n experto en diversos campos \u00e9ticos, como el derecho, la sociolog\u00ed\u00ada y la psicolog\u00ed\u00ada.<\/p>\n<p>    Sus obras jur\u00ed\u00addicas, como \u00abPrincipios del derecho de gentes\u00bb en 1832, o de reflexi\u00f3n, como \u00abFilosof\u00ed\u00ada del entendimiento\u00bb, completaron sus inmortales trabajos sobre la ortograf\u00ed\u00ada, la literatura, la poes\u00ed\u00ada o la inmortal \u00abGram\u00e1tica de la lengua castellana para los americanos\u00bb, que marcaron su vida de productor literario incansable y brillante. Enemigo de la revoluci\u00f3n libertadora por la guerra, defendi\u00f3 siempre la paz y la educaci\u00f3n como camino para llegar a la independencia de las naciones y de las personas.<\/p>\n<p>Pedro Chico Gonz\u00e1lez, Diccionario de Catequesis y Pedagog\u00ed\u00ada Religiosa, Editorial Bru\u00f1o, Lima, Per\u00fa 2006<\/p>\n<p><b>Fuente: Diccionario de Catequesis y Pedagog\u00eda Religiosa<\/b><\/p>\n","protected":false},"excerpt":{"rendered":"<p>[966] (1781-1865) Pol\u00ed\u00adgrafo venezolano, pedag\u00f3gico, pol\u00ed\u00adtico y promotor de la independencia de la Naci\u00f3n. Fue famoso por sus trabajos de Lengua y Gram\u00e1tica, pero tambi\u00e9n experto en diversos campos \u00e9ticos, como el derecho, la sociolog\u00ed\u00ada y la psicolog\u00ed\u00ada. Sus obras jur\u00ed\u00addicas, como \u00abPrincipios del derecho de gentes\u00bb en 1832, o de reflexi\u00f3n, como \u00abFilosof\u00ed\u00ada del &hellip; <a href=\"https:\/\/www.biblia.work\/diccionarios\/bello-andres\/\" class=\"more-link\">Continuar leyendo<span class=\"screen-reader-text\"> \u00abBELLO. ANDRES,\u00bb<\/span><\/a><\/p>\n","protected":false},"author":1,"featured_media":0,"comment_status":"open","ping_status":"open","sticky":false,"template":"","format":"standard","meta":{"footnotes":""},"categories":[4],"tags":[],"class_list":["post-9899","post","type-post","status-publish","format-standard","hentry","category-diccionario"],"_links":{"self":[{"href":"https:\/\/www.biblia.work\/diccionarios\/wp-json\/wp\/v2\/posts\/9899","targetHints":{"allow":["GET"]}}],"collection":[{"href":"https:\/\/www.biblia.work\/diccionarios\/wp-json\/wp\/v2\/posts"}],"about":[{"href":"https:\/\/www.biblia.work\/diccionarios\/wp-json\/wp\/v2\/types\/post"}],"author":[{"embeddable":true,"href":"https:\/\/www.biblia.work\/diccionarios\/wp-json\/wp\/v2\/users\/1"}],"replies":[{"embeddable":true,"href":"https:\/\/www.biblia.work\/diccionarios\/wp-json\/wp\/v2\/comments?post=9899"}],"version-history":[{"count":0,"href":"https:\/\/www.biblia.work\/diccionarios\/wp-json\/wp\/v2\/posts\/9899\/revisions"}],"wp:attachment":[{"href":"https:\/\/www.biblia.work\/diccionarios\/wp-json\/wp\/v2\/media?parent=9899"}],"wp:term":[{"taxonomy":"category","embeddable":true,"href":"https:\/\/www.biblia.work\/diccionarios\/wp-json\/wp\/v2\/categories?post=9899"},{"taxonomy":"post_tag","embeddable":true,"href":"https:\/\/www.biblia.work\/diccionarios\/wp-json\/wp\/v2\/tags?post=9899"}],"curies":[{"name":"wp","href":"https:\/\/api.w.org\/{rel}","templated":true}]}}