{"id":9903,"date":"2016-02-05T07:11:46","date_gmt":"2016-02-05T12:11:46","guid":{"rendered":"http:\/\/www.biblia.work\/diccionarios\/benedicto-xvi\/"},"modified":"2016-02-05T07:11:46","modified_gmt":"2016-02-05T12:11:46","slug":"benedicto-xvi","status":"publish","type":"post","link":"https:\/\/www.biblia.work\/diccionarios\/benedicto-xvi\/","title":{"rendered":"BENEDICTO XVI"},"content":{"rendered":"<p>[960](1927-)<\/p>\n<p> Su nombre es Joseph Ratzinger y, antes de ser elegido Papa, era Prefecto de la Congregaci\u00f3n para la Doctrina de la Fe desde el a\u00f1o1983, es decir a lo largo de 23 a\u00f1os. Naci\u00f3 el 16 de abril de 1927 en Marktam Inn, di\u00f3cesis de Passau, Alemania. Era hijo de un comisario de gendarmer\u00ed\u00ada que proven\u00ed\u00ada de una familia de agricultores. En los \u00faltimos meses de la II Guerra Mundial fue llamado a filas en los servicios auxiliares antia\u00e9reos.<\/p>\n<p>    Estudi\u00f3 entre 1946 y1951 Filosof\u00ed\u00ada y Teolog\u00ed\u00ada en la Universidad de Munich. Fue ordenado sacerdote el  29 de junio de 1951 y luego ejerci\u00f3 la docencia desde 1957 a 1969 en el seminario de Freisig. En este tiempo pas\u00f3 como docente por Bonn, Munsta y Tubinga.<\/p>\n<p>    En 1962 fue a Roma como consejero teol\u00f3gico del cardenal Frings en el Concilio Vaticano II. En las revueltas de Mayo del 68 actu\u00f3 como defensor de la fe frente al marxismo y el ate\u00ed\u00adsmo de la juventud.<\/p>\n<p>    El 24 de marzo de 1977 Pablo VI le nombr\u00f3 arzobispo de Munich y Freising, puesto en el que fue consagrado el 28 de Mayo siguiente.  El 27 de junio de 1977 fue designado Cardenal.<\/p>\n<p>     En 1981 fue designado por el Papa Juan Pablo II prefecto de la Congregaci\u00f3n para la Doctrina de la Fe, la cual se encarga de vigilar la ortodoxia de la doctrina cat\u00f3lica. Sufri\u00f3 una hemorragia cerebral en Septiembre de 1991 pero se repuso con facilidad. Brazo derecho de Juan Pablo II, le mantuvo en el cargo de Prefecto de la Doctrina Cristiana de forma permanente.<\/p>\n<p>    Afecto al Opus Dei, en 1997 present\u00f3 en Pamplona su autobiograf\u00ed\u00ada: &#8216;Mi vida. Mis recuerdos\u00bb (1927-1977). En 1998 fue investido Doctor &#8216;honoris causa&#8217; por la Universidad de Navarra y en el 2000 lo fue por la Facultad Teol\u00f3gica Papal de Wroclaw (Polonia). Desde el 30 de noviembre de 2002 fue decano del Colegio Cardenalicio. A la muerte de Juan Pablo II fue designado Papa en el Conclave breve que sigui\u00f3 a la muerte del Pontifice, el 19 de Abril de 2005.<\/p>\n<p>Pedro Chico Gonz\u00e1lez, Diccionario de Catequesis y Pedagog\u00ed\u00ada Religiosa, Editorial Bru\u00f1o, Lima, Per\u00fa 2006<\/p>\n<p><b>Fuente: Diccionario de Catequesis y Pedagog\u00eda Religiosa<\/b><\/p>\n","protected":false},"excerpt":{"rendered":"<p>[960](1927-) Su nombre es Joseph Ratzinger y, antes de ser elegido Papa, era Prefecto de la Congregaci\u00f3n para la Doctrina de la Fe desde el a\u00f1o1983, es decir a lo largo de 23 a\u00f1os. Naci\u00f3 el 16 de abril de 1927 en Marktam Inn, di\u00f3cesis de Passau, Alemania. Era hijo de un comisario de gendarmer\u00ed\u00ada &hellip; <a href=\"https:\/\/www.biblia.work\/diccionarios\/benedicto-xvi\/\" class=\"more-link\">Continuar leyendo<span class=\"screen-reader-text\"> \u00abBENEDICTO XVI\u00bb<\/span><\/a><\/p>\n","protected":false},"author":1,"featured_media":0,"comment_status":"open","ping_status":"open","sticky":false,"template":"","format":"standard","meta":{"footnotes":""},"categories":[4],"tags":[],"class_list":["post-9903","post","type-post","status-publish","format-standard","hentry","category-diccionario"],"_links":{"self":[{"href":"https:\/\/www.biblia.work\/diccionarios\/wp-json\/wp\/v2\/posts\/9903","targetHints":{"allow":["GET"]}}],"collection":[{"href":"https:\/\/www.biblia.work\/diccionarios\/wp-json\/wp\/v2\/posts"}],"about":[{"href":"https:\/\/www.biblia.work\/diccionarios\/wp-json\/wp\/v2\/types\/post"}],"author":[{"embeddable":true,"href":"https:\/\/www.biblia.work\/diccionarios\/wp-json\/wp\/v2\/users\/1"}],"replies":[{"embeddable":true,"href":"https:\/\/www.biblia.work\/diccionarios\/wp-json\/wp\/v2\/comments?post=9903"}],"version-history":[{"count":0,"href":"https:\/\/www.biblia.work\/diccionarios\/wp-json\/wp\/v2\/posts\/9903\/revisions"}],"wp:attachment":[{"href":"https:\/\/www.biblia.work\/diccionarios\/wp-json\/wp\/v2\/media?parent=9903"}],"wp:term":[{"taxonomy":"category","embeddable":true,"href":"https:\/\/www.biblia.work\/diccionarios\/wp-json\/wp\/v2\/categories?post=9903"},{"taxonomy":"post_tag","embeddable":true,"href":"https:\/\/www.biblia.work\/diccionarios\/wp-json\/wp\/v2\/tags?post=9903"}],"curies":[{"name":"wp","href":"https:\/\/api.w.org\/{rel}","templated":true}]}}