{"id":9959,"date":"2016-02-05T07:13:29","date_gmt":"2016-02-05T12:13:29","guid":{"rendered":"http:\/\/www.biblia.work\/diccionarios\/borja-san-francisco\/"},"modified":"2016-02-05T07:13:29","modified_gmt":"2016-02-05T12:13:29","slug":"borja-san-francisco","status":"publish","type":"post","link":"https:\/\/www.biblia.work\/diccionarios\/borja-san-francisco\/","title":{"rendered":"BORJA. SAN FRANCISCO"},"content":{"rendered":"<p>[954](1511-1572)<\/p>\n<p>    Jesuita espa\u00f1ol, tercer general de la Compa\u00f1\u00ed\u00ada de Jes\u00fas. Antes de ingresar en la Compa\u00f1\u00ed\u00ada fue \u00abGrande de  Espa\u00f1a\u00bb y cuarto duque de Gand\u00ed\u00ada (su se\u00f1or\u00ed\u00ado).<\/p>\n<p>    Era descendiente del papa Alejandro VI, de la familia de los Borgias, y del rey Fernando II el Cat\u00f3lico. A los 29 a\u00f1os fue designado virrey de Catalu\u00f1a. Tuvo ocho hijos con su esposa Leonor de Castro. Asisti\u00f3 al morir a su amigo Garcilaso de la Vega, herido en la Provenza y llevado a Niza.<\/p>\n<p>    En 1539 llev\u00f3 a la capilla real de Granada el cad\u00e1ver de la emperatriz Isabel de Portugal. Al testificar la realidad del cad\u00e1ver y contemplar la deformaci\u00f3n de la que hab\u00ed\u00ada sido dechado de belleza, pronunci\u00f3 las palabras que expresaban su decepci\u00f3n de las vanidades del mundo: \u00abNo servir\u00e9 m\u00e1s a se\u00f1or que se me pueda morir\u00bb.<\/p>\n<p>   En 1546 falleci\u00f3 su esposa. Realiz\u00f3 ejercicios espirituales ignacianos y decidi\u00f3 ingresar en la Compa\u00f1\u00ed\u00ada de Jes\u00fas, lo que hizo en secreto de inmediato. Fue ordenado sacerdote en 1551. Ocup\u00f3 diversos cargos en la Orden y en 1565 fue elegido Superior General, tras la muerte de Diego La\u00ed\u00adnez.<\/p>\n<p>    Muri\u00f3 en Roma en 1572. Fue canonizado en 1671 y su festividad lit\u00fargica se celebra el 3 de octubre.<\/p>\n<p>Pedro Chico Gonz\u00e1lez, Diccionario de Catequesis y Pedagog\u00ed\u00ada Religiosa, Editorial Bru\u00f1o, Lima, Per\u00fa 2006<\/p>\n<p><b>Fuente: Diccionario de Catequesis y Pedagog\u00eda Religiosa<\/b><\/p>\n","protected":false},"excerpt":{"rendered":"<p>[954](1511-1572) Jesuita espa\u00f1ol, tercer general de la Compa\u00f1\u00ed\u00ada de Jes\u00fas. Antes de ingresar en la Compa\u00f1\u00ed\u00ada fue \u00abGrande de Espa\u00f1a\u00bb y cuarto duque de Gand\u00ed\u00ada (su se\u00f1or\u00ed\u00ado). Era descendiente del papa Alejandro VI, de la familia de los Borgias, y del rey Fernando II el Cat\u00f3lico. A los 29 a\u00f1os fue designado virrey de Catalu\u00f1a. &hellip; <a href=\"https:\/\/www.biblia.work\/diccionarios\/borja-san-francisco\/\" class=\"more-link\">Continuar leyendo<span class=\"screen-reader-text\"> \u00abBORJA. SAN FRANCISCO\u00bb<\/span><\/a><\/p>\n","protected":false},"author":1,"featured_media":0,"comment_status":"open","ping_status":"open","sticky":false,"template":"","format":"standard","meta":{"footnotes":""},"categories":[4],"tags":[],"class_list":["post-9959","post","type-post","status-publish","format-standard","hentry","category-diccionario"],"_links":{"self":[{"href":"https:\/\/www.biblia.work\/diccionarios\/wp-json\/wp\/v2\/posts\/9959","targetHints":{"allow":["GET"]}}],"collection":[{"href":"https:\/\/www.biblia.work\/diccionarios\/wp-json\/wp\/v2\/posts"}],"about":[{"href":"https:\/\/www.biblia.work\/diccionarios\/wp-json\/wp\/v2\/types\/post"}],"author":[{"embeddable":true,"href":"https:\/\/www.biblia.work\/diccionarios\/wp-json\/wp\/v2\/users\/1"}],"replies":[{"embeddable":true,"href":"https:\/\/www.biblia.work\/diccionarios\/wp-json\/wp\/v2\/comments?post=9959"}],"version-history":[{"count":0,"href":"https:\/\/www.biblia.work\/diccionarios\/wp-json\/wp\/v2\/posts\/9959\/revisions"}],"wp:attachment":[{"href":"https:\/\/www.biblia.work\/diccionarios\/wp-json\/wp\/v2\/media?parent=9959"}],"wp:term":[{"taxonomy":"category","embeddable":true,"href":"https:\/\/www.biblia.work\/diccionarios\/wp-json\/wp\/v2\/categories?post=9959"},{"taxonomy":"post_tag","embeddable":true,"href":"https:\/\/www.biblia.work\/diccionarios\/wp-json\/wp\/v2\/tags?post=9959"}],"curies":[{"name":"wp","href":"https:\/\/api.w.org\/{rel}","templated":true}]}}