{"id":10001,"date":"2016-12-16T02:15:03","date_gmt":"2016-12-16T07:15:03","guid":{"rendered":"http:\/\/www.biblia.work\/noticias\/hacia-una-iglesia-autoctona\/"},"modified":"2016-12-16T02:15:03","modified_gmt":"2016-12-16T07:15:03","slug":"hacia-una-iglesia-autoctona","status":"publish","type":"post","link":"https:\/\/www.biblia.work\/noticias\/hacia-una-iglesia-autoctona\/","title":{"rendered":"Hacia una Iglesia aut\u00f3ctona"},"content":{"rendered":"<p style=\"text-align: justify\">&nbsp;<\/p>\n<p style=\"text-align: justify\">&nbsp;<\/p>\n<p align=\"RIGHT\"><span style=\"font-size: medium\">+ Felipe Arizmendi Esquivel<br \/>\n<\/span><span style=\"font-size: medium\">Obispo de San Crist\u00f3bal de Las Casas<\/span><\/p>\n<p style=\"text-align: justify\">VER<\/p>\n<p style=\"text-align: justify\">&nbsp;<\/p>\n<p style=\"text-align: justify\">\u00a1Con cu\u00e1nta emoci\u00f3n, hasta las l\u00e1grimas, hemos vivido las ordenaciones de nuevos di\u00e1conos permanentes! \u00a1Con cu\u00e1nta ilusi\u00f3n esperamos las pr\u00f3ximas ordenaciones de tres nuevos presb\u00edteros y de un di\u00e1cono transitorio! Todos ellos son chiapanecos, nacidos en nuestro territorio diocesano. \u00a1Son aut\u00f3ctonos! Casi todos los di\u00e1conos permanentes que tenemos son ind\u00edgenas de las cinco etnias: tseltales, tsotsiles, ch\u2019oles, tojolabales y zoques. Pasaron varios a\u00f1os para que la Santa Sede nos permitiera continuar ordenando di\u00e1conos permanentes, despu\u00e9s de muchos di\u00e1logos y habiendo hecho las precisiones necesarias. El di\u00e1logo eclesial, en fe y oraci\u00f3n, da frutos.<\/p>\n<p style=\"text-align: justify\">Contamos ya con 11 sacerdotes ind\u00edgenas, nativos de aqu\u00ed. De los 68 alumnos de nuestro Seminario, 21 de los cuales cursan Teolog\u00eda, m\u00e1s de la mitad son ind\u00edgenas. De los casi 8,000 catequistas que trabajan en la evangelizaci\u00f3n, la gran mayor\u00eda con comunidades y adultos, sin descuidar a los ni\u00f1os, un alto porcentaje son ind\u00edgenas. Y esto es natural, pues nuestra di\u00f3cesis, con una poblaci\u00f3n de un poco m\u00e1s de dos millones de habitantes, tiene un 75 por ciento de poblaci\u00f3n ind\u00edgena, que vive su cultura en su vida ordinaria, y no la reduce a un folcklor, ni la guarda en un museo. No podr\u00edamos dejar de dar los pasos necesarios para lograr ser una Iglesia aut\u00f3ctona.<\/p>\n<p style=\"text-align: justify\">Sin embargo, un connotado arzobispo, ya em\u00e9rito, en una de nuestras asambleas episcopales me increpaba el por qu\u00e9 yo usaba esa expresi\u00f3n. Le sonaba como a algo no acorde con la doctrina y la praxis de la Iglesia. De igual modo, algunos cardenales en Roma, ahora ya retirados, me insist\u00edan que dejara de usar ese t\u00e9rmino. Que mejor hablara de Iglesia inculturada, encarnada, pero no aut\u00f3ctona. Siempre respond\u00ed que lo dejar\u00eda de hacer cuando hubiera un Concilio Vaticano III, que prohibiera lo que hab\u00eda ordenado el II.<\/p>\n<p style=\"text-align: justify\">PENSAR<br \/>\nEn efecto, el Concilio Vaticano II, en su Decreto Ad gentes, en el No. 6 claramente dice: \u201cDeben crecer de la semilla de la Palabra de Dios en todo el mundo Iglesias particulares aut\u00f3ctonas suficientemente fundadas y dotadas de propias energ\u00edas y maduras, que, provistas suficientemente de jerarqu\u00eda propia, unida al pueblo fiel, y de medios apropiados para llevar una vida plenamente cristiana, contribuyan, en la parte que les corresponde, al bien de toda la Iglesia. El medio principal para esta plantaci\u00f3n es la predicaci\u00f3n del Evangelio de Cristo. Para anunciarlo envi\u00f3 el Se\u00f1or a sus disc\u00edpulos a todo el mundo, a fin de que los hombres, renacidos por la Palabra de Dios, ingresen por el bautismo en la Iglesia, la cual, como cuerpo del Verbo Encarnado que es, se alimenta y vive de la Palabra de Dios y del pan eucar\u00edstico\u201d.<\/p>\n<p style=\"text-align: justify\">\u201cDeben crecer\u2026 en todo el mundo Iglesias particulares aut\u00f3ctonas\u201d. Es un imperativo: \u201cDeben crecer\u201d.<\/p>\n<p style=\"text-align: justify\">Es lo que estamos procurando llevar a la pr\u00e1ctica, con el gozo de ir teniendo m\u00e1s y m\u00e1s una \u201cjerarqu\u00eda propia\u201d, con las vocaciones nativas que Dios, por pura gracia y misericordia, nos est\u00e1 regalando.<\/p>\n<p style=\"text-align: justify\">Hemos de advertir lo que mi predecesor, Don Samuel Ruiz Garc\u00eda, indicaba en la nota No. 1 del III S\u00ednodo Diocesano: \u201cAut\u00f3ctono no debe confundirse con aut\u00f3nomo. De acuerdo con el Concilio Vaticano II nosotros, en este documento, no hablamos de una Iglesia aut\u00f3noma, sino de una Iglesia aut\u00f3ctona&#8230; La Iglesia particular mantiene diversidad de pr\u00e1cticas en la unidad de la fe&#8230; Es cat\u00f3lica precisamente por su situaci\u00f3n geogr\u00e1fica, por su diversidad cultural y, principalmente, por su unidad en la fe. Su catolicidad se realiza al estar en comuni\u00f3n con otras Iglesias locales, bajo la presidencia de la Iglesia de Roma\u201d.<\/p>\n<p style=\"text-align: justify\">Y m\u00e1s adelante: \u201cEn nuestra Di\u00f3cesis sabemos que una Iglesia aut\u00f3ctona no es una Iglesia independiente, separada de las dem\u00e1s&#8230; Una Iglesia aut\u00f3ctona cat\u00f3lica siempre estar\u00e1 en comuni\u00f3n con las dem\u00e1s Iglesias particulares y con la Iglesia que preside quien est\u00e1 a la cabeza de la caridad; siempre ser\u00e1 una Iglesia fiel a la Tradici\u00f3n; abierta a las experiencias de las Di\u00f3cesis hermanas que puedan enriquecerla, y tambi\u00e9n consciente de su vocaci\u00f3n misionera hacia otras naciones, aun cuando tenga escasez de clero\u201d.<\/p>\n<p style=\"text-align: justify\">ACTUAR<br \/>\nOremos para que el Se\u00f1or nos siga regalando variadas vocaciones nativas y sigamos esforz\u00e1ndonos por ser muy fieles a la Iglesia universal, con Pedro y bajo Pedro, con un coraz\u00f3n abierto a los pueblos originarios que conforman nuestra Iglesia local.<\/p>\n<p><span class=\"et_bloom_bottom_trigger\"><\/span><\/p>\n<p><a href=\"https:\/\/es.zenit.org\/\" target=\"_blank\" rel=\"nofollow\">Fuente: es.zenit.org<\/a><\/p>\n","protected":false},"excerpt":{"rendered":"<p>&nbsp; &nbsp; + Felipe Arizmendi Esquivel Obispo de San Crist\u00f3bal de Las Casas VER &nbsp; \u00a1Con cu\u00e1nta emoci\u00f3n, hasta las l\u00e1grimas, hemos vivido las ordenaciones de nuevos di\u00e1conos permanentes! \u00a1Con cu\u00e1nta ilusi\u00f3n esperamos las pr\u00f3ximas ordenaciones de tres nuevos presb\u00edteros y de un di\u00e1cono transitorio! Todos ellos son chiapanecos, nacidos en nuestro territorio diocesano. \u00a1Son &hellip; <a href=\"https:\/\/www.biblia.work\/noticias\/hacia-una-iglesia-autoctona\/\" class=\"more-link\">Continuar leyendo<span class=\"screen-reader-text\"> \u00abHacia una Iglesia aut\u00f3ctona\u00bb<\/span><\/a><\/p>\n","protected":false},"author":1,"featured_media":0,"comment_status":"open","ping_status":"closed","sticky":false,"template":"","format":"standard","meta":{"footnotes":""},"categories":[1],"tags":[],"class_list":["post-10001","post","type-post","status-publish","format-standard","hentry","category-general"],"_links":{"self":[{"href":"https:\/\/www.biblia.work\/noticias\/wp-json\/wp\/v2\/posts\/10001","targetHints":{"allow":["GET"]}}],"collection":[{"href":"https:\/\/www.biblia.work\/noticias\/wp-json\/wp\/v2\/posts"}],"about":[{"href":"https:\/\/www.biblia.work\/noticias\/wp-json\/wp\/v2\/types\/post"}],"author":[{"embeddable":true,"href":"https:\/\/www.biblia.work\/noticias\/wp-json\/wp\/v2\/users\/1"}],"replies":[{"embeddable":true,"href":"https:\/\/www.biblia.work\/noticias\/wp-json\/wp\/v2\/comments?post=10001"}],"version-history":[{"count":0,"href":"https:\/\/www.biblia.work\/noticias\/wp-json\/wp\/v2\/posts\/10001\/revisions"}],"wp:attachment":[{"href":"https:\/\/www.biblia.work\/noticias\/wp-json\/wp\/v2\/media?parent=10001"}],"wp:term":[{"taxonomy":"category","embeddable":true,"href":"https:\/\/www.biblia.work\/noticias\/wp-json\/wp\/v2\/categories?post=10001"},{"taxonomy":"post_tag","embeddable":true,"href":"https:\/\/www.biblia.work\/noticias\/wp-json\/wp\/v2\/tags?post=10001"}],"curies":[{"name":"wp","href":"https:\/\/api.w.org\/{rel}","templated":true}]}}