{"id":10003,"date":"2016-12-16T06:15:02","date_gmt":"2016-12-16T11:15:02","guid":{"rendered":"http:\/\/www.biblia.work\/noticias\/el-presidente-de-colombia-al-papa-en-la-audiencia-necesitamos-su-ayuda\/"},"modified":"2016-12-16T06:15:02","modified_gmt":"2016-12-16T11:15:02","slug":"el-presidente-de-colombia-al-papa-en-la-audiencia-necesitamos-su-ayuda","status":"publish","type":"post","link":"https:\/\/www.biblia.work\/noticias\/el-presidente-de-colombia-al-papa-en-la-audiencia-necesitamos-su-ayuda\/","title":{"rendered":"El presidente de Colombia al Papa en la audiencia: \u201cNecesitamos su ayuda\u201d"},"content":{"rendered":"<p style=\"text-align: justify\">(ZENIT \u2013 Ciudad del Vaticano).- El papa Francisco recibi\u00f3 este viernes en el Vaticano, al presidente de Colombia, Juan Manuel Santos, en una audiencia que dur\u00f3 veinte minutos.<\/p>\n<p style=\"text-align: justify\">El presidente lleg\u00f3 a las 10,35, con diez acompa\u00f1antes, entre los cuales la esposa y sus tres hijos; la ministra de Exteriores, Mar\u00eda \u00c1ngela Holgu\u00edn Cu\u00e9llar; adem\u00e1s del general Naranjo que tom\u00f3 parte en las negociaciones de paz, y el embajador de Colombia ante la Santa Sede, Guillermo Le\u00f3n Escobar Herr\u00e1n.<\/p>\n<p style=\"text-align: justify\">El Papa se acerc\u00f3 y al recibirlo le dijo: \u201cBienvenido, gusto de verlo es su tercera venida\u201d. Todo se desarroll\u00f3 seg\u00fan el protocollo. Al sentarse el presidente le dijo: \u201cNecesitamos su ayuda\u201d.<\/p>\n<p style=\"text-align: justify\">El mandatario colombiano le regal\u00f3 un \u201cbaligrafo\u201d o sea un bol\u00edgrafo o lapicero realizado con un cartucho de ametralladora calibre 50, en el que estaba grabada la frase: \u201cLas balas han escrito nuestro pasado, la paz es nuestro futuro&#8221;.<\/p>\n<p style=\"text-align: justify\">Tambi\u00e9n le regalaron una peque\u00f1a porcelana con orquideas, la flor nacional de Colombia y s\u00edmbolo de la paz, realizada por una artista colombiana.<\/p>\n<p style=\"text-align: justify\">Papa por su parte le entreg\u00f3\u00a0el medall\u00f3n de la Paz, adem\u00e1s del &#8216;Mensaje del d\u00eda mundial de la Paz&#8217; y tres libros que el Papa resumi\u00f3 como \u201cmis tres libros sobre la ecolog\u00eda\u201d. Al salir el presidente le entreg\u00f3 un sobre blanco cerrado.<\/p>\n<p style=\"text-align: justify\">Por su parte el ex-presidente Alvaro Uribe, lleg\u00f3 a Roma hacia el medio d\u00eda, poco despu\u00e9s que la audiencia hab\u00eda terminado, tras una invitaci\u00f3n realizada ayer por el cardenal Parol\u00edn, que fue realizada a \u00faltimo momento. Uribe durante la\u00a0plenaria en el Senado de su pa\u00eds inform\u00f3 que part\u00eda hacia el Vaticano , indicando que le hab\u00edan apenas invitado.<\/p>\n<p><span class=\"et_bloom_bottom_trigger\"><\/span><\/p>\n<p><a href=\"https:\/\/es.zenit.org\/\" target=\"_blank\" rel=\"nofollow\">Fuente: es.zenit.org<\/a><\/p>\n","protected":false},"excerpt":{"rendered":"<p>(ZENIT \u2013 Ciudad del Vaticano).- El papa Francisco recibi\u00f3 este viernes en el Vaticano, al presidente de Colombia, Juan Manuel Santos, en una audiencia que dur\u00f3 veinte minutos. El presidente lleg\u00f3 a las 10,35, con diez acompa\u00f1antes, entre los cuales la esposa y sus tres hijos; la ministra de Exteriores, Mar\u00eda \u00c1ngela Holgu\u00edn Cu\u00e9llar; adem\u00e1s &hellip; <a href=\"https:\/\/www.biblia.work\/noticias\/el-presidente-de-colombia-al-papa-en-la-audiencia-necesitamos-su-ayuda\/\" class=\"more-link\">Continuar leyendo<span class=\"screen-reader-text\"> \u00abEl presidente de Colombia al Papa en la audiencia: \u201cNecesitamos su ayuda\u201d\u00bb<\/span><\/a><\/p>\n","protected":false},"author":1,"featured_media":0,"comment_status":"open","ping_status":"closed","sticky":false,"template":"","format":"standard","meta":{"footnotes":""},"categories":[1],"tags":[],"class_list":["post-10003","post","type-post","status-publish","format-standard","hentry","category-general"],"_links":{"self":[{"href":"https:\/\/www.biblia.work\/noticias\/wp-json\/wp\/v2\/posts\/10003","targetHints":{"allow":["GET"]}}],"collection":[{"href":"https:\/\/www.biblia.work\/noticias\/wp-json\/wp\/v2\/posts"}],"about":[{"href":"https:\/\/www.biblia.work\/noticias\/wp-json\/wp\/v2\/types\/post"}],"author":[{"embeddable":true,"href":"https:\/\/www.biblia.work\/noticias\/wp-json\/wp\/v2\/users\/1"}],"replies":[{"embeddable":true,"href":"https:\/\/www.biblia.work\/noticias\/wp-json\/wp\/v2\/comments?post=10003"}],"version-history":[{"count":0,"href":"https:\/\/www.biblia.work\/noticias\/wp-json\/wp\/v2\/posts\/10003\/revisions"}],"wp:attachment":[{"href":"https:\/\/www.biblia.work\/noticias\/wp-json\/wp\/v2\/media?parent=10003"}],"wp:term":[{"taxonomy":"category","embeddable":true,"href":"https:\/\/www.biblia.work\/noticias\/wp-json\/wp\/v2\/categories?post=10003"},{"taxonomy":"post_tag","embeddable":true,"href":"https:\/\/www.biblia.work\/noticias\/wp-json\/wp\/v2\/tags?post=10003"}],"curies":[{"name":"wp","href":"https:\/\/api.w.org\/{rel}","templated":true}]}}