{"id":10019,"date":"2016-12-16T13:40:03","date_gmt":"2016-12-16T18:40:03","guid":{"rendered":"http:\/\/www.biblia.work\/noticias\/dios-no-abandono-a-su-pueblo-y-no-ha-sido-derrotado-por-el-mal-porque-es-fiel-y-mas-grande-que-el-pecado-asevero-el-papa\/"},"modified":"2016-12-16T13:40:03","modified_gmt":"2016-12-16T18:40:03","slug":"dios-no-abandono-a-su-pueblo-y-no-ha-sido-derrotado-por-el-mal-porque-es-fiel-y-mas-grande-que-el-pecado-asevero-el-papa","status":"publish","type":"post","link":"https:\/\/www.biblia.work\/noticias\/dios-no-abandono-a-su-pueblo-y-no-ha-sido-derrotado-por-el-mal-porque-es-fiel-y-mas-grande-que-el-pecado-asevero-el-papa\/","title":{"rendered":"Dios no abandon\u00f3 a su pueblo y no ha sido derrotado por el mal, porque es fiel y m\u00e1s grande que el pecado, asever\u00f3 el Papa"},"content":{"rendered":"<p> <img src='http:\/\/media02.radiovaticana.va\/photo\/2016\/12\/16\/RV21966_Thumbnail.jpg' alt='' align='left' hspace='5'> <\/p>\n<p><span style=\"line-height: 1.6\">(RV).- Crece la comunidad de oyentes que eligen las <strong>Redes Sociales<\/strong> para informarse y escuchar la programaci&oacute;n de <strong>Radio Vaticana<\/strong>. Por eso, cada viernes elaboramos un resumen con las publicaciones m&aacute;s vistas y compartidas por nuestros seguidores en <a target=\"_blank\" rel=\"nofollow\" href=\"https:\/\/www.facebook.com\/RadioVaticanaEspanol\/\">Facebook<\/a> y <a target=\"_blank\" rel=\"nofollow\" href=\"https:\/\/twitter.com\/news_va_es\">Twitter<\/a>. En tan s&oacute;lo cinco minutos, hacemos un &laquo;repaso virtual&raquo; de lo m&aacute;s destacado de la semana, concerniente a las actividades del Papa Francisco y de la Santa Sede:<\/span><\/p>\n<p><span><br \/>\n<audio class=\"video-js vjs-default-skin vjs-big-play-button-centered rv-custom-audio\" controls=\"\" id=\"audioItem_9137539\" preload=\"none\"><\/audio><br \/>\n<span class=\"rv-audio-download\"><a href=\"http:\/\/media02.radiovaticana.va\/audio\/audio2\/mp3\/00562238.mp3\" title=\"Download audio\"><img decoding=\"async\" src=\"http:\/\/es.radiovaticana.va\/Modules\/Presentation\/Styles\/images-common\/icons\/download-audio-mp3_off.png\" style=\"height: 30px\" \/><\/a><\/span> <\/span><\/p>\n<p><span style=\"line-height: 1.6\">Comenzamos con el <a target=\"_blank\" rel=\"nofollow\" href=\"http:\/\/es.radiovaticana.va\/news\/2016\/12\/11\/alepo_llamamiento_papa_francisco_radio_vaticana\/1278269\">llamamiento del Papa Francisco<\/a>, el domingo 11 de diciembre a la hora del <a target=\"_blank\" rel=\"nofollow\" href=\"http:\/\/es.radiovaticana.va\/news\/2016\/12\/11\/llamados_a_compartir_la_alegr%C3%ADa_por_la_venida_de_jes%C3%BAs\/1278289\">&Aacute;ngelus<\/a>, invit&aacute;ndonos a optar por una &laquo;elecci&oacute;n de civismo&raquo;, que despierte la conciencia ciudadana ante la terrible situaci&oacute;n de guerra y violencia que sufren los hermanos de Alepo en Siria, reafirmado con una <a target=\"_blank\" rel=\"nofollow\" href=\"http:\/\/es.radiovaticana.va\/news\/2016\/12\/13\/papa_invoca_la_paz_en_siria_con_un_llamamiento_assad\/1278667\">carta<\/a> que envi&oacute; al presidente sirio Assad, en el que reitera una vez m&aacute;s su condena a toda forma de extremismo y violencia.<\/span><\/p>\n<p><span style=\"line-height: 1.6\">Posteriormente el Santo Padre bendijo las im&aacute;genes del &laquo;Ni&ntilde;o Jes&uacute;s&raquo; que llevaron los peregrinos a la Plaza de San Pedro, y que adornar&aacute;n los pesebres familiares en esta Navidad.&nbsp;<\/span><span style=\"line-height: 1.6\">Las <strong>fotograf&iacute;as<\/strong>&nbsp;de este momento de la bendici&oacute;n fueron las m&aacute;s compartidas por nuestros seguidores. Pueden verlas en este <a target=\"_blank\" rel=\"nofollow\" href=\"https:\/\/www.facebook.com\/RadioVaticanaEspanol\/photos\/pcb.1214441055317632\/1214431135318624\/?type=3&amp;theater\">enlace<\/a>.<\/span><\/p>\n<p><span style=\"line-height: 1.6\">La tarde del lunes 12 de diciembre tuvo lugar la celebraci&oacute;n de la Misa en honor a la <strong>Virgen de Guadalupe<\/strong>, presidida por el Papa Francisco en la Bas&iacute;lica de San Pedro.&nbsp;<\/span><span style=\"line-height: 1.6\">En su&nbsp;<a target=\"_blank\" rel=\"nofollow\" href=\"http:\/\/es.radiovaticana.va\/news\/2016\/12\/12\/homilia_papa_francisco_-_misa_virgen_de_guadalupe_-_12_dicie\/1278561\">homil&iacute;a<\/a> el Obispo de Roma se centr&oacute; en la figura maternal y conciliadora de la Virgen Mar&iacute;a. Encontrar&aacute;n el video de la retransmisi&oacute;n de la misa, as&iacute; como nuestra radio cr&oacute;nica en nuestro canal de <a target=\"_blank\" rel=\"nofollow\" href=\"https:\/\/www.youtube.com\/watch?v=tsfhSKHx1kU\">Youtube<\/a>.<\/span><\/p>\n<p><span style=\"line-height: 1.6\">Esa misma noche, recibimos la noticia del <a target=\"_blank\" rel=\"nofollow\" href=\"http:\/\/es.radiovaticana.va\/news\/2016\/12\/13\/falleci%C3%B3_mons_javier_echevarr%C3%ADa,_hombre_cercano_a_la_gente\/1278682\">fallecimiento de Mons. Javier Echevarr&iacute;a<\/a>, obispo espa&ntilde;ol, segundo sucesor de San Jos&eacute;mar&iacute;a Escriv&aacute; de Balaguer, fundador del Opus Dei, a los 84 a&ntilde;os de edad. Coincidiendo con la festividad de la <strong>Virgen de Guadalupe,<\/strong> confiamos en que nuestra Madre lo acompa&ntilde;e en su &laquo;descanso eterno&raquo;.<\/span><\/p>\n<p><span style=\"line-height: 1.6\">Otra de nuestras noticias con mayor difusi&oacute;n:&nbsp;&laquo;Impulsar la paz y el desarme, erradicar la pobreza y la trata de personas, restituir dignidad a los excluidos, cuidar la naturaleza&raquo;, as&iacute; se lee en el mensaje enviado por el Papa al noveno <a target=\"_blank\" rel=\"nofollow\" href=\"http:\/\/es.radiovaticana.va\/news\/2016\/12\/13\/mensaje_del_papa_al_foro_global_sobre_migraciones_y_desarrol\/1278673\">Foro Global sobre migraciones y desarrollo<\/a>, que se celebr&oacute; en Daca, capital de <strong>Bangladesh<\/strong> del 10 al 12 de diciembre.&nbsp;<\/span><\/p>\n<p><span style=\"line-height: 1.6\">Y como siempre la <a target=\"_blank\" rel=\"nofollow\" href=\"http:\/\/es.radiovaticana.va\/news\/2016\/12\/14\/catequesis_papa_francisco_-_esperanza_cristiana_-_14_12_2016\/1278905\">catequesis<\/a> del Papa es la publicaci&oacute;n m&aacute;s esperada de la semana. Nuestros perfiles de Facebook y Twitter se llenaron de comentarios y reflexiones sobre las <a target=\"_blank\" rel=\"nofollow\" href=\"http:\/\/es.radiovaticana.va\/news\/2016\/12\/14\/acoger_en_el_coraz%C3%B3n_la_maravilla_de_la_navidad_el_papa_\/1278879\">palabras que pronunci&oacute; en espa&ntilde;ol<\/a>, el Pont&iacute;fice en su Audiencia General del 14 de diciembre.<\/span><\/p>\n<p>Por la tarde, el Santo Padre envi&oacute; su p&eacute;same al Arzobispo de S&atilde;o Paulo, Brasil, por el fallecimiento del cardenal <a target=\"_blank\" rel=\"nofollow\" href=\"http:\/\/es.radiovaticana.va\/news\/2016\/12\/15\/p%C3%A9same_del_papa_por_la_muerte_del_cardenal_arns\/1279360\">Paulo Evaristo Arns<\/a>, Arzobispo Em&eacute;rito de la misma arquidi&oacute;cesis, el d&iacute;a mi&eacute;rcoles 14 de diciembre a los 95 a&ntilde;os de edad.<\/p>\n<p><span style=\"line-height: 1.6\">A continuaci&oacute;n, ofrecemos un breve resumen de los titulares m&aacute;s compartidos en las <strong>Redes<\/strong>:&nbsp;<\/span><\/p>\n<p>&laquo;El <strong>impulso misionero <\/strong>y la sinodalidad se han considerado las dos l&iacute;neas claves de la reforma de los dicasterios vaticanos&raquo;, es en s&iacute;ntesis cuanto emerge de la XVII reuni&oacute;n del Papa Francisco&nbsp;con el <a target=\"_blank\" rel=\"nofollow\" href=\"http:\/\/es.radiovaticana.va\/news\/2016\/12\/15\/xvii_reuni%C3%B3n_del_consejo_de_cardenales_-_papa_francisco\/1279192\">Consejo de Cardenales<\/a> (C9), que colaboran en la reforma de la Curia romana y en el gobierno de la Iglesia universal, el jueves 15 de diciembre.<\/p>\n<p><span style=\"line-height: 1.6\">&laquo;El asombro ante las obras que Dios realiza: El Poderoso ha hecho obras grandes por m&iacute;&raquo;, es el tema del Mensaje del Santo Padre para la XXV <a target=\"_blank\" rel=\"nofollow\" href=\"http:\/\/es.radiovaticana.va\/news\/2016\/12\/15\/mensaje_papa_francisco_-_jornada_mundial_del_enfermo_2017\/1279241\">Jornada Mundial del Enfermo 2017<\/a>, que se celebrar&aacute; el pr&oacute;ximo 11 de febrero, en la fiesta de la <strong>Virgen de Lourdes<\/strong>.<\/span><\/p>\n<p><span style=\"line-height: 1.6\">&laquo;Vidas valientes. Vidas que dan la vida&raquo;. Fue el tema del encuentro, que se desarroll&oacute; en el encuentro del Papa con los <a target=\"_blank\" rel=\"nofollow\" href=\"http:\/\/es.radiovaticana.va\/news\/2016\/12\/15\/papa_francisco_recibi%C3%B3_a_comunidad_del_hospital_bambino_ges%C3%BA\/1279303\">peque&ntilde;os pacientes<\/a> del Hospital Ni&ntilde;o Jes&uacute;s, en Roma a quienes recibi&oacute; en audiencia el jueves 15 de diciembre en el Vaticano. Francisco exhort&oacute; a acompa&ntilde;ar y cuidar a los ni&ntilde;os que sufren con ternura y a <strong>no perder la esperanza<\/strong>, que es &laquo;la gasolina de la vida cristiana&raquo;.<\/span><\/p>\n<p><span style=\"line-height: 1.6\">El viernes 16 de diciembre el Pont&iacute;fice asisti&oacute; a la tercera <a target=\"_blank\" rel=\"nofollow\" href=\"http:\/\/es.radiovaticana.va\/news\/2016\/12\/16\/el_papa_asiste_a_la_tercera_predicaci%C3%B3n_de_adviento\/1279531\">Predicaci&oacute;n&nbsp;de Adviento<\/a> del Padre&nbsp;Raniero Cantalamessa, Predicador de la Casa Pontificia, cuyo tema fue: &laquo;La sobria embriaguez del Esp&iacute;ritu&raquo;.Y&nbsp;<\/span><span style=\"line-height: 1.6\">posteriormente recibi&oacute; en audiencia al <a target=\"_blank\" rel=\"nofollow\" href=\"http:\/\/es.radiovaticana.va\/news\/2016\/12\/16\/audiencia_del_papa_francisco_-_presidente_de_colombia\/1279584\">Presidente de Colombia<\/a>, Juan Manuel Santos.<\/span><\/p>\n<p>Finalizamos invit&aacute;ndolos a participar de la misa que celebrar&aacute; el <strong>Papa Francisco<\/strong> el s&aacute;bado 17 de diciembre, coincidiendo con el d&iacute;a de su <a target=\"_blank\" rel=\"nofollow\" href=\"https:\/\/www.facebook.com\/RadioVaticanaEspanol\/photos\/a.486567101438368.1073741828.486073988154346\/1220021044759633\/?type=3&amp;theater\">80 cumplea&ntilde;os<\/a>, junto a los cardenales en la capilla Paulina del Vaticano, a las 8 de la ma&ntilde;ana hora local de roma. Pueden seguir en directo la cr&oacute;nica de Radio Vaticana en nuestro canal de <a target=\"_blank\" rel=\"nofollow\" href=\"https:\/\/www.youtube.com\/watch?v=V0iMUnPK7E4\">Youtube<\/a>.&nbsp;<\/p>\n<p>Encontrar&aacute;n los art&iacute;culos completos con los <strong>audios<\/strong> del Papa, as&iacute; como todas sus misas diarias en la Capilla de Santa Marta en nuestra p&aacute;gina&nbsp;<a target=\"_blank\" rel=\"nofollow\" href=\"http:\/\/es.radiovaticana.va\/\">Web<\/a>.<\/p>\n<p>(SL-RV)<\/p>\n<p><a href=\"http:\/\/es.radiovaticana.va\" target=\"_blank\" rel=\"nofollow\">Fuente: es.radiovaticana.va<\/a><\/p>\n","protected":false},"excerpt":{"rendered":"<p>(RV).- Crece la comunidad de oyentes que eligen las Redes Sociales para informarse y escuchar la programaci&oacute;n de Radio Vaticana. Por eso, cada viernes elaboramos un resumen con las publicaciones m&aacute;s vistas y compartidas por nuestros seguidores en Facebook y Twitter. En tan s&oacute;lo cinco minutos, hacemos un &laquo;repaso virtual&raquo; de lo m&aacute;s destacado de &hellip; <a href=\"https:\/\/www.biblia.work\/noticias\/dios-no-abandono-a-su-pueblo-y-no-ha-sido-derrotado-por-el-mal-porque-es-fiel-y-mas-grande-que-el-pecado-asevero-el-papa\/\" class=\"more-link\">Continuar leyendo<span class=\"screen-reader-text\"> \u00abDios no abandon\u00f3 a su pueblo y no ha sido derrotado por el mal, porque es fiel y m\u00e1s grande que el pecado, asever\u00f3 el Papa\u00bb<\/span><\/a><\/p>\n","protected":false},"author":1,"featured_media":0,"comment_status":"open","ping_status":"closed","sticky":false,"template":"","format":"standard","meta":{"footnotes":""},"categories":[1],"tags":[],"class_list":["post-10019","post","type-post","status-publish","format-standard","hentry","category-general"],"_links":{"self":[{"href":"https:\/\/www.biblia.work\/noticias\/wp-json\/wp\/v2\/posts\/10019","targetHints":{"allow":["GET"]}}],"collection":[{"href":"https:\/\/www.biblia.work\/noticias\/wp-json\/wp\/v2\/posts"}],"about":[{"href":"https:\/\/www.biblia.work\/noticias\/wp-json\/wp\/v2\/types\/post"}],"author":[{"embeddable":true,"href":"https:\/\/www.biblia.work\/noticias\/wp-json\/wp\/v2\/users\/1"}],"replies":[{"embeddable":true,"href":"https:\/\/www.biblia.work\/noticias\/wp-json\/wp\/v2\/comments?post=10019"}],"version-history":[{"count":0,"href":"https:\/\/www.biblia.work\/noticias\/wp-json\/wp\/v2\/posts\/10019\/revisions"}],"wp:attachment":[{"href":"https:\/\/www.biblia.work\/noticias\/wp-json\/wp\/v2\/media?parent=10019"}],"wp:term":[{"taxonomy":"category","embeddable":true,"href":"https:\/\/www.biblia.work\/noticias\/wp-json\/wp\/v2\/categories?post=10019"},{"taxonomy":"post_tag","embeddable":true,"href":"https:\/\/www.biblia.work\/noticias\/wp-json\/wp\/v2\/tags?post=10019"}],"curies":[{"name":"wp","href":"https:\/\/api.w.org\/{rel}","templated":true}]}}