{"id":10024,"date":"2016-12-16T16:10:02","date_gmt":"2016-12-16T21:10:02","guid":{"rendered":"http:\/\/www.biblia.work\/noticias\/evangelicos-paraguayos-piden-orar-por-presidente-horacio-cartes\/"},"modified":"2016-12-16T16:10:02","modified_gmt":"2016-12-16T21:10:02","slug":"evangelicos-paraguayos-piden-orar-por-presidente-horacio-cartes","status":"publish","type":"post","link":"https:\/\/www.biblia.work\/noticias\/evangelicos-paraguayos-piden-orar-por-presidente-horacio-cartes\/","title":{"rendered":"Evang\u00e9licos paraguayos piden orar por presidente Horacio Cartes"},"content":{"rendered":"<p style=\"text-align: justify\">PARAGUAY. &#8211; La Asociaci\u00f3n de Ministros Evang\u00e9licos del Paraguay (AMEP) rechaz\u00f3 la postura de la Asociaci\u00f3n de Iglesias Evang\u00e9licas del Paraguay (ASIEP) y Asociaci\u00f3n de Pastores Evang\u00e9licos del Paraguay (APEP) sobre temas pol\u00edticos, e inst\u00f3 a sus fieles a orar por la gesti\u00f3n del presidente Horacio Cartes, informa Hoy.<\/p>\n<p style=\"text-align: justify\">\u201cDesautorizamos y nos declaramos ajenos a la postura pol\u00edtica oportunista dada por las mencionadas agrupaciones con el solo objetivo de responder a aun sector pol\u00edtico determinado, lo cual es causa de divisi\u00f3n del pueblo evang\u00e9lico\u201d, se\u00f1ala el comunicado.<\/p>\n<p style=\"text-align: justify\">Argumenta que la misi\u00f3n de dicha iglesia es la predicaci\u00f3n de las buenas nuevas del Evangelio, sin mezclar el divino mensaje con cuestiones temporales que solo atraen la divisi\u00f3n.<\/p>\n<p style=\"text-align: justify\">La AMEP convoca a sus fieles a orar por el presidente Horacio Cartes y todo el Gobierno, para que las gestiones beneficien a todo el pa\u00eds.<\/p>\n<p style=\"text-align: justify\">La nota va firmada por el ap\u00f3stol Bernardo Bobadilla, presidente de la AMEP, por el pastor Lorenzo Pavon, vicepresidente y por el pastor Dar\u00edo \u00c1ngel Ledesma, secretario.<\/p>\n<p style=\"text-align: justify\">La entrada <a rel=\"nofollow\" href=\"http:\/\/www.noticiacristiana.com\/sociedad\/politica\/2016\/12\/evangelicos-paraguayos-orar-presidente.html\">Evang\u00e9licos paraguayos piden orar por presidente Horacio Cartes<\/a> aparece primero en <a rel=\"nofollow\" href=\"http:\/\/www.noticiacristiana.com\">NoticiaCristiana.com<\/a>.<\/p>\n","protected":false},"excerpt":{"rendered":"<p>PARAGUAY. &#8211; La Asociaci\u00f3n de Ministros Evang\u00e9licos del Paraguay (AMEP) rechaz\u00f3 la postura de la Asociaci\u00f3n de Iglesias Evang\u00e9licas del Paraguay (ASIEP) y Asociaci\u00f3n de Pastores Evang\u00e9licos del Paraguay (APEP) sobre temas pol\u00edticos, e inst\u00f3 a sus fieles a orar por la gesti\u00f3n del presidente Horacio Cartes, informa Hoy. \u201cDesautorizamos y nos declaramos ajenos a &hellip; <a href=\"https:\/\/www.biblia.work\/noticias\/evangelicos-paraguayos-piden-orar-por-presidente-horacio-cartes\/\" class=\"more-link\">Continuar leyendo<span class=\"screen-reader-text\"> \u00abEvang\u00e9licos paraguayos piden orar por presidente Horacio Cartes\u00bb<\/span><\/a><\/p>\n","protected":false},"author":1,"featured_media":0,"comment_status":"open","ping_status":"closed","sticky":false,"template":"","format":"standard","meta":{"footnotes":""},"categories":[1],"tags":[],"class_list":["post-10024","post","type-post","status-publish","format-standard","hentry","category-general"],"_links":{"self":[{"href":"https:\/\/www.biblia.work\/noticias\/wp-json\/wp\/v2\/posts\/10024","targetHints":{"allow":["GET"]}}],"collection":[{"href":"https:\/\/www.biblia.work\/noticias\/wp-json\/wp\/v2\/posts"}],"about":[{"href":"https:\/\/www.biblia.work\/noticias\/wp-json\/wp\/v2\/types\/post"}],"author":[{"embeddable":true,"href":"https:\/\/www.biblia.work\/noticias\/wp-json\/wp\/v2\/users\/1"}],"replies":[{"embeddable":true,"href":"https:\/\/www.biblia.work\/noticias\/wp-json\/wp\/v2\/comments?post=10024"}],"version-history":[{"count":0,"href":"https:\/\/www.biblia.work\/noticias\/wp-json\/wp\/v2\/posts\/10024\/revisions"}],"wp:attachment":[{"href":"https:\/\/www.biblia.work\/noticias\/wp-json\/wp\/v2\/media?parent=10024"}],"wp:term":[{"taxonomy":"category","embeddable":true,"href":"https:\/\/www.biblia.work\/noticias\/wp-json\/wp\/v2\/categories?post=10024"},{"taxonomy":"post_tag","embeddable":true,"href":"https:\/\/www.biblia.work\/noticias\/wp-json\/wp\/v2\/tags?post=10024"}],"curies":[{"name":"wp","href":"https:\/\/api.w.org\/{rel}","templated":true}]}}