{"id":10027,"date":"2016-12-16T21:05:03","date_gmt":"2016-12-17T02:05:03","guid":{"rendered":"http:\/\/www.biblia.work\/noticias\/reza-esta-oracion-por-el-papa-francisco-en-su-cumpleanos\/"},"modified":"2016-12-16T21:05:03","modified_gmt":"2016-12-17T02:05:03","slug":"reza-esta-oracion-por-el-papa-francisco-en-su-cumpleanos","status":"publish","type":"post","link":"https:\/\/www.biblia.work\/noticias\/reza-esta-oracion-por-el-papa-francisco-en-su-cumpleanos\/","title":{"rendered":"Reza esta oraci\u00f3n por el Papa Francisco en su cumplea\u00f1os"},"content":{"rendered":"<p> REDACCI\u00d3N CENTRAL, 16 Dic. 16 (ACI).-<br \/>\n\tCada 17 de diciembre, desde hace 80 a&ntilde;os, se celebra el cumplea&ntilde;os del Papa Francisco y en esta ocasi&oacute;n les compartimos una breve oraci&oacute;n que se puede rezar en familia, grupo, comunidad o de manera personal para pedir por el Santo Padre.<\/p>\n<p style=\"text-align: justify\">\n\tOraci&oacute;n<\/p>\n<p>\tDios Padre, te doy gracias por nuestro hermano Jorge Mario Bergoglio, actual Papa Francisco, y de manera especial en este d&iacute;a que le has permitido cumplir un a&ntilde;o m&aacute;s de vida junto a tu Iglesia peregrina.<\/p>\n<p>\tTe pido que le des m&aacute;s a&ntilde;os junto a nosotros, seg&uacute;n sea tu voluntad,<\/p>\n<p>\tpara que pueda seguir compartiendo tu amor en el mundo<\/p>\n<p>\ty as&iacute; cumplir fielmente con la importante misi&oacute;n que le has encomendado al servicio de tu pueblo.<\/p>\n<p>\tDerrama sobre &eacute;l tu Esp&iacute;ritu Santo y conc&eacute;dele aquellos dones que necesita para que sea tu mensajero de paz y de concordia entre las naciones.<\/p>\n<p>\tGu&iacute;alo donde quiera que se encuentre y consu&eacute;lalo cuando se sienta desanimado o triste.<\/p>\n<p>\tHaz que crezca en santidad en el misericordioso Sagrado Coraz&oacute;n de tu Hijo Jes&uacute;s<\/p>\n<p>\ty que la Virgen Mar&iacute;a lo auxilie cada d&iacute;a con su manto protector.<\/p>\n<p>\tAm&eacute;n.<\/p>\n<p style=\"text-align: justify\">\n<p>\t\tTambi&eacute;n te puede interesar:<\/p>\n<p style=\"text-align: justify\">\n\t\t&iexcl;Feliz Cumplea&ntilde;os 80 Papa Francisco! https:\/\/t.co\/h11BcHhK2E<\/p>\n<p>\t&mdash; ACI Prensa (@aciprensa) 16 de diciembre de 2016<\/p>\n","protected":false},"excerpt":{"rendered":"<p>REDACCI\u00d3N CENTRAL, 16 Dic. 16 (ACI).- Cada 17 de diciembre, desde hace 80 a&ntilde;os, se celebra el cumplea&ntilde;os del Papa Francisco y en esta ocasi&oacute;n les compartimos una breve oraci&oacute;n que se puede rezar en familia, grupo, comunidad o de manera personal para pedir por el Santo Padre. Oraci&oacute;n Dios Padre, te doy gracias por &hellip; <a href=\"https:\/\/www.biblia.work\/noticias\/reza-esta-oracion-por-el-papa-francisco-en-su-cumpleanos\/\" class=\"more-link\">Continuar leyendo<span class=\"screen-reader-text\"> \u00abReza esta oraci\u00f3n por el Papa Francisco en su cumplea\u00f1os\u00bb<\/span><\/a><\/p>\n","protected":false},"author":1,"featured_media":0,"comment_status":"open","ping_status":"closed","sticky":false,"template":"","format":"standard","meta":{"footnotes":""},"categories":[1],"tags":[],"class_list":["post-10027","post","type-post","status-publish","format-standard","hentry","category-general"],"_links":{"self":[{"href":"https:\/\/www.biblia.work\/noticias\/wp-json\/wp\/v2\/posts\/10027","targetHints":{"allow":["GET"]}}],"collection":[{"href":"https:\/\/www.biblia.work\/noticias\/wp-json\/wp\/v2\/posts"}],"about":[{"href":"https:\/\/www.biblia.work\/noticias\/wp-json\/wp\/v2\/types\/post"}],"author":[{"embeddable":true,"href":"https:\/\/www.biblia.work\/noticias\/wp-json\/wp\/v2\/users\/1"}],"replies":[{"embeddable":true,"href":"https:\/\/www.biblia.work\/noticias\/wp-json\/wp\/v2\/comments?post=10027"}],"version-history":[{"count":0,"href":"https:\/\/www.biblia.work\/noticias\/wp-json\/wp\/v2\/posts\/10027\/revisions"}],"wp:attachment":[{"href":"https:\/\/www.biblia.work\/noticias\/wp-json\/wp\/v2\/media?parent=10027"}],"wp:term":[{"taxonomy":"category","embeddable":true,"href":"https:\/\/www.biblia.work\/noticias\/wp-json\/wp\/v2\/categories?post=10027"},{"taxonomy":"post_tag","embeddable":true,"href":"https:\/\/www.biblia.work\/noticias\/wp-json\/wp\/v2\/tags?post=10027"}],"curies":[{"name":"wp","href":"https:\/\/api.w.org\/{rel}","templated":true}]}}