{"id":10030,"date":"2016-12-17T07:40:05","date_gmt":"2016-12-17T12:40:05","guid":{"rendered":"http:\/\/www.biblia.work\/noticias\/la-alegria-mas-bella-de-la-navidad-es-aquella-alegria-interior-de-la-paz-porque-el-senor-ha-cancelado-mis-pecados-explico-el-papa\/"},"modified":"2016-12-17T07:40:05","modified_gmt":"2016-12-17T12:40:05","slug":"la-alegria-mas-bella-de-la-navidad-es-aquella-alegria-interior-de-la-paz-porque-el-senor-ha-cancelado-mis-pecados-explico-el-papa","status":"publish","type":"post","link":"https:\/\/www.biblia.work\/noticias\/la-alegria-mas-bella-de-la-navidad-es-aquella-alegria-interior-de-la-paz-porque-el-senor-ha-cancelado-mis-pecados-explico-el-papa\/","title":{"rendered":"La alegr\u00eda m\u00e1s bella de la Navidad es aquella alegr\u00eda interior de la paz porque el Se\u00f1or ha cancelado mis pecados, explic\u00f3 el Papa"},"content":{"rendered":"<p> <img src='http:\/\/media02.radiovaticana.va\/photo\/2016\/12\/17\/RV21971_Thumbnail.jpg' alt='' align='left' hspace='5'> <\/p>\n<p>(RV).- 17 de diciembre, cumplea&ntilde;os del Santo Padre. Este s&aacute;bado en el Vaticano no hay festejos especiales. Francisco inici&oacute; sus actividades del d&iacute;a con una misa en la Capilla Paulina con los cardenales presentes en Roma.<\/p>\n<p>El Evangelio seg&uacute;n Mateo marc&oacute; la homil&iacute;a del Papa. En el momento en el que la espera vigilante se hace m&aacute;s intensa en este trayecto del Adviento &ndash; dijo- &nbsp; en este momento en el que la Iglesia se acerca a la Navidad, la Liturgia nos hace detenernos un poco. Dice: &ldquo;Deteng&aacute;monos&rdquo; &iquest;Qu&eacute; significa este detenerse en un momento que aumenta en intensidad? Simplemente, la Iglesia quiere que hagamos memoria: &ldquo;Detente, y haz memoria. Mira hacia atr&aacute;s, mira el camino&rdquo;. &nbsp;&quot;Este es el significado de la jornada lit&uacute;rgica de hoy: la gracia de la memoria. Es necesario pedir la gracia de no olvidar&quot;, reflexion&oacute; Francisco.<\/p>\n<p>No olvidar es una propiedad del amor, puntualiz&oacute; luego el Obispo de Roma: tener siempre presente todo lo bueno que hemos recibido. &ldquo;Es una propiedad del amor mirar la historia, de d&oacute;nde venimos, nuestros padres, nuestros antepasados, el camino de la fe&hellip; Y esta memoria nos hace bien, porque hace a&uacute;n m&aacute;s intensa la vigilante espera de la Navidad&rdquo;.&nbsp;<\/p>\n<p>&nbsp;<strong>Audio de la homil&iacute;a del Papa esta ma&ntilde;ana<\/strong><\/p>\n<p>&nbsp;<\/p>\n<p><strong><span><br \/>\n<audio class=\"video-js vjs-default-skin vjs-big-play-button-centered rv-custom-audio\" controls=\"\" id=\"audioItem_9140761\" preload=\"none\"><\/audio><br \/>\n<span class=\"rv-audio-download\"><a href=\"http:\/\/media02.radiovaticana.va\/audio\/audio2\/mp3\/00562286.mp3\" title=\"Download audio\"><img decoding=\"async\" src=\"http:\/\/es.radiovaticana.va\/Modules\/Presentation\/Styles\/images-common\/icons\/download-audio-mp3_off.png\" style=\"height: 30px\" \/><\/a><\/span> <\/span><\/strong><\/p>\n<p>Finalizando la celebraci&oacute;n en la Capilla Paulina el Papa agradeci&oacute; a los cardenales por &ldquo;haber compartido este d&iacute;a&rdquo;, y reflexionando en que la &ldquo;vejez es sede de sabidur&iacute;a&rdquo;, Francisco se augur&oacute; que sea as&iacute; tambi&eacute;n con &eacute;l.<\/p>\n<p>&quot;La vejez no tiene que ser una palabra fea, que asusta&quot;, puntualiz&oacute; Francisco. Se debe pensar en ella como una etapa de la vida en la que se da alegr&iacute;a, sabidur&iacute;a, esperanza, en la que uno recomienza a vivir. Citando al poeta alem&aacute;n Friedrich H&ouml;lderlin: &laquo;La vejez es tranquila y religiosa&raquo; &ndash; el Santo Padre pidi&oacute; rezar por &eacute;l para que su vejez sea as&iacute;: &quot;tranquila, religiosa y fecunda&hellip; Y tambi&eacute;n alegre&quot;.<\/p>\n<p>Mientras tanto los fieles de Italia y del mundo no han dejado de saludar al Papa y mostrarle su afecto de muchas maneras. En estos d&iacute;as han llegado a Santa Marta presentes y felicitaciones de todas partes.Hasta la ma&ntilde;ana del s&aacute;bado Francisco ha recibido casi 50 mil saludos a trav&eacute;s del correo electr&oacute;nico. Los m&aacute;s numerosos son en espa&ntilde;ol, ingl&eacute;s e italiano.<\/p>\n<p>Ocho sin techo, dos mujeres y seis hombres llegaron a la Casa de Santa Marta para saludar al Papa. Estuvieron acompa&ntilde;ados por Mons. Konrad Krajewski, Limosnero de Su Santidad, quien muy temprano los encontr&oacute; en los alrededores de San Pedro: cuatro italianos, un moldavo, dos rumanos y un peruano.<\/p>\n<p>A las 7.15 el Papa salud&oacute; afectuosamente a cada uno. Estas personas regalaron al Papa tres ramos de girasoles que Francisco hizo colocar inmediatamente en la capilla de Santa Marta. Luego el Pont&iacute;fice los invit&oacute; a tomar desayuno con &eacute;l.<\/p>\n<p>El d&iacute;a de hoy en muchos comedores de Roma, al final de la comida se ofrece en nombre del Santo Padre un dulce de cumplea&ntilde;os, mientras que los hu&eacute;spedes de diversos dormitorios reciben una bolsa con un recuerdo de Francisco por Navidad y un peque&ntilde;o presente. &nbsp;<\/p>\n<p><strong>Gracias a todos por los saludos<\/strong><\/p>\n<p>&ldquo;Santo Padre dentro de poco cumplir&aacute; 80 a&ntilde;os&rdquo;, le han recordado en una reciente entrevista en la televisi&oacute;n de la Conferencia Episcopal Italiana, TV 2000. &ldquo;&iquest;Qui&eacute;n? &iquest;Yo?&rdquo;, ha replicado antes de comenzar a re&iacute;r con sus interlocutores. En realidad el Papa ya ha apagado velas por sus 80 a&ntilde;os durante la Audiencia General del mi&eacute;rcoles 14 de diciembre. Una fiel presente en el Aula Paolo VI trajo a Francisco una torta que hab&iacute;a preparado para la ocasi&oacute;n con dos velas de forma de &ldquo;8&rdquo; y de &ldquo;0&rdquo;. El Obispo de Roma se detuvo un instante y apag&oacute; las velitas para luego seguir saludando a los dem&aacute;s fieles. Al final de la catequesis los traductores de su mensaje le expresaron saludos en diversos idiomas. Pero el Papa contuvo inmediatamente los entusiasmos. &ldquo;Gracias a todos -dijo- por los parabienes por mi pr&oacute;ximo cumplea&ntilde;os, gracias, pero les dir&eacute; algo que los har&aacute; re&iacute;r: en mi tierra felicitar anticipadamente trae mala suerte y quien saluda antes trae mal ag&uuml;ero&rdquo;.<\/p>\n<p><strong>Oraci&oacute;n por el cumplea&ntilde;os del Papa Francisco<\/strong><\/p>\n<p>&quot;El Papa nos pide siempre rezar por &eacute;l y nosotros lo hacemos continuamente. Sin embargo pienso que sea importante, sobre todo con ocasi&oacute;n del octog&eacute;simo cumplea&ntilde;os de Francisco dedicarle una oraci&oacute;n especial, que se pueda convertir en la oraci&oacute;n cotidiana de todos los cat&oacute;licos y cristianos del mundo para pedir por este papa&quot;,&nbsp; reflexiona el padre Antonio Rungi, te&oacute;logo moral de la Congregaci&oacute;n de los Pasionistas.<\/p>\n<p>Esta es la oraci&oacute;n ofrecida por el Pont&iacute;fice: &quot;Cristo, Buen Pastor, que has elegido al Papa Francisco como gu&iacute;a de tu santa Iglesia asiste al Obispo de Roma, para que pueda gozar de una larga y saludable vida, al servicio total de Dios, de la Iglesia, del Evangelio de la alegr&iacute;a, de la vida y del perd&oacute;n. Te agradecemos, Se&ntilde;or, por haberlo elegido, como gu&iacute;a iluminada de tu Iglesia y del mundo, en los albores del tercer milenio de la era cristiana, tan necesitada de personas cre&iacute;bles, autorizadas y santas&quot;.<\/p>\n<p>(RC-RV)<\/p>\n<p>&nbsp;<\/p>\n<p><a href=\"http:\/\/es.radiovaticana.va\" target=\"_blank\" rel=\"nofollow\">Fuente: es.radiovaticana.va<\/a><\/p>\n","protected":false},"excerpt":{"rendered":"<p>(RV).- 17 de diciembre, cumplea&ntilde;os del Santo Padre. Este s&aacute;bado en el Vaticano no hay festejos especiales. Francisco inici&oacute; sus actividades del d&iacute;a con una misa en la Capilla Paulina con los cardenales presentes en Roma. El Evangelio seg&uacute;n Mateo marc&oacute; la homil&iacute;a del Papa. En el momento en el que la espera vigilante se &hellip; <a href=\"https:\/\/www.biblia.work\/noticias\/la-alegria-mas-bella-de-la-navidad-es-aquella-alegria-interior-de-la-paz-porque-el-senor-ha-cancelado-mis-pecados-explico-el-papa\/\" class=\"more-link\">Continuar leyendo<span class=\"screen-reader-text\"> \u00abLa alegr\u00eda m\u00e1s bella de la Navidad es aquella alegr\u00eda interior de la paz porque el Se\u00f1or ha cancelado mis pecados, explic\u00f3 el Papa\u00bb<\/span><\/a><\/p>\n","protected":false},"author":1,"featured_media":0,"comment_status":"open","ping_status":"closed","sticky":false,"template":"","format":"standard","meta":{"footnotes":""},"categories":[1],"tags":[],"class_list":["post-10030","post","type-post","status-publish","format-standard","hentry","category-general"],"_links":{"self":[{"href":"https:\/\/www.biblia.work\/noticias\/wp-json\/wp\/v2\/posts\/10030","targetHints":{"allow":["GET"]}}],"collection":[{"href":"https:\/\/www.biblia.work\/noticias\/wp-json\/wp\/v2\/posts"}],"about":[{"href":"https:\/\/www.biblia.work\/noticias\/wp-json\/wp\/v2\/types\/post"}],"author":[{"embeddable":true,"href":"https:\/\/www.biblia.work\/noticias\/wp-json\/wp\/v2\/users\/1"}],"replies":[{"embeddable":true,"href":"https:\/\/www.biblia.work\/noticias\/wp-json\/wp\/v2\/comments?post=10030"}],"version-history":[{"count":0,"href":"https:\/\/www.biblia.work\/noticias\/wp-json\/wp\/v2\/posts\/10030\/revisions"}],"wp:attachment":[{"href":"https:\/\/www.biblia.work\/noticias\/wp-json\/wp\/v2\/media?parent=10030"}],"wp:term":[{"taxonomy":"category","embeddable":true,"href":"https:\/\/www.biblia.work\/noticias\/wp-json\/wp\/v2\/categories?post=10030"},{"taxonomy":"post_tag","embeddable":true,"href":"https:\/\/www.biblia.work\/noticias\/wp-json\/wp\/v2\/tags?post=10030"}],"curies":[{"name":"wp","href":"https:\/\/api.w.org\/{rel}","templated":true}]}}