{"id":10037,"date":"2016-12-17T08:40:04","date_gmt":"2016-12-17T13:40:04","guid":{"rendered":"http:\/\/www.biblia.work\/noticias\/en-jesus-recien-nacido-contemplamos-a-los-mas-debiles-y-necesitados-aliento-del-papa-a-la-comunidad-de-nomadelfia\/"},"modified":"2016-12-17T08:40:04","modified_gmt":"2016-12-17T13:40:04","slug":"en-jesus-recien-nacido-contemplamos-a-los-mas-debiles-y-necesitados-aliento-del-papa-a-la-comunidad-de-nomadelfia","status":"publish","type":"post","link":"https:\/\/www.biblia.work\/noticias\/en-jesus-recien-nacido-contemplamos-a-los-mas-debiles-y-necesitados-aliento-del-papa-a-la-comunidad-de-nomadelfia\/","title":{"rendered":"En Jes\u00fas reci\u00e9n nacido contemplamos a los m\u00e1s d\u00e9biles y necesitados. Aliento del Papa a la  comunidad de Nomadelfia"},"content":{"rendered":"<p> <img src='http:\/\/media02.radiovaticana.va\/photo\/2016\/12\/14\/RV21912_Thumbnail.jpg' alt='' align='left' hspace='5'> <\/p>\n<p><a target=\"_blank\" rel=\"nofollow\" href=\"http:\/\/es.radiovaticana.va\/news\/editorial\/reflexiones-en-frontera\">REFLEXIONES EN FRONTERA, jesuita Guillermo Ortiz<\/a><\/p>\n<p><span><br \/>\n<audio class=\"video-js vjs-default-skin vjs-big-play-button-centered rv-custom-audio\" controls=\"\" id=\"audioItem_9138235\" preload=\"none\"><\/audio><br \/>\n<span class=\"rv-audio-download\"><a href=\"http:\/\/media02.radiovaticana.va\/audio\/audio2\/mp3\/00562277.mp3\" title=\"Download audio\"><img decoding=\"async\" src=\"http:\/\/es.radiovaticana.va\/Modules\/Presentation\/Styles\/images-common\/icons\/download-audio-mp3_off.png\" style=\"height: 30px\" \/><\/a><\/span> <\/span><\/p>\n<p>La primera afirmaci&oacute;n de Francisco en la catequesis del 14 de diciembre, fue que Dios no ha abandonado a su pueblo y no se ha dejado derrotar por el mal, porque &Eacute;l es fiel, y su gracia es m&aacute;s grande que el pecado. Y si Dios vence el pecado quiere decir que &ldquo;Dios reina&rdquo;, explic&oacute;. &ldquo;Son estas las palabras de la fe en un Se&ntilde;or cuya potencia se inclina hacia la humanidad, se abaja, para ofrecer misericordia y liberar al hombre de lo que desfigura en &eacute;l la imagen bella de Dios, porque cuando estamos en el pecado la imagen de Dios se desfigura&rdquo;.<\/p>\n<p>Pregunto yo ahora &iquest;c&oacute;mo andamos vos y yo frente al espejo espiritual?, &iquest;nos parecemos m&aacute;s a Jes&uacute;s o al maligno?<\/p>\n<p>Mientras tanto el Papa argumentaba: &ldquo;El cumplimiento de tanto amor ser&aacute; justamente el Reino instaurado por Jes&uacute;s, aquel Reino de perd&oacute;n y de paz que nosotros celebramos con la Navidad y que se realiza definitivamente en la Pascua. Y la alegr&iacute;a m&aacute;s bella de la Navidad es aquella alegr&iacute;a interior de la paz: el Se&ntilde;or ha cancelado mis pecados, el Se&ntilde;or me ha perdonado, el Se&ntilde;or ha tenido misericordia de m&iacute;, ha venido a salvarme. Esta es la alegr&iacute;a de la Navidad&rdquo;.<\/p>\n<p><a href=\"http:\/\/es.radiovaticana.va\" target=\"_blank\" rel=\"nofollow\">Fuente: es.radiovaticana.va<\/a><\/p>\n","protected":false},"excerpt":{"rendered":"<p>REFLEXIONES EN FRONTERA, jesuita Guillermo Ortiz La primera afirmaci&oacute;n de Francisco en la catequesis del 14 de diciembre, fue que Dios no ha abandonado a su pueblo y no se ha dejado derrotar por el mal, porque &Eacute;l es fiel, y su gracia es m&aacute;s grande que el pecado. Y si Dios vence el pecado &hellip; <a href=\"https:\/\/www.biblia.work\/noticias\/en-jesus-recien-nacido-contemplamos-a-los-mas-debiles-y-necesitados-aliento-del-papa-a-la-comunidad-de-nomadelfia\/\" class=\"more-link\">Continuar leyendo<span class=\"screen-reader-text\"> \u00abEn Jes\u00fas reci\u00e9n nacido contemplamos a los m\u00e1s d\u00e9biles y necesitados. Aliento del Papa a la  comunidad de Nomadelfia\u00bb<\/span><\/a><\/p>\n","protected":false},"author":1,"featured_media":0,"comment_status":"open","ping_status":"closed","sticky":false,"template":"","format":"standard","meta":{"footnotes":""},"categories":[1],"tags":[],"class_list":["post-10037","post","type-post","status-publish","format-standard","hentry","category-general"],"_links":{"self":[{"href":"https:\/\/www.biblia.work\/noticias\/wp-json\/wp\/v2\/posts\/10037","targetHints":{"allow":["GET"]}}],"collection":[{"href":"https:\/\/www.biblia.work\/noticias\/wp-json\/wp\/v2\/posts"}],"about":[{"href":"https:\/\/www.biblia.work\/noticias\/wp-json\/wp\/v2\/types\/post"}],"author":[{"embeddable":true,"href":"https:\/\/www.biblia.work\/noticias\/wp-json\/wp\/v2\/users\/1"}],"replies":[{"embeddable":true,"href":"https:\/\/www.biblia.work\/noticias\/wp-json\/wp\/v2\/comments?post=10037"}],"version-history":[{"count":0,"href":"https:\/\/www.biblia.work\/noticias\/wp-json\/wp\/v2\/posts\/10037\/revisions"}],"wp:attachment":[{"href":"https:\/\/www.biblia.work\/noticias\/wp-json\/wp\/v2\/media?parent=10037"}],"wp:term":[{"taxonomy":"category","embeddable":true,"href":"https:\/\/www.biblia.work\/noticias\/wp-json\/wp\/v2\/categories?post=10037"},{"taxonomy":"post_tag","embeddable":true,"href":"https:\/\/www.biblia.work\/noticias\/wp-json\/wp\/v2\/tags?post=10037"}],"curies":[{"name":"wp","href":"https:\/\/api.w.org\/{rel}","templated":true}]}}