{"id":10784,"date":"2017-01-11T15:10:02","date_gmt":"2017-01-11T20:10:02","guid":{"rendered":"http:\/\/www.biblia.work\/noticias\/james-rodriguez-estoy-en-contra-del-aborto-y-apoyo-la-vida\/"},"modified":"2017-01-11T15:10:02","modified_gmt":"2017-01-11T20:10:02","slug":"james-rodriguez-estoy-en-contra-del-aborto-y-apoyo-la-vida","status":"publish","type":"post","link":"https:\/\/www.biblia.work\/noticias\/james-rodriguez-estoy-en-contra-del-aborto-y-apoyo-la-vida\/","title":{"rendered":"James Rodr\u00edguez: \u201cEstoy en contra del aborto y apoyo la vida\u201d"},"content":{"rendered":"<p style=\"text-align: justify\">COLOMBIA. &#8211; El jugador del Real Madrid est\u00e1 dando la cara en su Colombia natal para oponerse a la interrupci\u00f3n voluntaria del embarazo. Lo hace participando en un v\u00eddeo conducido por el periodista Frank Zapata, en el que James Rodr\u00edguez se muestra as\u00ed de tajante: &#8220;Estoy en contra del aborto sobre cualquier circunstancia y apoyo la vida&#8221;.<\/p>\n<p style=\"text-align: justify\">A sus 25 a\u00f1os, el centrocampista merengue defiende su postura con unas palabras sobre su propia experiencia, la que vive desde mayo de 2013 con su \u00fanica hija, Salom\u00e9. &#8220;Desde que supe que iba a ser padre, para m\u00ed fue una alegr\u00eda enorme. Igual siendo joven fue algo \u00fanico&#8221;, confiesa James en unas im\u00e1genes difundidas en YouTube. La ni\u00f1a es fruto de su matrimonio con la ex jugadora de voleibol Daniela Ospina, con quien se cas\u00f3 en 2010.<\/p>\n<p style=\"text-align: justify\">El tambi\u00e9n capit\u00e1n de la selecci\u00f3n de f\u00fatbol de Colombia propone una soluci\u00f3n a aquellas personas que duden en sacar adelante un embarazo no deseado. &#8220;En el caso de que no puedan tenerlo, que lo den&#8221;, declara James p\u00fablicamente.<\/p>\n<p style=\"text-align: justify\">&#8220;La vida de una criatura vale m\u00e1s que cualquier cosa&#8221;, sentencia en contra del aborto. El jugador del Real Madrid no es el \u00fanico latinoamericano que interviene en este v\u00eddeo apoyado por distintas personalidades religiosas.<\/p>\n<p style=\"text-align: justify\">Aparecen otros futbolistas, como su compatriota V\u00edctor Hugo Aristiz\u00e1bal, el ex jugador del Atl\u00e9tico de Madrid Radamel Falcao o Daniel Ospina, actual guardameta del Arsenal F.C., que es adem\u00e1s el cu\u00f1ado de James Rodr\u00edguez.<\/p>\n<p style=\"text-align: justify\">Tambi\u00e9n se manifiestan la ex Miss Ecuador Susana Rivadeneira y los actores de telenovelas Pedro Rend\u00f3n y Sebasti\u00e1n Mart\u00ednez, entre otros rostros conocidos al otro lado del Atl\u00e1ntico.<\/p>\n<p style=\"text-align: justify\">A sus fans no les ha gustado demasiado ya que seg\u00fan dicen alguno de ellos \u00abno se puede ser tan radical, hay casos de violaciones donde las mujeres tienen derecho a decidir\u00bb.<\/p>\n<p style=\"text-align: justify\">La entrada <a rel=\"nofollow\" href=\"http:\/\/www.noticiacristiana.com\/sociedad\/2017\/01\/james-rodriguez-contra-aborto-vida.html\">James Rodr\u00edguez: &#8220;Estoy en contra del aborto y apoyo la vida&#8221;<\/a> aparece primero en <a rel=\"nofollow\" href=\"http:\/\/www.noticiacristiana.com\">NoticiaCristiana.com<\/a>.<\/p>\n","protected":false},"excerpt":{"rendered":"<p>COLOMBIA. &#8211; El jugador del Real Madrid est\u00e1 dando la cara en su Colombia natal para oponerse a la interrupci\u00f3n voluntaria del embarazo. Lo hace participando en un v\u00eddeo conducido por el periodista Frank Zapata, en el que James Rodr\u00edguez se muestra as\u00ed de tajante: &#8220;Estoy en contra del aborto sobre cualquier circunstancia y apoyo &hellip; <a href=\"https:\/\/www.biblia.work\/noticias\/james-rodriguez-estoy-en-contra-del-aborto-y-apoyo-la-vida\/\" class=\"more-link\">Continuar leyendo<span class=\"screen-reader-text\"> \u00abJames Rodr\u00edguez: \u201cEstoy en contra del aborto y apoyo la vida\u201d\u00bb<\/span><\/a><\/p>\n","protected":false},"author":1,"featured_media":0,"comment_status":"open","ping_status":"closed","sticky":false,"template":"","format":"standard","meta":{"footnotes":""},"categories":[1],"tags":[],"class_list":["post-10784","post","type-post","status-publish","format-standard","hentry","category-general"],"_links":{"self":[{"href":"https:\/\/www.biblia.work\/noticias\/wp-json\/wp\/v2\/posts\/10784","targetHints":{"allow":["GET"]}}],"collection":[{"href":"https:\/\/www.biblia.work\/noticias\/wp-json\/wp\/v2\/posts"}],"about":[{"href":"https:\/\/www.biblia.work\/noticias\/wp-json\/wp\/v2\/types\/post"}],"author":[{"embeddable":true,"href":"https:\/\/www.biblia.work\/noticias\/wp-json\/wp\/v2\/users\/1"}],"replies":[{"embeddable":true,"href":"https:\/\/www.biblia.work\/noticias\/wp-json\/wp\/v2\/comments?post=10784"}],"version-history":[{"count":0,"href":"https:\/\/www.biblia.work\/noticias\/wp-json\/wp\/v2\/posts\/10784\/revisions"}],"wp:attachment":[{"href":"https:\/\/www.biblia.work\/noticias\/wp-json\/wp\/v2\/media?parent=10784"}],"wp:term":[{"taxonomy":"category","embeddable":true,"href":"https:\/\/www.biblia.work\/noticias\/wp-json\/wp\/v2\/categories?post=10784"},{"taxonomy":"post_tag","embeddable":true,"href":"https:\/\/www.biblia.work\/noticias\/wp-json\/wp\/v2\/tags?post=10784"}],"curies":[{"name":"wp","href":"https:\/\/api.w.org\/{rel}","templated":true}]}}