{"id":10802,"date":"2017-01-12T10:15:01","date_gmt":"2017-01-12T15:15:01","guid":{"rendered":"http:\/\/www.biblia.work\/noticias\/el-papa-retoma-las-visitas-a-las-parroquias-de-roma\/"},"modified":"2017-01-12T10:15:01","modified_gmt":"2017-01-12T15:15:01","slug":"el-papa-retoma-las-visitas-a-las-parroquias-de-roma","status":"publish","type":"post","link":"https:\/\/www.biblia.work\/noticias\/el-papa-retoma-las-visitas-a-las-parroquias-de-roma\/","title":{"rendered":"El Papa retoma las visitas a las parroquias de Roma"},"content":{"rendered":"<p style=\"text-align: justify\">(ZENIT- Ciudad del Vaticano).-\u00a0El papa Francisco retoma\u00a0este domingo las visitas a las parroquias de Roma, que hab\u00eda suspendido durante el A\u00f1o de la Misericordia.<\/p>\n<p style=\"text-align: justify\">La llegada del Santo Padre a la parroquia Santa Maria a Setteville est\u00e1 prevista a las 15.30. Durante la visita, el Papa podr\u00e1 saludar al vicep\u00e1rroco, sacerdote de 47 a\u00f1os gravemente enfermo de esclerosis lateral amiotr\u00f3fica desde hace dos a\u00f1os. Adem\u00e1s confesar\u00e1 a cuatro personas y se reunir\u00e1 con los enfermos de la parroquia, los trabajadores pastoral, unas cuarenta parejas que han bautizado a sus hijos durante el 2016 y m\u00e1s de 200 j\u00f3venes. La misa dar\u00e1 inicio a las 17.30.<\/p>\n<p style=\"text-align: justify\">La noticia fue recibida\u00a0\u201ccon sorpresa y emoci\u00f3n\u201d por la comunidad. \u201cNo nos lo esper\u00e1bamos\u201d, afirm\u00f3 don Luigi, que es p\u00e1rroco en esta iglesia desde 1996.<\/p>\n<p style=\"text-align: justify\">Don Giuseppe, el vicep\u00e1rroco, lleg\u00f3 a la parroquia hace catorce a\u00f1os cuando era seminarista del\u00a0<em>Redemptoris Mater<\/em>. All\u00ed recibi\u00f3 la ordenaci\u00f3n diaconal y despu\u00e9s la sacerdotal. La enfermedad se manifest\u00f3 hace algo m\u00e1s de dos a\u00f1os. \u201cTodo comenz\u00f3 con una ca\u00edda en un campamento de verano con los j\u00f3venes. En dos meses se qued\u00f3 completamente paralizado, tanto que no puede ni siquiera usar el ordenador para comunicar a trav\u00e9s de movimientos oculares.<\/p>\n<p style=\"text-align: justify\">En el Policl\u00ednico Gemelli me han dicho que nunca hab\u00edan visto un caso as\u00ed de r\u00e1pido y violento\u201d, explica el p\u00e1rroco. Es muy querido por la comunidad, de tal forma que los fines de semana, cuando la enfermera descansa, unas veinte parejas se alternan para cuidarle.<\/p>\n<p><span class=\"et_bloom_bottom_trigger\"><\/span><\/p>\n<p><a href=\"https:\/\/es.zenit.org\/\" target=\"_blank\" rel=\"nofollow\">Fuente: es.zenit.org<\/a><\/p>\n","protected":false},"excerpt":{"rendered":"<p>(ZENIT- Ciudad del Vaticano).-\u00a0El papa Francisco retoma\u00a0este domingo las visitas a las parroquias de Roma, que hab\u00eda suspendido durante el A\u00f1o de la Misericordia. La llegada del Santo Padre a la parroquia Santa Maria a Setteville est\u00e1 prevista a las 15.30. Durante la visita, el Papa podr\u00e1 saludar al vicep\u00e1rroco, sacerdote de 47 a\u00f1os gravemente &hellip; <a href=\"https:\/\/www.biblia.work\/noticias\/el-papa-retoma-las-visitas-a-las-parroquias-de-roma\/\" class=\"more-link\">Continuar leyendo<span class=\"screen-reader-text\"> \u00abEl Papa retoma las visitas a las parroquias de Roma\u00bb<\/span><\/a><\/p>\n","protected":false},"author":1,"featured_media":0,"comment_status":"open","ping_status":"closed","sticky":false,"template":"","format":"standard","meta":{"footnotes":""},"categories":[1],"tags":[],"class_list":["post-10802","post","type-post","status-publish","format-standard","hentry","category-general"],"_links":{"self":[{"href":"https:\/\/www.biblia.work\/noticias\/wp-json\/wp\/v2\/posts\/10802","targetHints":{"allow":["GET"]}}],"collection":[{"href":"https:\/\/www.biblia.work\/noticias\/wp-json\/wp\/v2\/posts"}],"about":[{"href":"https:\/\/www.biblia.work\/noticias\/wp-json\/wp\/v2\/types\/post"}],"author":[{"embeddable":true,"href":"https:\/\/www.biblia.work\/noticias\/wp-json\/wp\/v2\/users\/1"}],"replies":[{"embeddable":true,"href":"https:\/\/www.biblia.work\/noticias\/wp-json\/wp\/v2\/comments?post=10802"}],"version-history":[{"count":0,"href":"https:\/\/www.biblia.work\/noticias\/wp-json\/wp\/v2\/posts\/10802\/revisions"}],"wp:attachment":[{"href":"https:\/\/www.biblia.work\/noticias\/wp-json\/wp\/v2\/media?parent=10802"}],"wp:term":[{"taxonomy":"category","embeddable":true,"href":"https:\/\/www.biblia.work\/noticias\/wp-json\/wp\/v2\/categories?post=10802"},{"taxonomy":"post_tag","embeddable":true,"href":"https:\/\/www.biblia.work\/noticias\/wp-json\/wp\/v2\/tags?post=10802"}],"curies":[{"name":"wp","href":"https:\/\/api.w.org\/{rel}","templated":true}]}}