{"id":10806,"date":"2017-01-12T11:40:03","date_gmt":"2017-01-12T16:40:03","guid":{"rendered":"http:\/\/www.biblia.work\/noticias\/hasta-donde-podra-llegar-tu-indiferencia-y-la-mia-aniversario-del-terremoto-de-haiti\/"},"modified":"2017-01-12T11:40:03","modified_gmt":"2017-01-12T16:40:03","slug":"hasta-donde-podra-llegar-tu-indiferencia-y-la-mia-aniversario-del-terremoto-de-haiti","status":"publish","type":"post","link":"https:\/\/www.biblia.work\/noticias\/hasta-donde-podra-llegar-tu-indiferencia-y-la-mia-aniversario-del-terremoto-de-haiti\/","title":{"rendered":"Hasta d\u00f3nde podr\u00e1 llegar tu indiferencia y la m\u00eda. Aniversario del terremoto de Hait\u00ed"},"content":{"rendered":"<p> <img src='http:\/\/media02.radiovaticana.va\/photo\/2017\/01\/09\/AFP6138120_Thumbnail.jpg' alt='' align='left' hspace='5'> <\/p>\n<p><span><br \/>\n<audio class=\"video-js vjs-default-skin vjs-big-play-button-centered rv-custom-audio\" controls=\"\" id=\"audioItem_9290208\" preload=\"none\"><\/audio><br \/>\n<span class=\"rv-audio-download\"><a href=\"http:\/\/media02.radiovaticana.va\/audio\/audio2\/mp3\/00565581.mp3\" title=\"Download audio\"><img decoding=\"async\" src=\"http:\/\/es.radiovaticana.va\/Modules\/Presentation\/Styles\/images-common\/icons\/download-audio-mp3_off.png\" style=\"height: 30px\" \/><\/a><\/span> <\/span><\/p>\n<p>(RV). En el marco de la <strong>CVII Asamblea Ordinaria de los Obispos de Venezuela<\/strong>, que inici&oacute; el 07 de enero, se realiz&oacute; tambi&eacute;n la <strong>I Asamblea Conjunta Obispos y Laicos<\/strong>, con el lema: &ldquo;Iglesia en comuni&oacute;n hacia una Venezuela m&aacute;s justa y creyente&rdquo;, durante los d&iacute;as 08 y 09 de enero, en la ciudad de Caracas.<\/p>\n<p>La misma tiene por objetivo contribuir con el discernimiento y el di&aacute;logo, l&iacute;neas de acci&oacute;n a fin de dar respuesta concretas a las exigencias y desaf&iacute;os actuales, que permitan a obispos y laicos &ndash; Iglesia en comuni&oacute;n, proponer y trabajar ideas claves para la transformaci&oacute;n socio-pol&iacute;tica venezolana.<\/p>\n<p>&ldquo;Una de las tareas ineludibles de la <strong>Iglesia en Venezuela <\/strong>en este siglo XXI es consolidarse como Pueblo de Dios, para ser fiel a la llamada que hace el Esp&iacute;ritu Santo a los seguidores de Jes&uacute;s, a las decisiones del Concilio Vaticano II, y a las orientaciones de los Papas y de las Conferencias Generales de Obispos de Am&eacute;rica Latina&rdquo;, fue parte del discurso de apertura de <strong>Mons. Diego Padr&oacute;n<\/strong>, Presidente de la Conferencia Episcopal Venezolana y Arzobispo de Cuman&aacute;.<\/p>\n<p>La Asamblea Ordinaria de los Obispos Venezolanos se seguir&aacute; desarrollando hasta el pr&oacute;ximo 12 de enero. A al inicio del encuentro, tambi&eacute;n el presidente de este episcopado ofreci&oacute; un balance del panorama nacional. Dijo: &ldquo;en nuestro pa&iacute;s, el 2016 ha terminado muy mal, con gran desesperanza. El saldo est&aacute; &quot;en rojo&quot; en todos los rubros.<strong> Casi 29.000 muertes violentas<\/strong>; hambre y falta de comida que solo producen agon&iacute;as y desnutrici&oacute;n; <strong>desabastecimiento de medicinas<\/strong>, que provocan decesos y reaparici&oacute;n de epidemias; m&aacute;s de 120 presos pol&iacute;ticos injusta e ilegalmente privados de libertad; la corrupci&oacute;n generalizada, el ataque sist&eacute;mico a la empresa no oficial y a los Medios de Comunicaci&oacute;n independientes, la inconsulta, violenta e <strong>inconstitucional ideologizaci&oacute;n<\/strong> de la educaci&oacute;n; los intentos de anular a la Asamblea Nacional; el cierre del camino electoral; la crisis financiera y, &uacute;ltimamente, la improvisaci&oacute;n y confusi&oacute;n con el uso y desuso de la moneda de mayor valor que cre&oacute; gran incertidumbre y angustia en la poblaci&oacute;n, sobre todo en los m&aacute;s pobres&rdquo;.<\/p>\n<p>La asamblea de Obispos y Laicos alumbrar&aacute; con testimonios y experiencias, para enriquecer las propuestas que har&aacute;n realidad el objetivo de la misma, y sea aporte para la CVII Asamblea Ordinaria de los Obispos.<\/p>\n<p><strong>Johan Pacheco para RADIO VATICANA.<\/strong><\/p>\n<p><a href=\"http:\/\/es.radiovaticana.va\" target=\"_blank\" rel=\"nofollow\">Fuente: es.radiovaticana.va<\/a><\/p>\n","protected":false},"excerpt":{"rendered":"<p>(RV). En el marco de la CVII Asamblea Ordinaria de los Obispos de Venezuela, que inici&oacute; el 07 de enero, se realiz&oacute; tambi&eacute;n la I Asamblea Conjunta Obispos y Laicos, con el lema: &ldquo;Iglesia en comuni&oacute;n hacia una Venezuela m&aacute;s justa y creyente&rdquo;, durante los d&iacute;as 08 y 09 de enero, en la ciudad de &hellip; <a href=\"https:\/\/www.biblia.work\/noticias\/hasta-donde-podra-llegar-tu-indiferencia-y-la-mia-aniversario-del-terremoto-de-haiti\/\" class=\"more-link\">Continuar leyendo<span class=\"screen-reader-text\"> \u00abHasta d\u00f3nde podr\u00e1 llegar tu indiferencia y la m\u00eda. Aniversario del terremoto de Hait\u00ed\u00bb<\/span><\/a><\/p>\n","protected":false},"author":1,"featured_media":0,"comment_status":"open","ping_status":"closed","sticky":false,"template":"","format":"standard","meta":{"footnotes":""},"categories":[1],"tags":[],"class_list":["post-10806","post","type-post","status-publish","format-standard","hentry","category-general"],"_links":{"self":[{"href":"https:\/\/www.biblia.work\/noticias\/wp-json\/wp\/v2\/posts\/10806","targetHints":{"allow":["GET"]}}],"collection":[{"href":"https:\/\/www.biblia.work\/noticias\/wp-json\/wp\/v2\/posts"}],"about":[{"href":"https:\/\/www.biblia.work\/noticias\/wp-json\/wp\/v2\/types\/post"}],"author":[{"embeddable":true,"href":"https:\/\/www.biblia.work\/noticias\/wp-json\/wp\/v2\/users\/1"}],"replies":[{"embeddable":true,"href":"https:\/\/www.biblia.work\/noticias\/wp-json\/wp\/v2\/comments?post=10806"}],"version-history":[{"count":0,"href":"https:\/\/www.biblia.work\/noticias\/wp-json\/wp\/v2\/posts\/10806\/revisions"}],"wp:attachment":[{"href":"https:\/\/www.biblia.work\/noticias\/wp-json\/wp\/v2\/media?parent=10806"}],"wp:term":[{"taxonomy":"category","embeddable":true,"href":"https:\/\/www.biblia.work\/noticias\/wp-json\/wp\/v2\/categories?post=10806"},{"taxonomy":"post_tag","embeddable":true,"href":"https:\/\/www.biblia.work\/noticias\/wp-json\/wp\/v2\/tags?post=10806"}],"curies":[{"name":"wp","href":"https:\/\/api.w.org\/{rel}","templated":true}]}}