{"id":10808,"date":"2017-01-12T12:15:02","date_gmt":"2017-01-12T17:15:02","guid":{"rendered":"http:\/\/www.biblia.work\/noticias\/el-papa-clausurara-el-jubileo-de-los-dominicos-con-una-misa-en-san-juan-de-letran\/"},"modified":"2017-01-12T12:15:02","modified_gmt":"2017-01-12T17:15:02","slug":"el-papa-clausurara-el-jubileo-de-los-dominicos-con-una-misa-en-san-juan-de-letran","status":"publish","type":"post","link":"https:\/\/www.biblia.work\/noticias\/el-papa-clausurara-el-jubileo-de-los-dominicos-con-una-misa-en-san-juan-de-letran\/","title":{"rendered":"El Papa clausurar\u00e1 el jubileo de los Dominicos con una misa en San Juan de Letr\u00e1n"},"content":{"rendered":"<p style=\"text-align: justify\">(ZENIT &#8211; Roma).- Su santidad el papa Francisco presidir\u00e1 el 21 de enero a las 16 hs. en la bas\u00edlica de San Juan de Letr\u00e1n en Roma, la Eucarist\u00eda de clausura del Jubileo de la Orden de Predicadores. Lo indica un comunicado de la curia generalicia de la orden en su web, se\u00f1alando que se trata de \u201cun acontecimiento importante que no s\u00f3lo debe dirigir nuestros ojos hac\u00eda la rica historia de la orden sino tambi\u00e9n impulsarnos hacia su futuro\u201d.<\/p>\n<p style=\"text-align: justify\">Explican tambi\u00e9n que antes de comenzar la Eucarist\u00eda se rezar\u00e1 el Santo Rosario, oraci\u00f3n especialmente importante en la tradici\u00f3n dominicana, en cinco idiomas y dirigido por el Maestro de la Orden fray Bruno Cador\u00e9, que\u00a0las oraciones ser\u00e1n en lat\u00edn expresando &#8220;la universalidad de nuestra herencia y la unidad de la oraci\u00f3n dominicana\u201d, explican, si bien la misa ser\u00e1 celebrada mayoritariamente en italiano.<\/p>\n<p style=\"text-align: justify\">Al finalizar del Rosario &#8220;se cantar\u00e1 <em>Imple Pater quod dixisti<\/em>, pidiendo a Santo Domingo que interceda por nosotros tal y como lo prometi\u00f3 en su lecho de muerte, lo que ha cumplido durante 800 a\u00f1os&#8221;, indican los organizadores.<\/p>\n<p style=\"text-align: justify\">Participar\u00e1n obispos dominicos, antiguos Maestros de la Orden y representantes de la Familia Dominicana de todo el mundo y en el momento de la comuni\u00f3n se cantar\u00e1 el <em>Adoro Te devote<\/em>, conocido himno eucar\u00edstico compuesto por santo Tom\u00e1s de Aquino.<\/p>\n<p style=\"text-align: justify\">Pocos d\u00edas antes, el 17 de enero iniciar\u00e1 en la Pontificia Universidad Santo Tom\u00e1s de Aquino, Angelicum, el Congreso Internacional para la Misi\u00f3n cuya clausura coincide con la misa en San Juan de Letr\u00e1n.<\/p>\n<p style=\"text-align: justify\">El Congreso tendr\u00e1 por tema principal el mismo que fue escogido por el Cap\u00edtulo General para la celebraci\u00f3n del a\u00f1o jubilar de los 800 a\u00f1os de la Orden: &#8216;Enviados a predicar el Evangelio&#8217;. Reunir\u00e1 a m\u00e1s de 400 frailes, hermanas, laicos e invitados de diversas regiones, est\u00e1 organizado en cuatro sesiones principales, una cada d\u00eda, siguiendo las grandes l\u00edneas de la misi\u00f3n de predicaci\u00f3n de la Orden.<\/p>\n<p style=\"text-align: justify\">El Congreso ser\u00e1 celebrado en Roma, en la Pontificia Universidad Santo Tom\u00e1s de Aquino, el\u00a0<em>Angelicum<\/em>, del 17 al 21 de enero de 2017 y ser\u00e1 la clausura solemne del Jubileo de los 800 a\u00f1os de la confirmaci\u00f3n de la Orden.<\/p>\n<p style=\"text-align: justify\">De otro lado en\u00a0todo el mundo se han realizado eventos agradeciendo los 800 a\u00f1os de la Orden, como en la Bas\u00edlica de Guadalupe, donde la celebraci\u00f3n fue presidida por el Nuncio Apost\u00f3lico en M\u00e9xico, Franco Coppola, que ley\u00f3 un mensaje del Secretario del Estado Vaticano, Mons. Pietro Parolin. O cuando la Provincia Dominicana de San Juan Bautista del Per\u00fa lo celebr\u00f3 el 22 de diciembre pasado en el Santuario de Santa Rosa de Lima.<\/p>\n<p><span class=\"et_bloom_bottom_trigger\"><\/span><\/p>\n<p><a href=\"https:\/\/es.zenit.org\/\" target=\"_blank\" rel=\"nofollow\">Fuente: es.zenit.org<\/a><\/p>\n","protected":false},"excerpt":{"rendered":"<p>(ZENIT &#8211; Roma).- Su santidad el papa Francisco presidir\u00e1 el 21 de enero a las 16 hs. en la bas\u00edlica de San Juan de Letr\u00e1n en Roma, la Eucarist\u00eda de clausura del Jubileo de la Orden de Predicadores. Lo indica un comunicado de la curia generalicia de la orden en su web, se\u00f1alando que se &hellip; <a href=\"https:\/\/www.biblia.work\/noticias\/el-papa-clausurara-el-jubileo-de-los-dominicos-con-una-misa-en-san-juan-de-letran\/\" class=\"more-link\">Continuar leyendo<span class=\"screen-reader-text\"> \u00abEl Papa clausurar\u00e1 el jubileo de los Dominicos con una misa en San Juan de Letr\u00e1n\u00bb<\/span><\/a><\/p>\n","protected":false},"author":1,"featured_media":0,"comment_status":"open","ping_status":"closed","sticky":false,"template":"","format":"standard","meta":{"footnotes":""},"categories":[1],"tags":[],"class_list":["post-10808","post","type-post","status-publish","format-standard","hentry","category-general"],"_links":{"self":[{"href":"https:\/\/www.biblia.work\/noticias\/wp-json\/wp\/v2\/posts\/10808","targetHints":{"allow":["GET"]}}],"collection":[{"href":"https:\/\/www.biblia.work\/noticias\/wp-json\/wp\/v2\/posts"}],"about":[{"href":"https:\/\/www.biblia.work\/noticias\/wp-json\/wp\/v2\/types\/post"}],"author":[{"embeddable":true,"href":"https:\/\/www.biblia.work\/noticias\/wp-json\/wp\/v2\/users\/1"}],"replies":[{"embeddable":true,"href":"https:\/\/www.biblia.work\/noticias\/wp-json\/wp\/v2\/comments?post=10808"}],"version-history":[{"count":0,"href":"https:\/\/www.biblia.work\/noticias\/wp-json\/wp\/v2\/posts\/10808\/revisions"}],"wp:attachment":[{"href":"https:\/\/www.biblia.work\/noticias\/wp-json\/wp\/v2\/media?parent=10808"}],"wp:term":[{"taxonomy":"category","embeddable":true,"href":"https:\/\/www.biblia.work\/noticias\/wp-json\/wp\/v2\/categories?post=10808"},{"taxonomy":"post_tag","embeddable":true,"href":"https:\/\/www.biblia.work\/noticias\/wp-json\/wp\/v2\/tags?post=10808"}],"curies":[{"name":"wp","href":"https:\/\/api.w.org\/{rel}","templated":true}]}}