{"id":10816,"date":"2017-01-12T15:05:03","date_gmt":"2017-01-12T20:05:03","guid":{"rendered":"http:\/\/www.biblia.work\/noticias\/falcao-garcia-sebastian-martinez-y-otros-famosos-de-colombia-dicen-no-al-aborto\/"},"modified":"2017-01-12T15:05:03","modified_gmt":"2017-01-12T20:05:03","slug":"falcao-garcia-sebastian-martinez-y-otros-famosos-de-colombia-dicen-no-al-aborto","status":"publish","type":"post","link":"https:\/\/www.biblia.work\/noticias\/falcao-garcia-sebastian-martinez-y-otros-famosos-de-colombia-dicen-no-al-aborto\/","title":{"rendered":"Falcao Garc\u00eda, Sebasti\u00e1n Mart\u00ednez y otros famosos de Colombia dicen no al aborto"},"content":{"rendered":"<p> BOGOT\u00c1, 12 Ene. 17 (ACI).-<br \/>\n\tRadamel Falcao Garc&iacute;a, conocido jugador de la selecci&oacute;n de f&uacute;tbol de Colombia y delantero del M&oacute;naco de la liga francesa, el actor Sebasti&aacute;n Mart&iacute;nez y otros famosos colombianos aparecen en un nuevo video en el que dicen no al aborto y s&iacute; a la vida.<\/p>\n<p style=\"text-align: justify\">\n\tEn este nuevo video del periodista Frank Zapata, quien ya present&oacute; uno con el testimonio de James Rodr&iacute;guez, el jugador Falcao Garc&iacute;a afirma que &ldquo;la vida no debe cortarse cuando florece porque despu&eacute;s de la fluorescencia vienen los frutos. No al aborto&rdquo;.<\/p>\n<p style=\"text-align: justify\">\n\t[Puede leer: James Rodr&iacute;guez: Estoy en contra del aborto y apoyo la vida]<\/p>\n<p style=\"text-align: justify\">\n\tOtra famoso que aparece y es conocido Colombia por su participaci&oacute;n en diversas novelas como &ldquo;La viuda de la mafia&rdquo; y &quot;Juegos Prohibidos&rdquo;, es el actor Sebasti&aacute;n Mart&iacute;nez, para quien el aborto &ldquo;es un tema de inconsciencia, de pasar por encima de las cosas y creer que nada tiene trascendencia y que controlamos la vida, el universo y que somos Dios&rdquo;.<\/p>\n<p style=\"text-align: justify\">\n\t&ldquo;Un hijo siempre va a estar cargado de bendiciones a las mujeres que se sienten solas. Es un momento muy dif&iacute;cil, lo s&eacute;, sentir que se acab&oacute; su juventud, que se acabaron muchas cosas, pero van a llegar otras millones, muy, muy grandes&rdquo;.<\/p>\n<p style=\"text-align: justify\">\n\tPedro Pallares, otro actor colombiano, coment&oacute; que est&aacute; vivo porque &ldquo;mi mam&aacute; pudiendo decir que no dijo que s&iacute; a la vida&rdquo;.<\/p>\n<p style=\"text-align: justify\">\n\tEl arquero y jugador del Arsenal F.C. de la Premier League de Inglaterra, David Ospina, expres&oacute; que la vida &ldquo;es muy importante y todos tenemos un camino que nos da el Se&ntilde;or, entonces por eso tenemos que protegerla con todo&rdquo;.<\/p>\n<p style=\"text-align: justify\">\n\tEn el video realizado por Zapata, tambi&eacute;n aparecen periodistas y presentadores de televisi&oacute;n como Hern&aacute;n Orjuela, quien expres&oacute; su opci&oacute;n a favor de la vida porque &ldquo;el Creador nos hizo con una funci&oacute;n muy importante no solamente en este mundo sino en todo el espacio que &Eacute;l seguramente nos ha dise&ntilde;ado. Y por eso todos, absolutamente todos tenemos derecho a la vida&rdquo;. &nbsp;&nbsp;<\/p>\n<p style=\"text-align: justify\">\n\tPor su parte, Juan Eduardo Jaramillo, presentador de noticias, se&ntilde;al&oacute; que &ldquo;he considerado siempre que el aborto, contrario a lo que diga mucha gente, es un asesinato. Estoy convencido de que hay vida desde el mismo momento de la concepci&oacute;n&rdquo;.<\/p>\n<p style=\"text-align: justify\">\n\t&ldquo;Esas tesis que se inventaron por ah&iacute; muy modernamente en el sentido de que la vida comienza desde un momento determinado del embarazo etc&eacute;tera, yo creo que eso est&aacute; totalmente rebatido, se puede confirmar y comprobar que hay vida desde el primer momento de la concepci&oacute;n. En conclusi&oacute;n yo considero que el aborto es un asesinato&rdquo;, dijo Jaramillo.<\/p>\n<p style=\"text-align: justify\">\n\tLa periodista Adriana Eslava, conocida por usar un parche en el ojo luego de que lo perdi&oacute; tras sufrir un atentado en la d&eacute;cada de 1980, coment&oacute; que ella antes estaba a favor del aborto, pero &ldquo;hoy en d&iacute;a entiendo que esa no es ni siquiera la soluci&oacute;n y que no deber&iacute;a ser ni siquiera una opci&oacute;n porque en el aborto lo &uacute;nico que no hay es amor&rdquo;.<\/p>\n<p style=\"text-align: justify\">\n\tEl tambi&eacute;n presentador Javier Hern&aacute;ndez Bonnet, indic&oacute; que la falta de respeto que tiene la sociedad actual por el valor de la vida &ldquo;arranca con la licencia que se da a todo el mundo para abortar, para pensar que el aborto no es un asesinato. El aborto es un asesinato, es acabar con una vida&rdquo;.<\/p>\n<p style=\"text-align: justify\">\n\tEntre las actrices que hicieron un llamado a respetar la vida se encuentran Margalida Castro, quien exhort&oacute;: &ldquo;les digo que por favor luchemos por la vida y no defendamos el aborto. Yo no lo defiendo, yo defiendo la vida y espero que todos nos unamos en un grito universal&rdquo;.<\/p>\n<p style=\"text-align: justify\">\n\tAmada Rosa P&eacute;rez dijo a su turno que &ldquo;el aborto es la mayor explotaci&oacute;n de la mujer, es otro tipo de esclavitud, de tortura y una violencia terrible para la mujer. Obviamente un holocausto para la humanidad&rdquo;.<\/p>\n<p style=\"text-align: justify\">\n\tPor otro lado, el c&oacute;mico Marco Aurelio &ldquo;Coroso&rdquo;, explic&oacute; que el aborto tambi&eacute;n implica eliminar a todas las personas que se les ha detectado una discapacidad f&iacute;sica o mental.<\/p>\n<p style=\"text-align: justify\">\n\t&ldquo;Yo no estoy de acuerdo porque entonces nos tocar&iacute;a matar a todos los locos, los bobos, a los que les falta una mano que hay por ah&iacute;. Incluso en la cuesti&oacute;n de los locos caer&iacute;a yo. No hay motivo alguno para abortar, para quitarle la vida a alguien&rdquo;, se&ntilde;al&oacute;.<\/p>\n<p style=\"text-align: justify\">\n\tEl tambi&eacute;n humorista &Aacute;lvaro Lemon, dijo que &ldquo;siempre he estado en contra del aborto porque soy una persona que quiero mucho a Jesucristo, Llevo como 66 a&ntilde;os en la Iglesia Cat&oacute;lica&rdquo;.<\/p>\n<p style=\"text-align: justify\">\n\tEntre los otros famosos que dieron un mensaje en el video est&aacute;n las actrices Lina Tejeiro, Adriana Bottina y Cecilia Navia; y el presentador Juan Manuel Correal.<\/p>\n<p style=\"text-align: justify\">\n\tTambi&eacute;n te puede interesar:<\/p>\n<p style=\"text-align: justify\">\n\t\t[VIDEO] James Rodr&iacute;guez: Estoy en contra del aborto y apoyo la vida https:\/\/t.co\/ewqgVkXlGy<\/p>\n<p>\t&mdash; ACI Prensa (@aciprensa) 7 de enero de 2017<\/p>\n<p style=\"text-align: justify\">\n\t&nbsp;<\/p>\n","protected":false},"excerpt":{"rendered":"<p>BOGOT\u00c1, 12 Ene. 17 (ACI).- Radamel Falcao Garc&iacute;a, conocido jugador de la selecci&oacute;n de f&uacute;tbol de Colombia y delantero del M&oacute;naco de la liga francesa, el actor Sebasti&aacute;n Mart&iacute;nez y otros famosos colombianos aparecen en un nuevo video en el que dicen no al aborto y s&iacute; a la vida. En este nuevo video del &hellip; <a href=\"https:\/\/www.biblia.work\/noticias\/falcao-garcia-sebastian-martinez-y-otros-famosos-de-colombia-dicen-no-al-aborto\/\" class=\"more-link\">Continuar leyendo<span class=\"screen-reader-text\"> \u00abFalcao Garc\u00eda, Sebasti\u00e1n Mart\u00ednez y otros famosos de Colombia dicen no al aborto\u00bb<\/span><\/a><\/p>\n","protected":false},"author":1,"featured_media":0,"comment_status":"open","ping_status":"closed","sticky":false,"template":"","format":"standard","meta":{"footnotes":""},"categories":[1],"tags":[],"class_list":["post-10816","post","type-post","status-publish","format-standard","hentry","category-general"],"_links":{"self":[{"href":"https:\/\/www.biblia.work\/noticias\/wp-json\/wp\/v2\/posts\/10816","targetHints":{"allow":["GET"]}}],"collection":[{"href":"https:\/\/www.biblia.work\/noticias\/wp-json\/wp\/v2\/posts"}],"about":[{"href":"https:\/\/www.biblia.work\/noticias\/wp-json\/wp\/v2\/types\/post"}],"author":[{"embeddable":true,"href":"https:\/\/www.biblia.work\/noticias\/wp-json\/wp\/v2\/users\/1"}],"replies":[{"embeddable":true,"href":"https:\/\/www.biblia.work\/noticias\/wp-json\/wp\/v2\/comments?post=10816"}],"version-history":[{"count":0,"href":"https:\/\/www.biblia.work\/noticias\/wp-json\/wp\/v2\/posts\/10816\/revisions"}],"wp:attachment":[{"href":"https:\/\/www.biblia.work\/noticias\/wp-json\/wp\/v2\/media?parent=10816"}],"wp:term":[{"taxonomy":"category","embeddable":true,"href":"https:\/\/www.biblia.work\/noticias\/wp-json\/wp\/v2\/categories?post=10816"},{"taxonomy":"post_tag","embeddable":true,"href":"https:\/\/www.biblia.work\/noticias\/wp-json\/wp\/v2\/tags?post=10816"}],"curies":[{"name":"wp","href":"https:\/\/api.w.org\/{rel}","templated":true}]}}