{"id":10817,"date":"2017-01-12T15:10:02","date_gmt":"2017-01-12T20:10:02","guid":{"rendered":"http:\/\/www.biblia.work\/noticias\/pastora-quiebra-imagenes-de-santo-y-evangelicos-piden-perdon-a-catolicos\/"},"modified":"2017-01-12T15:10:02","modified_gmt":"2017-01-12T20:10:02","slug":"pastora-quiebra-imagenes-de-santo-y-evangelicos-piden-perdon-a-catolicos","status":"publish","type":"post","link":"https:\/\/www.biblia.work\/noticias\/pastora-quiebra-imagenes-de-santo-y-evangelicos-piden-perdon-a-catolicos\/","title":{"rendered":"Pastora quiebra im\u00e1genes de santo y evang\u00e9licos piden perd\u00f3n a cat\u00f3licos"},"content":{"rendered":"<p style=\"text-align: justify\">BRASIL. &#8211; Un video que muestra una pastora evang\u00e9lica rompiendo im\u00e1genes de Nuestra Se\u00f1ora Aparecida ha generado controversia despu\u00e9s de haber sido publicado el martes (10) en Facebook.<\/p>\n<p style=\"text-align: justify\">El video muestra a la mujer durante una reuni\u00f3n de oraci\u00f3n en Botucatu, en Sao Paulo, rompiendo las im\u00e1genes con un martillo, mientras que otros miembros de la iglesia oran.<\/p>\n<p style=\"text-align: justify\">&#8220;Se rompe toda obra contraia. \u00a1Oh, gloria! Se\u00f1or, mi Dios, para que su nombre sea glorificado. Aleluya, Jes\u00fas. Esta obra fue hecha por las manos del enemigo, ahora est\u00e1 siendo rota en el nombre de Jes\u00fas&#8221;, dicen los evang\u00e9licos.<\/p>\n<p style=\"text-align: justify\">El internauta que public\u00f3 el video en Facebook elimin\u00f3 la publicaci\u00f3n despu\u00e9s del impacto negativo, pero las escenas fueron descargadas por otros y compartidas por WhatsApp y se arm\u00f3 una pol\u00e9mica por la actitud de irrespeto de estos evang\u00e9licos.<\/p>\n<p style=\"text-align: justify\">De acuerdo con el Consejo de Ministros de Botucatu, es com\u00fan que los nuevos conversos a la religi\u00f3n evang\u00e9lica rechacen las im\u00e1genes de los santos, pero no en la forma en que lo hizo la pastora.<\/p>\n<p style=\"text-align: justify\">En un comunicado, el Consejo pidi\u00f3 perd\u00f3n a los cat\u00f3licos que se ofendieron por el v\u00eddeo. &#8220;Seguimos predicando las buenas nuevas de Jesucristo, el Salvador seg\u00fan las Escrituras, preservamos por encima de todo el amor y el respeto a los dem\u00e1s&#8221;, dijo el misionero Paul Cruz, primer secretario de la organizaci\u00f3n.<\/p>\n<p style=\"text-align: justify\"><strong>Intolerancia religiosa<\/strong><\/p>\n<p style=\"text-align: justify\">Si bien la actitud de la pastora es una intolerancia religiosa y no representa el respeto y la compasi\u00f3n ense\u00f1ada por Jesucristo en la Biblia, las personas que no profesan la fe cristiana tambi\u00e9n se manifestaron de manera intolerante.<\/p>\n<p style=\"text-align: justify\">El mismo d\u00eda que las im\u00e1genes de la pastora se dieron a conocer, hubo muchas personas que insultaron a la pastora e incluso ofendieron el nombre de Dios. Todo esto ha causado una gran pol\u00e9mica sobre el respeto a la libertad de religi\u00f3n.<\/p>\n<p style=\"text-align: justify\">La entrada <a rel=\"nofollow\" href=\"http:\/\/www.noticiacristiana.com\/sociedad\/2017\/01\/pastora-santo-perdon-catolicos.html\">Pastora quiebra im\u00e1genes de santo y evang\u00e9licos piden perd\u00f3n a cat\u00f3licos<\/a> aparece primero en <a rel=\"nofollow\" href=\"http:\/\/www.noticiacristiana.com\">NoticiaCristiana.com<\/a>.<\/p>\n","protected":false},"excerpt":{"rendered":"<p>BRASIL. &#8211; Un video que muestra una pastora evang\u00e9lica rompiendo im\u00e1genes de Nuestra Se\u00f1ora Aparecida ha generado controversia despu\u00e9s de haber sido publicado el martes (10) en Facebook. El video muestra a la mujer durante una reuni\u00f3n de oraci\u00f3n en Botucatu, en Sao Paulo, rompiendo las im\u00e1genes con un martillo, mientras que otros miembros de &hellip; <a href=\"https:\/\/www.biblia.work\/noticias\/pastora-quiebra-imagenes-de-santo-y-evangelicos-piden-perdon-a-catolicos\/\" class=\"more-link\">Continuar leyendo<span class=\"screen-reader-text\"> \u00abPastora quiebra im\u00e1genes de santo y evang\u00e9licos piden perd\u00f3n a cat\u00f3licos\u00bb<\/span><\/a><\/p>\n","protected":false},"author":1,"featured_media":0,"comment_status":"open","ping_status":"closed","sticky":false,"template":"","format":"standard","meta":{"footnotes":""},"categories":[1],"tags":[],"class_list":["post-10817","post","type-post","status-publish","format-standard","hentry","category-general"],"_links":{"self":[{"href":"https:\/\/www.biblia.work\/noticias\/wp-json\/wp\/v2\/posts\/10817","targetHints":{"allow":["GET"]}}],"collection":[{"href":"https:\/\/www.biblia.work\/noticias\/wp-json\/wp\/v2\/posts"}],"about":[{"href":"https:\/\/www.biblia.work\/noticias\/wp-json\/wp\/v2\/types\/post"}],"author":[{"embeddable":true,"href":"https:\/\/www.biblia.work\/noticias\/wp-json\/wp\/v2\/users\/1"}],"replies":[{"embeddable":true,"href":"https:\/\/www.biblia.work\/noticias\/wp-json\/wp\/v2\/comments?post=10817"}],"version-history":[{"count":0,"href":"https:\/\/www.biblia.work\/noticias\/wp-json\/wp\/v2\/posts\/10817\/revisions"}],"wp:attachment":[{"href":"https:\/\/www.biblia.work\/noticias\/wp-json\/wp\/v2\/media?parent=10817"}],"wp:term":[{"taxonomy":"category","embeddable":true,"href":"https:\/\/www.biblia.work\/noticias\/wp-json\/wp\/v2\/categories?post=10817"},{"taxonomy":"post_tag","embeddable":true,"href":"https:\/\/www.biblia.work\/noticias\/wp-json\/wp\/v2\/tags?post=10817"}],"curies":[{"name":"wp","href":"https:\/\/api.w.org\/{rel}","templated":true}]}}