{"id":10818,"date":"2017-01-12T17:05:02","date_gmt":"2017-01-12T22:05:02","guid":{"rendered":"http:\/\/www.biblia.work\/noticias\/refugiense-bajo-el-manto-de-maria-alienta-el-papa-a-inmigrantes-en-estados-unidos\/"},"modified":"2017-01-12T17:05:02","modified_gmt":"2017-01-12T22:05:02","slug":"refugiense-bajo-el-manto-de-maria-alienta-el-papa-a-inmigrantes-en-estados-unidos","status":"publish","type":"post","link":"https:\/\/www.biblia.work\/noticias\/refugiense-bajo-el-manto-de-maria-alienta-el-papa-a-inmigrantes-en-estados-unidos\/","title":{"rendered":"Ref\u00fagiense bajo el manto de Mar\u00eda, alienta el Papa a inmigrantes en Estados Unidos"},"content":{"rendered":"<p> LOS \u00c1NGELES, 12 Ene. 17 (ACI).-<br \/>\n\tEn un video mensaje proyectado durante la Misa por la Semana Nacional de la Migraci&oacute;n en Los &Aacute;ngeles (Estados Unidos), el Papa Francisco alent&oacute; a los inmigrantes a buscar refugio bajo el manto de Mar&iacute;a cuando hay &ldquo;turbulencia espiritual&rdquo;, pues como le dijo la Virgen de Guadalupe a San Juan Diego: &ldquo;No tengas miedo. &iquest;No estoy yo aqu&iacute;, yo, que soy tu Madre?&rdquo;.<\/p>\n<p style=\"text-align: justify\">\n\tLa Eucarist&iacute;a fue presidida por el Arzobispo de Los &Aacute;ngeles, Mons. Jos&eacute; G&oacute;mez, en la iglesia Misi&oacute;n Dolores, una parroquia en el este de la ciudad que se dedica al cuidado de los migrantes.<\/p>\n<p style=\"text-align: justify\">\n\tEl mensaje del Santo Padre es parte de la entrevista televisiva con el fundador de los Ministerios de El Sembrador, Noel D&iacute;az, y que ser&aacute; transmitida el 29 de enero por ESNE. D&iacute;az es un inmigrante de origen mexicano. Actualmente es periodista, pero cuando era ni&ntilde;o trabaj&oacute; en su natal Tijuana (M&eacute;xico) como lustrabotas. Esta decisi&oacute;n la tom&oacute; luego de escuchar a su madre -que era soltera-, que no ten&iacute;a dinero para comprarle su traje para la Primera Comuni&oacute;n.<\/p>\n<p style=\"text-align: justify\">\n\tNoel D&iacute;az relat&oacute; su historia al Papa durante el vuelo a M&eacute;xico en febrero de 2016, tras lo cual le pidi&oacute; permiso al Pont&iacute;fice para lustrarle los zapatos, algo que humildemente acept&oacute; Francisco.&nbsp;<\/p>\n<p style=\"text-align: justify\">\n\tEn el video, Francisco record&oacute; a los inmigrantes que &ldquo;somos una comunidad que tambi&eacute;n tiene una Madre y Jes&uacute;s nos la dio a nosotros, su Madre y nuestra Madre, y una comunidad con una Madre debe sentirse segura&rdquo;.<\/p>\n<p style=\"text-align: justify\">\n\tEn ese sentido, el Pont&iacute;fice record&oacute; que &ldquo;los monjes rusos de la &eacute;poca medieval, o antes, ten&iacute;an un hermoso dicho. En aquel entonces dec&iacute;an: &lsquo;cuando hay turbulencia espiritual, ref&uacute;giense bajo el manto de la Santa Madre de Dios&rsquo;&rdquo;.<\/p>\n<p style=\"text-align: justify\">\n\t&ldquo;Y esto es lo que quiero decirles, (como) le dijo a Juan Diego en su idioma: &lsquo;No tengas miedo. &iquest;No estoy yo aqu&iacute;, yo, que soy tu Madre?&rsquo;&rdquo;, expres&oacute; Francisco.<\/p>\n<p style=\"text-align: justify\">\n\tEl Arzobispo de Los &Aacute;ngeles afirm&oacute; que las palabras del Papa son un &ldquo;hermoso mensaje de esperanza&rdquo; que recuerda &ldquo;las palabras de Nuestra Se&ntilde;ora de Guadalupe a San Juan Diego durante un tiempo de temor e incertidumbre, palabras de tranquilidad a nuestros hermanos y hermanas inmigrantes para no tener miedo porque no est&aacute;n solos. Como la Sant&iacute;sima Madre de Cristo, la Iglesia siempre estar&aacute; con ellos&rdquo;.<\/p>\n<p style=\"text-align: justify\">\n\tAdem&aacute;s, dijo que el Santo Padre tambi&eacute;n &ldquo;nos recuerda que como cristianos debemos ayudar a los que est&aacute;n sufriendo y en necesidad. Por eso, como una Iglesia seguir&aacute; estando en solidaridad con nuestros hermanos inmigrantes, porque para nosotros esto no es una cuesti&oacute;n pol&iacute;tica, es una cuesti&oacute;n humana&rdquo;.<\/p>\n<p style=\"text-align: justify\">\n\t&ldquo;Estoy agradecido a Noel y El Sembrador por haber hecho posible transmitir el mensaje del Santo Padre a nuestra comunidad inmigrante, especialmente durante este tiempo en nuestra Iglesia cuando nos unimos para celebrar las contribuciones de los inmigrantes como parte de la Semana Nacional de la Migraci&oacute;n&rdquo;, a&ntilde;adi&oacute;.<\/p>\n<p style=\"text-align: justify\">\n\tLa Semana Nacional de la Migraci&oacute;n fue declarada por la Conferencia de Obispos Cat&oacute;licos de Estados Unidos hace 25 a&ntilde;os, como una manera de reflexionar sobre c&oacute;mo los inmigrantes y los refugiados han contribuido a la Iglesia local y al pa&iacute;s.<\/p>\n<p style=\"text-align: justify\">\n\tTambi&eacute;n te puede interesar:<\/p>\n<p style=\"text-align: justify\">\n\t\tTEXTO: Homil&iacute;a del Papa en la Misa por la Virgen de Guadalupe en el Vaticano https:\/\/t.co\/WTydACJ1pt<\/p>\n<p>\t&mdash; ACI Prensa (@aciprensa) 12 de diciembre de 2016<\/p>\n","protected":false},"excerpt":{"rendered":"<p>LOS \u00c1NGELES, 12 Ene. 17 (ACI).- En un video mensaje proyectado durante la Misa por la Semana Nacional de la Migraci&oacute;n en Los &Aacute;ngeles (Estados Unidos), el Papa Francisco alent&oacute; a los inmigrantes a buscar refugio bajo el manto de Mar&iacute;a cuando hay &ldquo;turbulencia espiritual&rdquo;, pues como le dijo la Virgen de Guadalupe a San &hellip; <a href=\"https:\/\/www.biblia.work\/noticias\/refugiense-bajo-el-manto-de-maria-alienta-el-papa-a-inmigrantes-en-estados-unidos\/\" class=\"more-link\">Continuar leyendo<span class=\"screen-reader-text\"> \u00abRef\u00fagiense bajo el manto de Mar\u00eda, alienta el Papa a inmigrantes en Estados Unidos\u00bb<\/span><\/a><\/p>\n","protected":false},"author":1,"featured_media":0,"comment_status":"open","ping_status":"closed","sticky":false,"template":"","format":"standard","meta":{"footnotes":""},"categories":[1],"tags":[],"class_list":["post-10818","post","type-post","status-publish","format-standard","hentry","category-general"],"_links":{"self":[{"href":"https:\/\/www.biblia.work\/noticias\/wp-json\/wp\/v2\/posts\/10818","targetHints":{"allow":["GET"]}}],"collection":[{"href":"https:\/\/www.biblia.work\/noticias\/wp-json\/wp\/v2\/posts"}],"about":[{"href":"https:\/\/www.biblia.work\/noticias\/wp-json\/wp\/v2\/types\/post"}],"author":[{"embeddable":true,"href":"https:\/\/www.biblia.work\/noticias\/wp-json\/wp\/v2\/users\/1"}],"replies":[{"embeddable":true,"href":"https:\/\/www.biblia.work\/noticias\/wp-json\/wp\/v2\/comments?post=10818"}],"version-history":[{"count":0,"href":"https:\/\/www.biblia.work\/noticias\/wp-json\/wp\/v2\/posts\/10818\/revisions"}],"wp:attachment":[{"href":"https:\/\/www.biblia.work\/noticias\/wp-json\/wp\/v2\/media?parent=10818"}],"wp:term":[{"taxonomy":"category","embeddable":true,"href":"https:\/\/www.biblia.work\/noticias\/wp-json\/wp\/v2\/categories?post=10818"},{"taxonomy":"post_tag","embeddable":true,"href":"https:\/\/www.biblia.work\/noticias\/wp-json\/wp\/v2\/tags?post=10818"}],"curies":[{"name":"wp","href":"https:\/\/api.w.org\/{rel}","templated":true}]}}