{"id":10827,"date":"2017-01-13T05:15:02","date_gmt":"2017-01-13T10:15:02","guid":{"rendered":"http:\/\/www.biblia.work\/noticias\/una-iglesia-del-vaticano-abierta-por-la-noche-por-la-ola-de-frio\/"},"modified":"2017-01-13T05:15:02","modified_gmt":"2017-01-13T10:15:02","slug":"una-iglesia-del-vaticano-abierta-por-la-noche-por-la-ola-de-frio","status":"publish","type":"post","link":"https:\/\/www.biblia.work\/noticias\/una-iglesia-del-vaticano-abierta-por-la-noche-por-la-ola-de-frio\/","title":{"rendered":"Una iglesia del Vaticano abierta por la noche por la ola de fr\u00edo"},"content":{"rendered":"<p style=\"text-align: justify\">(ZENIT &#8211; Roma).-\u00a0<span style=\"font-weight: 400\">La comunidad de san Egidio, debido a la emergencia por el fr\u00edo de de estos d\u00edas, desde el pasado s\u00e1bado 7 de enero, han abierto la iglesia de San Calixto en Trastevere \u201cpara dar asistencia nocturna a las personas de la calle que no tienen otro refugio, hasta que permanezcan las bajas temperaturas\u201d. <\/span><\/p>\n<p style=\"text-align: justify\"><span style=\"font-weight: 400\">Las iglesia y los locales &#8211;informa un comunicado distribuido por la oficina de prensa de la Santa Sede&#8211; est\u00e1n en zona extraterritorial pero son propiedad de la Santa Sede. La iglesia \u201ces un lugar de culto antiguo, edificado en torno al pozo donde fue martirizado el papa Calixto I, en el 222\u201d. El edificio actual es del siglo XVII. Se trata de una rector\u00eda conectada a la parroquia de Santa Mar\u00eda en Trastevere y confiada a la comunidad de San Egidio, que desarrolla ah\u00ed las actividad de culto y de catequesis, particularmente para los ancianas y las personas con discapacidad. <\/span><\/p>\n<p style=\"text-align: justify\"><span style=\"font-weight: 400\">Son unas 30 \u00a0las personas, italiano y extranjeros que normalmente viven por la calle, las que actualmente son hospedadas por la noche y en la iglesia y los locales. El espacio habilitado est\u00e1 climatizado y provisto de camas, mantas y servicio higi\u00e9nicos. Las personas acogidas pueden cenar desde las 19.00 en adelante, un comedor cercano y acceden a la iglesia entre las 20.00 y las 22.00. Por la ma\u00f1ana dejan el lugar en torno a las 8.00.<\/span><\/p>\n<p style=\"text-align: justify\"><span style=\"font-weight: 400\">La acogida \u201cest\u00e1 garantizada por los voluntarios de la comunidad de San Egidio que est\u00e1n presentes durante todo el horario de apertura y, por turno, tambi\u00e9n durante la noche\u201d. <\/span><\/p>\n<p style=\"text-align: justify\"><span style=\"font-weight: 400\">Adem\u00e1s, a cada uno se le asigna y voluntario que busca soluciones ya sus necesidades materiales y de salud. En los d\u00edas sucesivos a las primera acogida se buscan donde es posible situaciones de acogida m\u00e1s estables. <\/span><\/p>\n<p style=\"text-align: justify\">&nbsp;<\/p>\n<p><span class=\"et_bloom_bottom_trigger\"><\/span><\/p>\n<p><a href=\"https:\/\/es.zenit.org\/\" target=\"_blank\" rel=\"nofollow\">Fuente: es.zenit.org<\/a><\/p>\n","protected":false},"excerpt":{"rendered":"<p>(ZENIT &#8211; Roma).-\u00a0La comunidad de san Egidio, debido a la emergencia por el fr\u00edo de de estos d\u00edas, desde el pasado s\u00e1bado 7 de enero, han abierto la iglesia de San Calixto en Trastevere \u201cpara dar asistencia nocturna a las personas de la calle que no tienen otro refugio, hasta que permanezcan las bajas temperaturas\u201d. &hellip; <a href=\"https:\/\/www.biblia.work\/noticias\/una-iglesia-del-vaticano-abierta-por-la-noche-por-la-ola-de-frio\/\" class=\"more-link\">Continuar leyendo<span class=\"screen-reader-text\"> \u00abUna iglesia del Vaticano abierta por la noche por la ola de fr\u00edo\u00bb<\/span><\/a><\/p>\n","protected":false},"author":1,"featured_media":0,"comment_status":"open","ping_status":"closed","sticky":false,"template":"","format":"standard","meta":{"footnotes":""},"categories":[1],"tags":[],"class_list":["post-10827","post","type-post","status-publish","format-standard","hentry","category-general"],"_links":{"self":[{"href":"https:\/\/www.biblia.work\/noticias\/wp-json\/wp\/v2\/posts\/10827","targetHints":{"allow":["GET"]}}],"collection":[{"href":"https:\/\/www.biblia.work\/noticias\/wp-json\/wp\/v2\/posts"}],"about":[{"href":"https:\/\/www.biblia.work\/noticias\/wp-json\/wp\/v2\/types\/post"}],"author":[{"embeddable":true,"href":"https:\/\/www.biblia.work\/noticias\/wp-json\/wp\/v2\/users\/1"}],"replies":[{"embeddable":true,"href":"https:\/\/www.biblia.work\/noticias\/wp-json\/wp\/v2\/comments?post=10827"}],"version-history":[{"count":0,"href":"https:\/\/www.biblia.work\/noticias\/wp-json\/wp\/v2\/posts\/10827\/revisions"}],"wp:attachment":[{"href":"https:\/\/www.biblia.work\/noticias\/wp-json\/wp\/v2\/media?parent=10827"}],"wp:term":[{"taxonomy":"category","embeddable":true,"href":"https:\/\/www.biblia.work\/noticias\/wp-json\/wp\/v2\/categories?post=10827"},{"taxonomy":"post_tag","embeddable":true,"href":"https:\/\/www.biblia.work\/noticias\/wp-json\/wp\/v2\/tags?post=10827"}],"curies":[{"name":"wp","href":"https:\/\/api.w.org\/{rel}","templated":true}]}}