{"id":10829,"date":"2017-01-13T06:15:02","date_gmt":"2017-01-13T11:15:02","guid":{"rendered":"http:\/\/www.biblia.work\/noticias\/el-papa-pide-a-los-jovenes-no-tener-miedo-de-escuchar-al-espiritu\/"},"modified":"2017-01-13T06:15:02","modified_gmt":"2017-01-13T11:15:02","slug":"el-papa-pide-a-los-jovenes-no-tener-miedo-de-escuchar-al-espiritu","status":"publish","type":"post","link":"https:\/\/www.biblia.work\/noticias\/el-papa-pide-a-los-jovenes-no-tener-miedo-de-escuchar-al-espiritu\/","title":{"rendered":"El Papa pide a los j\u00f3venes no tener miedo de escuchar al Espi\u0301ritu"},"content":{"rendered":"<p style=\"text-align: justify\">(ZENIT &#8211; Ciudad del Vaticano).- El papa Francisco, con ocasi\u00f3n de la presentaci\u00f3n del Documento Preparatorio de la XV Asamblea General Ordinaria del Si\u0301nodo de los Obispos, ha dirigido una carta a los j\u00f3venes, protagonistas del pr\u00f3ximo S\u00ednodo que se celebrar\u00e1 en 2018. El tema elegido es \u201cLos jo\u0301venes, la fe y el discernimiento vocacional\u201d.<br \/>\nEn su carta, Francisco indica que ha querido que los j\u00f3venes ocupen el centro de la atencio\u0301n \u201cporque los llevo en el corazo\u0301n\u201d.<br \/>\nDe este modo, les recuerda que Dios les invita a \u201csalir\u201d para lanzarse \u201chacia un futuro no conocido pero prometedor de seguras realizaciones, a cuyo encuentro E\u0301l mismo los acompan\u0303a\u201d. Por esto, el Pont\u00edfice les invita a escuchar la voz de Dios \u201cque resuena en el corazo\u0301n de cada uno a trave\u0301s del soplo vital del Espi\u0301ritu Santo\u201d. Por otro lado, ha recordado que muchos jo\u0301venes esta\u0301n sometidos al chantaje de la violencia y se ven obligados a huir de la tierra natal.<br \/>\nFrancisco les recuerda que Jesu\u0301s les dirige su mirada y les invita a ir hacia E\u0301l.\u00a0\u201c\u00bfHan encontrado esta mirada, queridos jo\u0301venes? \u00bfHan escuchado esta voz? \u00bfHan sentido este impulso a ponerse en camino?\u201d, pregunta el Papa a los j\u00f3venes. Y se muestra convencido de que \u201csi bien el ruido y el aturdimiento parecen reinar en el mundo\u201d, esta llamada \u201ccontinua a resonar en el corazo\u0301n da cada uno para abrirlo a la alegri\u0301a plena\u201d. Esto sera\u0301 posible &#8211;subraya el Pont\u00edfice&#8211; en la medida en que, a trave\u0301s del acompan\u0303amiento de gui\u0301as expertos, sabra\u0301n emprender un itinerario de discernimiento para descubrir el proyecto de Dios en la propia vida. Incluso cuando \u201cel camino se encuentre marcado por la precariedad y la cai\u0301da\u201d, Dios, que es rico en misericordia, \u201ctendera\u0301 su mano para levantarlos\u201d.<br \/>\nAsimismo, en su carta, el Santo Padre recuerda a los j\u00f3venes que un \u201cmundo mejor se construye tambie\u0301n gracias a ustedes, que siempre desean cambiar y ser generosos\u201d. El Papa les pide que no tengan miedo de escuchar al Espi\u0301ritu \u201cque les sugiere opciones audaces\u201d, \u201cno pierdan tiempo cuando la conciencia les pida arriesgar para seguir al Maestro\u201d. Tambie\u0301n la Iglesia &#8211;precisa&#8211; desea ponerse a la escucha de la voz, de la sensibilidad, de la fe de cada uno; asi\u0301 como tambie\u0301n de las dudas y las cri\u0301ticas. Finalmente, el Santo Padre asegura que a trave\u0301s del camino de este Si\u0301nodo,los obispos y \u00e9l mismo quieren \u201ccontribuir cada vez ma\u0301s a vuestro gozo\u201d.<\/p>\n<p><span class=\"et_bloom_bottom_trigger\"><\/span><\/p>\n<p><a href=\"https:\/\/es.zenit.org\/\" target=\"_blank\" rel=\"nofollow\">Fuente: es.zenit.org<\/a><\/p>\n","protected":false},"excerpt":{"rendered":"<p>(ZENIT &#8211; Ciudad del Vaticano).- El papa Francisco, con ocasi\u00f3n de la presentaci\u00f3n del Documento Preparatorio de la XV Asamblea General Ordinaria del Si\u0301nodo de los Obispos, ha dirigido una carta a los j\u00f3venes, protagonistas del pr\u00f3ximo S\u00ednodo que se celebrar\u00e1 en 2018. El tema elegido es \u201cLos jo\u0301venes, la fe y el discernimiento vocacional\u201d. &hellip; <a href=\"https:\/\/www.biblia.work\/noticias\/el-papa-pide-a-los-jovenes-no-tener-miedo-de-escuchar-al-espiritu\/\" class=\"more-link\">Continuar leyendo<span class=\"screen-reader-text\"> \u00abEl Papa pide a los j\u00f3venes no tener miedo de escuchar al Espi\u0301ritu\u00bb<\/span><\/a><\/p>\n","protected":false},"author":1,"featured_media":0,"comment_status":"open","ping_status":"closed","sticky":false,"template":"","format":"standard","meta":{"footnotes":""},"categories":[1],"tags":[],"class_list":["post-10829","post","type-post","status-publish","format-standard","hentry","category-general"],"_links":{"self":[{"href":"https:\/\/www.biblia.work\/noticias\/wp-json\/wp\/v2\/posts\/10829","targetHints":{"allow":["GET"]}}],"collection":[{"href":"https:\/\/www.biblia.work\/noticias\/wp-json\/wp\/v2\/posts"}],"about":[{"href":"https:\/\/www.biblia.work\/noticias\/wp-json\/wp\/v2\/types\/post"}],"author":[{"embeddable":true,"href":"https:\/\/www.biblia.work\/noticias\/wp-json\/wp\/v2\/users\/1"}],"replies":[{"embeddable":true,"href":"https:\/\/www.biblia.work\/noticias\/wp-json\/wp\/v2\/comments?post=10829"}],"version-history":[{"count":0,"href":"https:\/\/www.biblia.work\/noticias\/wp-json\/wp\/v2\/posts\/10829\/revisions"}],"wp:attachment":[{"href":"https:\/\/www.biblia.work\/noticias\/wp-json\/wp\/v2\/media?parent=10829"}],"wp:term":[{"taxonomy":"category","embeddable":true,"href":"https:\/\/www.biblia.work\/noticias\/wp-json\/wp\/v2\/categories?post=10829"},{"taxonomy":"post_tag","embeddable":true,"href":"https:\/\/www.biblia.work\/noticias\/wp-json\/wp\/v2\/tags?post=10829"}],"curies":[{"name":"wp","href":"https:\/\/api.w.org\/{rel}","templated":true}]}}