{"id":10832,"date":"2017-01-13T07:05:02","date_gmt":"2017-01-13T12:05:02","guid":{"rendered":"http:\/\/www.biblia.work\/noticias\/esto-es-lo-que-el-papa-francisco-pide-a-jovenes-en-una-carta-por-el-proximo-sinodo\/"},"modified":"2017-01-13T07:05:02","modified_gmt":"2017-01-13T12:05:02","slug":"esto-es-lo-que-el-papa-francisco-pide-a-jovenes-en-una-carta-por-el-proximo-sinodo","status":"publish","type":"post","link":"https:\/\/www.biblia.work\/noticias\/esto-es-lo-que-el-papa-francisco-pide-a-jovenes-en-una-carta-por-el-proximo-sinodo\/","title":{"rendered":"Esto es lo que el Papa Francisco pide a j\u00f3venes en una carta por el pr\u00f3ximo S\u00ednodo"},"content":{"rendered":"<p> VATICANO, 13 Ene. 17 (ACI).-<br \/>\n\t&ldquo;He querido que ustedes ocupen el centro de la atenci&oacute;n porque los llevo en el coraz&oacute;n&rdquo;. Con esa afirmaci&oacute;n, referida al tema de la pr&oacute;xima Asamblea General Ordinaria del S&iacute;nodo de los Obispos, que llevar&aacute; por tema &ldquo;Los j&oacute;venes, la fe y el discernimiento vocacional&rdquo;, el Papa Francisco hace una acuciante exhortaci&oacute;n a las nuevas generaciones en vistas al S&iacute;nodo que tendr&aacute; lugar en octubre de 2018.<\/p>\n<p style=\"text-align: justify\">\n\tEn una carta escrita por el Santo Padre a los j&oacute;venes, con motivo de la presentaci&oacute;n del Documento Preparatorio del S&iacute;nodo, los anima a no tener miedo y ponerse en camino hacia aquello que Dios les pide.<\/p>\n<p style=\"text-align: justify\">\n\tEn su carta, el Pont&iacute;fice hace referencia a las palabras que Dios dirigi&oacute; a Abraham: &ldquo;Vete de tu tierra, de tu patria y de la casa de tu padre a la tierra que yo te mostrar&eacute;&rdquo;. Francisco explica que estas palabras est&aacute;n dedicadas hoy a los j&oacute;venes: &ldquo;son las palabras de un Padre que los invita a &lsquo;salir&rsquo; para lanzarse hacia un futuro no conocido pero prometedor de seguras realizaciones, a cuyo encuentro &Eacute;l mismo los acompa&ntilde;a&rdquo;.<\/p>\n<p style=\"text-align: justify\">\n\tEn este sentido, el Papa invita a los j&oacute;venes &ldquo;a escuchar la voz de Dios que resuena en el coraz&oacute;n de cada uno a trav&eacute;s del soplo vital del Esp&iacute;ritu Santo&rdquo;.<\/p>\n<p style=\"text-align: justify\">\n\tExplica que cuando Dios le dice a Abraham que se marche &ldquo;no le ped&iacute;a huir de los suyos o del mundo. Su invitaci&oacute;n fue una fuerte provocaci&oacute;n para que dejase todo y se encaminase hacia una tierra nueva&rdquo;.<\/p>\n<p style=\"text-align: justify\">\n\tFrancisco exhorta a los j&oacute;venes a que se planteen si dicha tierra, &ldquo;&iquest;no es acaso para ustedes aquella sociedad m&aacute;s justa y fraterna que desean profundamente y que quieren construir hasta las periferias del mundo?&rdquo;.<\/p>\n<p style=\"text-align: justify\">\n\t&ldquo;Sin embargo, hoy, la expresi&oacute;n &lsquo;Vete&rsquo; asume un significado diverso: el de la prevaricaci&oacute;n, de la injusticia y de la guerra. Muchos j&oacute;venes entre ustedes est&aacute;n sometidos al chantaje de la violencia y se ven obligados a huir de la tierra natal. El grito de ellos sube a Dios, como el de Israel esclavo de la opresi&oacute;n del Fara&oacute;n&rdquo;, se&ntilde;ala.<\/p>\n<p style=\"text-align: justify\">\n\tEn esta carta, el Santo Padre recuerda las palabras de Jes&uacute;s cuando contestaba a las personas que le preguntaban d&oacute;nde viv&iacute;a: &ldquo;venid y lo ver&eacute;is&rdquo;.<\/p>\n<p style=\"text-align: justify\">\n\tDice el Papa: &ldquo;tambi&eacute;n a ustedes Jes&uacute;s dirige su mirada y los invita a ir hacia &Eacute;l. &iquest;Han encontrado esta mirada, queridos j&oacute;venes? &iquest;Han escuchado esta voz? &iquest;Han sentido este impulso a ponerse en camino? Estoy seguro de que, si bien el ruido y el aturdimiento parecen reinar en el mundo, esta llamada contin&uacute;a a resonar en el coraz&oacute;n da cada uno para abrirlo a la alegr&iacute;a plena&rdquo;.<\/p>\n<p style=\"text-align: justify\">\n\tSin embargo, el Obispo de Roma recuerda que es necesario &ldquo;el acompa&ntilde;amiento de gu&iacute;as expertos&rdquo; para &ldquo;emprender un itinerario de discernimiento para descubrir el proyecto de Dios en la propia vida&rdquo;.<\/p>\n<p style=\"text-align: justify\">\n\t&ldquo;Incluso cuando el camino se encuentre marcado por la precariedad y la ca&iacute;da, Dios, que es rico en misericordia, tender&aacute; su mano para levantarlos&rdquo;.<\/p>\n<p style=\"text-align: justify\">\n\tEl Papa concluye su carta animando a los j&oacute;venes a no tener miedo &ldquo;de escuchar al Esp&iacute;ritu que les sugiere opciones audaces&rdquo;, porque &ldquo;un mundo mejor se construye tambi&eacute;n gracias a ustedes, que siempre desean cambiar y ser generosos&rdquo;. &ldquo;No pierdan tiempo cuando la conciencia les pida arriesgar para seguir al Maestro&rdquo;.<\/p>\n<p style=\"text-align: justify\">\n\tFinalmente asegura que &ldquo;tambi&eacute;n la Iglesia desea ponerse a la escucha de la voz, de la sensibilidad, de la fe de cada uno; as&iacute; como tambi&eacute;n de las dudas y las cr&iacute;ticas. Hagan sentir a todos el grito de ustedes, d&eacute;jenlo resonar en las comunidades y h&aacute;ganlo llegar a los pastores&rdquo;.<\/p>\n<p style=\"text-align: justify\">\n\tTambi&eacute;n te puede interesar:<\/p>\n<p style=\"text-align: justify\">\n\t\tNo balconeen la vida ni se queden con el alma &ldquo;sentada&rdquo;, exhorta el Papa Francisco https:\/\/t.co\/2EaGQg4Wou<\/p>\n<p>\t&mdash; ACI Prensa (@aciprensa) 13 de enero de 2017<\/p>\n","protected":false},"excerpt":{"rendered":"<p>VATICANO, 13 Ene. 17 (ACI).- &ldquo;He querido que ustedes ocupen el centro de la atenci&oacute;n porque los llevo en el coraz&oacute;n&rdquo;. Con esa afirmaci&oacute;n, referida al tema de la pr&oacute;xima Asamblea General Ordinaria del S&iacute;nodo de los Obispos, que llevar&aacute; por tema &ldquo;Los j&oacute;venes, la fe y el discernimiento vocacional&rdquo;, el Papa Francisco hace una &hellip; <a href=\"https:\/\/www.biblia.work\/noticias\/esto-es-lo-que-el-papa-francisco-pide-a-jovenes-en-una-carta-por-el-proximo-sinodo\/\" class=\"more-link\">Continuar leyendo<span class=\"screen-reader-text\"> \u00abEsto es lo que el Papa Francisco pide a j\u00f3venes en una carta por el pr\u00f3ximo S\u00ednodo\u00bb<\/span><\/a><\/p>\n","protected":false},"author":1,"featured_media":0,"comment_status":"open","ping_status":"closed","sticky":false,"template":"","format":"standard","meta":{"footnotes":""},"categories":[1],"tags":[],"class_list":["post-10832","post","type-post","status-publish","format-standard","hentry","category-general"],"_links":{"self":[{"href":"https:\/\/www.biblia.work\/noticias\/wp-json\/wp\/v2\/posts\/10832","targetHints":{"allow":["GET"]}}],"collection":[{"href":"https:\/\/www.biblia.work\/noticias\/wp-json\/wp\/v2\/posts"}],"about":[{"href":"https:\/\/www.biblia.work\/noticias\/wp-json\/wp\/v2\/types\/post"}],"author":[{"embeddable":true,"href":"https:\/\/www.biblia.work\/noticias\/wp-json\/wp\/v2\/users\/1"}],"replies":[{"embeddable":true,"href":"https:\/\/www.biblia.work\/noticias\/wp-json\/wp\/v2\/comments?post=10832"}],"version-history":[{"count":0,"href":"https:\/\/www.biblia.work\/noticias\/wp-json\/wp\/v2\/posts\/10832\/revisions"}],"wp:attachment":[{"href":"https:\/\/www.biblia.work\/noticias\/wp-json\/wp\/v2\/media?parent=10832"}],"wp:term":[{"taxonomy":"category","embeddable":true,"href":"https:\/\/www.biblia.work\/noticias\/wp-json\/wp\/v2\/categories?post=10832"},{"taxonomy":"post_tag","embeddable":true,"href":"https:\/\/www.biblia.work\/noticias\/wp-json\/wp\/v2\/tags?post=10832"}],"curies":[{"name":"wp","href":"https:\/\/api.w.org\/{rel}","templated":true}]}}