{"id":10840,"date":"2017-01-13T08:15:02","date_gmt":"2017-01-13T13:15:02","guid":{"rendered":"http:\/\/www.biblia.work\/noticias\/los-jovenes-responderan-a-un-cuestionario-para-preparar-el-sinodo-del-2018\/"},"modified":"2017-01-13T08:15:02","modified_gmt":"2017-01-13T13:15:02","slug":"los-jovenes-responderan-a-un-cuestionario-para-preparar-el-sinodo-del-2018","status":"publish","type":"post","link":"https:\/\/www.biblia.work\/noticias\/los-jovenes-responderan-a-un-cuestionario-para-preparar-el-sinodo-del-2018\/","title":{"rendered":"Los j\u00f3venes responder\u00e1n a un cuestionario para preparar el S\u00ednodo del 2018"},"content":{"rendered":"<p style=\"text-align: justify\"><span style=\"font-weight: 400\">(ZENIT &#8211; Ciudad del Vaticano).- El cardenal Lorenzo Baldisseri, secretario general del S\u00ednodo de los Obispos, ha explicado que el t\u00e9rmino \u201cvocaci\u00f3n\u201d debe ser entendido en sentido amplio y se refiere a la amplia gama de posibilidades de realizaci\u00f3n concreta de la propia vida en la alegr\u00eda del amor y en la plenitud que deriva del don de s\u00ed a Dios y a los otros. \u00a0<\/span><\/p>\n<p style=\"text-align: justify\"><span style=\"font-weight: 400\">\u201cLos j\u00f3venes, la fe y el discernimiento vocacional\u201d es el tema elegido para este encuentro que se celebrar\u00e1 en octubre de 2018 en el Vaticano. De este modo, durante la rueda de prensa que ha tenido lugar esta ma\u00f1ana para presentar el Documento Preparatorio de la XV Asamblea General Ordinaria del S\u00ednodo de los Obispos, ha indicado que el texto ha sido enviado a los consejos de los jerarcas de las Iglesias orientales cat\u00f3licas, a las Conferencias Episcopales, a los dicasterios de la Curia Romana y a la Uni\u00f3n de los Superiores generales y as\u00ed de se inicio a la fase de consulta de todo el Pueblo de Dios. El objetivo es \u201crecoger informaciones sobre la actual condici\u00f3n de los j\u00f3venes en los varios contextos en los que viven, para poder discernir adecuadamente en vista de la elaboraci\u00f3n de la Instrumentum Laboris. \u00a0<\/span><\/p>\n<p style=\"text-align: justify\"><span style=\"font-weight: 400\">Por otro lado, ha indicado que el cuestionario que se encuentra al final del documento no es un simple \u201cap\u00e9ndice\u201d. El objetivo de esta parte, que es una novedad, es el de enriquecer a toda la Iglesia dando a conocer las experiencias, a menudo de gran inter\u00e9s que se desarrollan en las distintas regiones del mundo para que puedan ser de ayuda a todos. <\/span><\/p>\n<p style=\"text-align: justify\"><span style=\"font-weight: 400\">Por su parte, monse\u00f1or Fabio Fabene, subsecretario del S\u00ednodo de los Obispos, ha reconocido la importancia de involucrar a los j\u00f3venes en la fase preparatoria de la Asamblea sinodal. Porque &#8211;ha matizado&#8211; el S\u00ednodo no quiere solo interrogarse sobre c\u00f3mo acompa\u00f1ar a los j\u00f3venes en el discernimiento de su elecci\u00f3n de vida a la luz del Evangelio, sino que quiere tambi\u00e9n escuchar los deseos, proyectos, sue\u00f1os que tienen los j\u00f3venes para su vida. Del mismo modo, ha a\u00f1adido que tambi\u00e9n quieren escuchar las dificultades que encuentran para realizar el proyecto a servicio de la sociedad, en la que piden ser protagonistas activos. <\/span><\/p>\n<p style=\"text-align: justify\"><span style=\"font-weight: 400\">En este horizonte, ha anunciado durante la rueda de prensa, la Secretar\u00eda General del S\u00ednodo ha preparado una p\u00e1gina web para consultar a los j\u00f3venes a trav\u00e9s de un cuestionario sobre sus expectativas y su vida. Est\u00e1 previsto que la p\u00e1gina web est\u00e9 disponible a partir del mes de marzo. Las respuestas al cuestionario ser\u00e1n la base para la elaboraci\u00f3n de la Instrumentum Laboris, junto a las contribuciones que llegar\u00e1n de los organismos interesados. <\/span><\/p>\n<p style=\"text-align: justify\"><span style=\"font-weight: 400\">Finalmente, y como no pod\u00eda ser de otra manera, dos j\u00f3venes han intervenido para dar su testimonio y agradecer al Santo Padre la elecci\u00f3n de este tema. Un joven de 21 a\u00f1os y una joven de 24, ambos estudiantes universitarios y de la misma parroquia romana, han recordado tambi\u00e9n la importancia de esta \u201cIglesia en salida\u201d y de ese \u201censuciarse las manos\u201d a las que el Papa invita constantemente a los j\u00f3venes y que ellos intentan vivir cada d\u00eda con su misi\u00f3n en la parroquia y en sus ambientes. <\/span><\/p>\n<p style=\"text-align: justify\"><span style=\"font-weight: 400\">Est\u00e1 previsto &#8211;ha informado el cardenal Baldisseri&#8211; que las respuestas a este documento lleguen para el pr\u00f3ximo mes de octubre. Con este material se preparar\u00e1 la Instrumentum Laboris, que deber\u00eda publicarse a inicios del a\u00f1o que viene. <\/span><\/p>\n<p style=\"text-align: justify\">&nbsp;<\/p>\n<p><span class=\"et_bloom_bottom_trigger\"><\/span><\/p>\n<p><a href=\"https:\/\/es.zenit.org\/\" target=\"_blank\" rel=\"nofollow\">Fuente: es.zenit.org<\/a><\/p>\n","protected":false},"excerpt":{"rendered":"<p>(ZENIT &#8211; Ciudad del Vaticano).- El cardenal Lorenzo Baldisseri, secretario general del S\u00ednodo de los Obispos, ha explicado que el t\u00e9rmino \u201cvocaci\u00f3n\u201d debe ser entendido en sentido amplio y se refiere a la amplia gama de posibilidades de realizaci\u00f3n concreta de la propia vida en la alegr\u00eda del amor y en la plenitud que deriva &hellip; <a href=\"https:\/\/www.biblia.work\/noticias\/los-jovenes-responderan-a-un-cuestionario-para-preparar-el-sinodo-del-2018\/\" class=\"more-link\">Continuar leyendo<span class=\"screen-reader-text\"> \u00abLos j\u00f3venes responder\u00e1n a un cuestionario para preparar el S\u00ednodo del 2018\u00bb<\/span><\/a><\/p>\n","protected":false},"author":1,"featured_media":0,"comment_status":"open","ping_status":"closed","sticky":false,"template":"","format":"standard","meta":{"footnotes":""},"categories":[1],"tags":[],"class_list":["post-10840","post","type-post","status-publish","format-standard","hentry","category-general"],"_links":{"self":[{"href":"https:\/\/www.biblia.work\/noticias\/wp-json\/wp\/v2\/posts\/10840","targetHints":{"allow":["GET"]}}],"collection":[{"href":"https:\/\/www.biblia.work\/noticias\/wp-json\/wp\/v2\/posts"}],"about":[{"href":"https:\/\/www.biblia.work\/noticias\/wp-json\/wp\/v2\/types\/post"}],"author":[{"embeddable":true,"href":"https:\/\/www.biblia.work\/noticias\/wp-json\/wp\/v2\/users\/1"}],"replies":[{"embeddable":true,"href":"https:\/\/www.biblia.work\/noticias\/wp-json\/wp\/v2\/comments?post=10840"}],"version-history":[{"count":0,"href":"https:\/\/www.biblia.work\/noticias\/wp-json\/wp\/v2\/posts\/10840\/revisions"}],"wp:attachment":[{"href":"https:\/\/www.biblia.work\/noticias\/wp-json\/wp\/v2\/media?parent=10840"}],"wp:term":[{"taxonomy":"category","embeddable":true,"href":"https:\/\/www.biblia.work\/noticias\/wp-json\/wp\/v2\/categories?post=10840"},{"taxonomy":"post_tag","embeddable":true,"href":"https:\/\/www.biblia.work\/noticias\/wp-json\/wp\/v2\/tags?post=10840"}],"curies":[{"name":"wp","href":"https:\/\/api.w.org\/{rel}","templated":true}]}}