{"id":10843,"date":"2017-01-13T10:10:02","date_gmt":"2017-01-13T15:10:02","guid":{"rendered":"http:\/\/www.biblia.work\/noticias\/numero-de-cristianos-cayo-durante-gobierno-de-barack-obama\/"},"modified":"2017-01-13T10:10:02","modified_gmt":"2017-01-13T15:10:02","slug":"numero-de-cristianos-cayo-durante-gobierno-de-barack-obama","status":"publish","type":"post","link":"https:\/\/www.biblia.work\/noticias\/numero-de-cristianos-cayo-durante-gobierno-de-barack-obama\/","title":{"rendered":"N\u00famero de cristianos cay\u00f3 durante gobierno de Barack Obama"},"content":{"rendered":"<p style=\"text-align: justify\">EE.UU.- Durante los dos periodos de gobierno de Barack Obama como presidente de los Estados Unidos, el n\u00famero de personas que dicen ser religiosas disminuy\u00f3 en el pa\u00eds, como se muestra en una encuesta realizada por el Instituto Pew Research.<\/p>\n<p style=\"text-align: justify\">&#8220;Cuando se trata de la identidad religiosa de la naci\u00f3n, la mayor tendencia durante la presidencia de Obama ha sido el aumento de los que dicen no pertenecer a ninguna religi\u00f3n&#8221;, dice el informe de investigaci\u00f3n titulado &#8220;C\u00f3mo Estados Unidos cambi\u00f3 durante la presidencia de Barack Obama&#8221;.<\/p>\n<p style=\"text-align: justify\">Cuando Obama asumi\u00f3 el cargo, aquellos que se identificaron a s\u00ed mismos como ateos o agn\u00f3sticos totalizaban apenas el 16% de la poblaci\u00f3n estadounidense. Ocho a\u00f1os despu\u00e9s de dejar su cargo Obama, los no religiosos empezaron a formar casi una cuarta parte de la poblaci\u00f3n.<\/p>\n<p style=\"text-align: justify\"><strong>Lo mismo puede decirse de otro punto de vista: el porcentaje de estadounidenses que creen en Dios, que frecuentan iglesia y oran todos los d\u00edas se redujo durante el gobierno de Obama.<\/strong><\/p>\n<p style=\"text-align: justify\">El n\u00famero de cristianos cay\u00f3 y pas\u00f3 del 78% al 71% de la poblaci\u00f3n durante los 8 a\u00f1os. La mayor parte de estas p\u00e9rdidas se produjo entre los adultos que se identifican como protestantes y cat\u00f3licos. Pero las congregaciones evang\u00e9licas y negras se mantuvieron estables.<\/p>\n<p style=\"text-align: justify\">Seg\u00fan Tim Schultz, el presidente de la Asociaci\u00f3n Primera Enmienda, la administraci\u00f3n de Obama frecuentemente consideraba la religi\u00f3n como una barrera para sus objetivos pol\u00edticos. &#8220;Ellos vieron la libertad religiosa como una especie de obst\u00e1culo e inconveniente en el camino hacia estos objetivos&#8221;, dijo Schultz.<\/p>\n<p style=\"text-align: justify\"><strong>Las acciones del gobierno de Obama<\/strong><\/p>\n<p style=\"text-align: justify\">En 2016, el gobierno de Obama exigi\u00f3 que las escuelas p\u00fablicas permitieran a los estudiantes usar los ba\u00f1os correspondientes a su identidad de g\u00e9nero y no al sexo biol\u00f3gico.<\/p>\n<p style=\"text-align: justify\">Otro ejemplo atroz de la hostilidad de Obama en principios religiosos fue el caso llamado &#8220;Poderoso Obama x Hermanas de los pobres\u201d. Su gobierno dijo que ten\u00eda el poder para obligar a las iglesias a proporcionar productos y servicios relacionados con el aborto y trat\u00f3 de intimidar a las monjas cat\u00f3licas para que ofrecieran estos servicios, incluso en contra de sus creencias.<\/p>\n<p style=\"text-align: justify\">El a\u00f1o pasado, a trav\u00e9s de la Comisi\u00f3n de Estados Unidos sobre los Derechos Civiles, el presidente designado por Obama, Martin R. Castro, dijo que la libertad religiosa era una justificaci\u00f3n para el fanatismo, los prejuicios y la discriminaci\u00f3n.<\/p>\n<p style=\"text-align: justify\">Seg\u00fan Castro, el t\u00e9rmino &#8220;libertad religiosa&#8221; se convirti\u00f3 en &#8220;la palabra clave para la discriminaci\u00f3n, la intolerancia, el racismo, el sexismo, la homofobia, la islamofobia y otras formas de intolerancia&#8221;.<\/p>\n<p style=\"text-align: justify\">La entrada <a rel=\"nofollow\" href=\"http:\/\/www.noticiacristiana.com\/educacion\/encuestas-educacion\/2017\/01\/cristianos-disminuyeron-obama.html\">N\u00famero de cristianos cay\u00f3 durante gobierno de Barack Obama<\/a> aparece primero en <a rel=\"nofollow\" href=\"http:\/\/www.noticiacristiana.com\">NoticiaCristiana.com<\/a>.<\/p>\n","protected":false},"excerpt":{"rendered":"<p>EE.UU.- Durante los dos periodos de gobierno de Barack Obama como presidente de los Estados Unidos, el n\u00famero de personas que dicen ser religiosas disminuy\u00f3 en el pa\u00eds, como se muestra en una encuesta realizada por el Instituto Pew Research. &#8220;Cuando se trata de la identidad religiosa de la naci\u00f3n, la mayor tendencia durante la &hellip; <a href=\"https:\/\/www.biblia.work\/noticias\/numero-de-cristianos-cayo-durante-gobierno-de-barack-obama\/\" class=\"more-link\">Continuar leyendo<span class=\"screen-reader-text\"> \u00abN\u00famero de cristianos cay\u00f3 durante gobierno de Barack Obama\u00bb<\/span><\/a><\/p>\n","protected":false},"author":1,"featured_media":0,"comment_status":"open","ping_status":"closed","sticky":false,"template":"","format":"standard","meta":{"footnotes":""},"categories":[1],"tags":[],"class_list":["post-10843","post","type-post","status-publish","format-standard","hentry","category-general"],"_links":{"self":[{"href":"https:\/\/www.biblia.work\/noticias\/wp-json\/wp\/v2\/posts\/10843","targetHints":{"allow":["GET"]}}],"collection":[{"href":"https:\/\/www.biblia.work\/noticias\/wp-json\/wp\/v2\/posts"}],"about":[{"href":"https:\/\/www.biblia.work\/noticias\/wp-json\/wp\/v2\/types\/post"}],"author":[{"embeddable":true,"href":"https:\/\/www.biblia.work\/noticias\/wp-json\/wp\/v2\/users\/1"}],"replies":[{"embeddable":true,"href":"https:\/\/www.biblia.work\/noticias\/wp-json\/wp\/v2\/comments?post=10843"}],"version-history":[{"count":0,"href":"https:\/\/www.biblia.work\/noticias\/wp-json\/wp\/v2\/posts\/10843\/revisions"}],"wp:attachment":[{"href":"https:\/\/www.biblia.work\/noticias\/wp-json\/wp\/v2\/media?parent=10843"}],"wp:term":[{"taxonomy":"category","embeddable":true,"href":"https:\/\/www.biblia.work\/noticias\/wp-json\/wp\/v2\/categories?post=10843"},{"taxonomy":"post_tag","embeddable":true,"href":"https:\/\/www.biblia.work\/noticias\/wp-json\/wp\/v2\/tags?post=10843"}],"curies":[{"name":"wp","href":"https:\/\/api.w.org\/{rel}","templated":true}]}}