{"id":10847,"date":"2017-01-13T11:15:02","date_gmt":"2017-01-13T16:15:02","guid":{"rendered":"http:\/\/www.biblia.work\/noticias\/francisco-agradece-su-labor-a-la-policia-que-trabaja-por-la-seguridad-en-el-vaticano\/"},"modified":"2017-01-13T11:15:02","modified_gmt":"2017-01-13T16:15:02","slug":"francisco-agradece-su-labor-a-la-policia-que-trabaja-por-la-seguridad-en-el-vaticano","status":"publish","type":"post","link":"https:\/\/www.biblia.work\/noticias\/francisco-agradece-su-labor-a-la-policia-que-trabaja-por-la-seguridad-en-el-vaticano\/","title":{"rendered":"Francisco agradece su labor a la polic\u00eda que trabaja por la seguridad en el Vaticano"},"content":{"rendered":"<p style=\"text-align: justify\"><span style=\"font-weight: 400\">(ZENIT &#8211; Ciudad).- El papa Francisco, como tradicionalmente hace al inicio del a\u00f1o, ha recibido a los dirigentes y al personal del inspectorado de seguridad p\u00fablica en el Vaticano. \u201cDeseo expresar a cada uno de vosotros mi estima y mi vivo reconocimiento por vuestro servicio generoso, que no est\u00e1 privado de dificultades y de riesgos\u201d, ha indicado el Papa en su discurso. S\u00e9 que vosotros corr\u00e9is riesgo &#8211;ha observado&#8211; y en un cierto sentido, sois los \u201c\u00e1ngeles de la guarda\u201d de la plaza de San Pedro. <\/span><\/p>\n<p style=\"text-align: justify\"><span style=\"font-weight: 400\">Tal y como ha recordado el Papa, ellos vigilan\u00a0este peculiar centro de la cristiandad, y otros lugares del Vaticano \u201ccon gran preocupaci\u00f3n, profesionalidad y sentido del deber\u201d. Y, ha asegurado, \u201cespecialmente en estos \u00faltimos tiempos, hab\u00e9is demostrado competencia y valent\u00eda en el afrontar los muchos desaf\u00edos y los distintos peligros, comprometi\u00e9ndose con generosidad en la prevenci\u00f3n de los delitos\u201d. Por hacer \u201cseguro el acceso de los peregrinos\u201d a la Bas\u00edlica y a los encuentros con el Sucesor de Pedro, el Santo Padre ha dado las gracias. <\/span><\/p>\n<p style=\"text-align: justify\"><span style=\"font-weight: 400\">Asimismo ha reconocido que \u201cconoce el cansancio\u201d de su trabajo y \u201clos sacrificios que cada d\u00eda ten\u00e9is que afrontar\u201d. Al mismo tiempo que ha manifestado su gran aprecio y ha asegurado que \u201ca menudo pienso con sincero reconocimiento en vosotros y en vuestra preciosa obra\u201d. <\/span><\/p>\n<p style=\"text-align: justify\"><span style=\"font-weight: 400\">Por otro lado, Francisco record\u00f3 el Jubileo extraordinario de la Misericordia que en los pasados meses trajo a muchos peregrinos a Roma. Tambi\u00e9n vosotros &#8211;ha observado&#8211; hab\u00e9is sido llamados a un mayor compromiso operativo, para que todo se desarrollara con seguridad y serenidad. <\/span><\/p>\n<p style=\"text-align: justify\"><span style=\"font-weight: 400\">Finalmente, Francisco ha deseado que el Se\u00f1or les proteja en la realizaci\u00f3n de la tarea que desempe\u00f1an en colaboraci\u00f3n con las otras Fuerzas de Seguridad italianas y vaticanas. <\/span><\/p>\n<p style=\"text-align: justify\">&nbsp;<\/p>\n<p><span class=\"et_bloom_bottom_trigger\"><\/span><\/p>\n<p><a href=\"https:\/\/es.zenit.org\/\" target=\"_blank\" rel=\"nofollow\">Fuente: es.zenit.org<\/a><\/p>\n","protected":false},"excerpt":{"rendered":"<p>(ZENIT &#8211; Ciudad).- El papa Francisco, como tradicionalmente hace al inicio del a\u00f1o, ha recibido a los dirigentes y al personal del inspectorado de seguridad p\u00fablica en el Vaticano. \u201cDeseo expresar a cada uno de vosotros mi estima y mi vivo reconocimiento por vuestro servicio generoso, que no est\u00e1 privado de dificultades y de riesgos\u201d, &hellip; <a href=\"https:\/\/www.biblia.work\/noticias\/francisco-agradece-su-labor-a-la-policia-que-trabaja-por-la-seguridad-en-el-vaticano\/\" class=\"more-link\">Continuar leyendo<span class=\"screen-reader-text\"> \u00abFrancisco agradece su labor a la polic\u00eda que trabaja por la seguridad en el Vaticano\u00bb<\/span><\/a><\/p>\n","protected":false},"author":1,"featured_media":0,"comment_status":"open","ping_status":"closed","sticky":false,"template":"","format":"standard","meta":{"footnotes":""},"categories":[1],"tags":[],"class_list":["post-10847","post","type-post","status-publish","format-standard","hentry","category-general"],"_links":{"self":[{"href":"https:\/\/www.biblia.work\/noticias\/wp-json\/wp\/v2\/posts\/10847","targetHints":{"allow":["GET"]}}],"collection":[{"href":"https:\/\/www.biblia.work\/noticias\/wp-json\/wp\/v2\/posts"}],"about":[{"href":"https:\/\/www.biblia.work\/noticias\/wp-json\/wp\/v2\/types\/post"}],"author":[{"embeddable":true,"href":"https:\/\/www.biblia.work\/noticias\/wp-json\/wp\/v2\/users\/1"}],"replies":[{"embeddable":true,"href":"https:\/\/www.biblia.work\/noticias\/wp-json\/wp\/v2\/comments?post=10847"}],"version-history":[{"count":0,"href":"https:\/\/www.biblia.work\/noticias\/wp-json\/wp\/v2\/posts\/10847\/revisions"}],"wp:attachment":[{"href":"https:\/\/www.biblia.work\/noticias\/wp-json\/wp\/v2\/media?parent=10847"}],"wp:term":[{"taxonomy":"category","embeddable":true,"href":"https:\/\/www.biblia.work\/noticias\/wp-json\/wp\/v2\/categories?post=10847"},{"taxonomy":"post_tag","embeddable":true,"href":"https:\/\/www.biblia.work\/noticias\/wp-json\/wp\/v2\/tags?post=10847"}],"curies":[{"name":"wp","href":"https:\/\/api.w.org\/{rel}","templated":true}]}}