{"id":10859,"date":"2017-01-13T15:05:02","date_gmt":"2017-01-13T20:05:02","guid":{"rendered":"http:\/\/www.biblia.work\/noticias\/avanza-causa-de-beatificacion-de-sor-lucia-la-ultima-vidente-de-fatima\/"},"modified":"2017-01-13T15:05:02","modified_gmt":"2017-01-13T20:05:02","slug":"avanza-causa-de-beatificacion-de-sor-lucia-la-ultima-vidente-de-fatima","status":"publish","type":"post","link":"https:\/\/www.biblia.work\/noticias\/avanza-causa-de-beatificacion-de-sor-lucia-la-ultima-vidente-de-fatima\/","title":{"rendered":"Avanza causa de beatificaci\u00f3n de Sor Luc\u00eda, la \u00faltima vidente de F\u00e1tima"},"content":{"rendered":"<p> LISBOA, 13 Ene. 17 (ACI).-<br \/>\n\tEl pr&oacute;ximo 13 de febrero la di&oacute;cesis de Coimbra en Portugal concluir&aacute; la fase diocesana del proceso de canonizaci&oacute;n de Sor Luc&iacute;a Dos Santos, una de las tres videntes de F&aacute;tima y a quien la Virgen le confi&oacute; tres secretos. Una vez que eso ocurra, la causa pasar&aacute; al Vaticano.<\/p>\n<p style=\"text-align: justify\">\n\tLa hermana Luc&iacute;a de Jes&uacute;s fue uno de los tres ni&ntilde;os que presenciaron la apariciones de la Virgen en Cova de Ir&iacute;a entre mayo y octubre de 1917.<\/p>\n<p style=\"text-align: justify\">\n\tLos fieles podr&aacute;n asistir a la sesi&oacute;n de cierre de la causa de Sor Luc&iacute;a en el Carmelo de Santa Teresa, en Coimbra, el 13 de febrero a las 5:00 p.m. Luego se celebrar&aacute; una Misa de acci&oacute;n de gracias.<\/p>\n<p style=\"text-align: justify\">\n\tSor Luc&iacute;a fue religiosa carmelita durante 57 a&ntilde;os y, tras su muerte en 2005, fue enterrada en la Bas&iacute;lica de Nuestra Se&ntilde;ora del Rosario en el Santuario de F&aacute;tima.<\/p>\n<p style=\"text-align: justify\">\n\tLa causa de Sor Luc&iacute;a se abri&oacute; el 30 de abril de 2008 en Coimbra, luego que el Papa Benedicto XVI concediera una dispensa del per&iacute;odo de 5 a&ntilde;os de espera, el tiempo habitual que debe transcurrir luego del fallecimiento de una persona para iniciar el proceso. Algo similar ocurri&oacute; con la ahora Santa Madre Teresa de Calcuta.<\/p>\n<p style=\"text-align: justify\">\n\tLa vice postuladora de la causa de canonizaci&oacute;n, la hermana &Aacute;ngela Coelho, indic&oacute; que esta etapa diocesana ha tomado mucho tiempo porque &ldquo;la vasta documentaci&oacute;n&rdquo; sobre Sor Luc&iacute;a requiri&oacute; bastante trabajo.<\/p>\n<p style=\"text-align: justify\">\n\tEn una entrevista concedida a la agencia Ecclesia del episcopado portugu&eacute;s, la hermana Angela dijo que &ldquo;tenemos muchas expectativas&rdquo; para que llegue la beatificaci&oacute;n, y explic&oacute; que &ldquo;la hermana Luc&iacute;a merece un estudio muy profundo y riguroso, no solo por la cuesti&oacute;n hist&oacute;rica, que es muy importante, sino tambi&eacute;n por su dimensi&oacute;n espiritual&rdquo;.<\/p>\n<p style=\"text-align: justify\">\n\t&ldquo;Creo que prestaremos un mejor servicio a la propia Luc&iacute;a, a su santidad y caracter&iacute;sticas, si estudiamos bien la documentaci&oacute;n que existe&rdquo;, indic&oacute; la religiosa que tambi&eacute;n fue postuladora de la causa de canonizaci&oacute;n de los otros dos videntes de F&aacute;tima, los beatos Jacinta y Francisco Marto.<\/p>\n<p style=\"text-align: justify\">\n\tPara la hermana &Aacute;ngela, en este proceso se tiene que considerar que se trata de &ldquo;una mujer que vivi&oacute; casi 98 a&ntilde;os, que tuvo correspondencia con Papas, desde P&iacute;o XII hasta Juan Pablo II, con cardenales y obispos&rdquo; .<\/p>\n<p style=\"text-align: justify\">\n\tLa vice postuladora dijo que lograron &ldquo;recoger m&aacute;s de 11 mil cartas&rdquo; y eso &ldquo;hace que el proceso sea complejo&rdquo;.<\/p>\n<p style=\"text-align: justify\">\n\tEn la fase diocesana se investiga sobre la vida, las virtudes y fama de santidad, milagros atribu&iacute;dos e incluso, si se da el caso, el culto anterior a la persona.<\/p>\n<p style=\"text-align: justify\">\n\tAl concluir la fase diocesana del proceso se elabora un documento llamado Positio, que es enviado luego de su aprobaci&oacute;n al Vaticano donde prosigue la causa.<\/p>\n<p style=\"text-align: justify\">\n\tEn la Congregaci&oacute;n para las Causas de los Santos se estudia la Positio y despu&eacute;s de un tiempo que es muy variable, se procede a redactar el decreto que reconoce las virtudes heroicas del candidato, que luego debe ser aprobado por el Papa.<\/p>\n<p style=\"text-align: justify\">\n\tTras la aprobaci&oacute;n, el proceso queda a la espera de un milagro para la beatificaci&oacute;n, y luego se requiere un segundo milagro para la canonizaci&oacute;n.<\/p>\n<p style=\"text-align: justify\">\n\tTraducido y adaptado por Mar&iacute;a Ximena Rond&oacute;n. Publicado originalmente en ACI Digital.<\/p>\n<p style=\"text-align: justify\">\n\tTambi&eacute;n te puede interesar:<\/p>\n<p style=\"text-align: justify\">\n\t\tSor Luc&iacute;a: Batalla final entre Cristo y Satan&aacute;s ser&aacute; sobre familia y matrimonio https:\/\/t.co\/cTKhU8a7Kt<\/p>\n<p>\t&mdash; ACI Prensa (@aciprensa) 14 de junio de 2016<\/p>\n","protected":false},"excerpt":{"rendered":"<p>LISBOA, 13 Ene. 17 (ACI).- El pr&oacute;ximo 13 de febrero la di&oacute;cesis de Coimbra en Portugal concluir&aacute; la fase diocesana del proceso de canonizaci&oacute;n de Sor Luc&iacute;a Dos Santos, una de las tres videntes de F&aacute;tima y a quien la Virgen le confi&oacute; tres secretos. Una vez que eso ocurra, la causa pasar&aacute; al Vaticano. &hellip; <a href=\"https:\/\/www.biblia.work\/noticias\/avanza-causa-de-beatificacion-de-sor-lucia-la-ultima-vidente-de-fatima\/\" class=\"more-link\">Continuar leyendo<span class=\"screen-reader-text\"> \u00abAvanza causa de beatificaci\u00f3n de Sor Luc\u00eda, la \u00faltima vidente de F\u00e1tima\u00bb<\/span><\/a><\/p>\n","protected":false},"author":1,"featured_media":0,"comment_status":"open","ping_status":"closed","sticky":false,"template":"","format":"standard","meta":{"footnotes":""},"categories":[1],"tags":[],"class_list":["post-10859","post","type-post","status-publish","format-standard","hentry","category-general"],"_links":{"self":[{"href":"https:\/\/www.biblia.work\/noticias\/wp-json\/wp\/v2\/posts\/10859","targetHints":{"allow":["GET"]}}],"collection":[{"href":"https:\/\/www.biblia.work\/noticias\/wp-json\/wp\/v2\/posts"}],"about":[{"href":"https:\/\/www.biblia.work\/noticias\/wp-json\/wp\/v2\/types\/post"}],"author":[{"embeddable":true,"href":"https:\/\/www.biblia.work\/noticias\/wp-json\/wp\/v2\/users\/1"}],"replies":[{"embeddable":true,"href":"https:\/\/www.biblia.work\/noticias\/wp-json\/wp\/v2\/comments?post=10859"}],"version-history":[{"count":0,"href":"https:\/\/www.biblia.work\/noticias\/wp-json\/wp\/v2\/posts\/10859\/revisions"}],"wp:attachment":[{"href":"https:\/\/www.biblia.work\/noticias\/wp-json\/wp\/v2\/media?parent=10859"}],"wp:term":[{"taxonomy":"category","embeddable":true,"href":"https:\/\/www.biblia.work\/noticias\/wp-json\/wp\/v2\/categories?post=10859"},{"taxonomy":"post_tag","embeddable":true,"href":"https:\/\/www.biblia.work\/noticias\/wp-json\/wp\/v2\/tags?post=10859"}],"curies":[{"name":"wp","href":"https:\/\/api.w.org\/{rel}","templated":true}]}}