{"id":10865,"date":"2017-01-14T05:15:02","date_gmt":"2017-01-14T10:15:02","guid":{"rendered":"http:\/\/www.biblia.work\/noticias\/el-papa-invita-a-los-inmigrantes-en-ee-uu-a-refugiarse-bajo-el-manto-de-maria\/"},"modified":"2017-01-14T05:15:02","modified_gmt":"2017-01-14T10:15:02","slug":"el-papa-invita-a-los-inmigrantes-en-ee-uu-a-refugiarse-bajo-el-manto-de-maria","status":"publish","type":"post","link":"https:\/\/www.biblia.work\/noticias\/el-papa-invita-a-los-inmigrantes-en-ee-uu-a-refugiarse-bajo-el-manto-de-maria\/","title":{"rendered":"El Papa invita a los inmigrantes en EE.UU. a refugiarse bajo el manto de Mar\u00eda"},"content":{"rendered":"<p style=\"text-align: justify\"><span style=\"font-weight: 400\">(ZENIT &#8211; Ciudad del Vaticano).- El papa Francisco, en un v\u00eddeo mensaje proyectado durante la misa por la Semana Nacional de la Migraci\u00f3n en Los \u00c1ngeles, alienta a los inmigrantes a buscar refugio bajo el manto de Mar\u00eda cuando hay \u201cturbulencia espiritual\u201d. Porque, tal y como la Virgen de Guadalupe le dijo a san Juan Diego: \u201cNo tengas miedo. \u00bfNo estoy yo aqu\u00ed, yo, que soy tu Madre?\u201d.<\/span><\/p>\n<p style=\"text-align: justify\"><span style=\"font-weight: 400\">La eucarist\u00eda fue presidida por el arzobispo de Los \u00c1ngeles, monse\u00f1or Jos\u00e9 H. G\u00f3mez. En el v\u00eddeo, Francisco asegura a los inmigrantes que \u201csomos una comunidad que tambi\u00e9n tiene una Madre y Jes\u00fas nos la dio a nosotros, su Madre y nuestra Madre, y una comunidad con una Madre debe sentirse segura\u201d.<\/span><\/p>\n<p style=\"text-align: justify\"><span style=\"font-weight: 400\">Asimismo, recuerda que los monjes rusos de la \u00e9poca medieval, o antes, ten\u00edan un hermoso dicho. En aquel entonces dec\u00edan: \u201ccuando hay turbulencia espiritual, ref\u00fagiense bajo el manto de la Santa Madre de Dios\u2019\u201d. Y esto es lo que el Papa quer\u00eda decir a los all\u00ed reunidos, lo que la Virgen dijo a Juan Diego en su idioma: \u201c\u2018No tengas miedo. \u00bfNo estoy yo aqu\u00ed, yo, que soy tu Madre?\u2019\u201d. <\/span><\/p>\n<p style=\"text-align: justify\"><span style=\"font-weight: 400\">Por su parte, el arzobispo de Los \u00c1ngeles afirm\u00f3 que las palabras del Papa son un \u201chermoso mensaje de esperanza\u201d que recuerda \u201clas palabras de Nuestra Se\u00f1ora de Guadalupe a san Juan Diego durante un tiempo de temor e incertidumbre\u201d. Palabras &#8211;a\u00f1adi\u00f3&#8211; de tranquilidad a nuestros hermanos y hermanas inmigrantes para no tener miedo porque no est\u00e1n solos. \u201cComo la Sant\u00edsima Madre de Cristo, la Iglesia siempre estar\u00e1 con ellos\u201d, precis\u00f3 el arzobispo. <\/span><\/p>\n<p style=\"text-align: justify\"><span style=\"font-weight: 400\">La Semana Nacional de la Migraci\u00f3n fue declarada por la Conferencia Episcopal de Estados Unidos hace 25 a\u00f1os, \u201ccomo una manera de reflexionar sobre c\u00f3mo los inmigrantes y los refugiados han contribuido a la Iglesia local y al pa\u00eds\u201d.<\/span><\/p>\n<p style=\"text-align: justify\"><span style=\"font-weight: 400\">El v\u00eddeo mensaje del Papa es una parte de la entrevista televisiva con el fundador de los Ministerios de El Sembrador, Noel D\u00edaz, y que ser\u00e1 transmitida el 29 de enero por ESNE. <\/span><\/p>\n<p style=\"text-align: justify\">&nbsp;<\/p>\n<p><span class=\"et_bloom_bottom_trigger\"><\/span><\/p>\n<p><a href=\"https:\/\/es.zenit.org\/\" target=\"_blank\" rel=\"nofollow\">Fuente: es.zenit.org<\/a><\/p>\n","protected":false},"excerpt":{"rendered":"<p>(ZENIT &#8211; Ciudad del Vaticano).- El papa Francisco, en un v\u00eddeo mensaje proyectado durante la misa por la Semana Nacional de la Migraci\u00f3n en Los \u00c1ngeles, alienta a los inmigrantes a buscar refugio bajo el manto de Mar\u00eda cuando hay \u201cturbulencia espiritual\u201d. Porque, tal y como la Virgen de Guadalupe le dijo a san Juan &hellip; <a href=\"https:\/\/www.biblia.work\/noticias\/el-papa-invita-a-los-inmigrantes-en-ee-uu-a-refugiarse-bajo-el-manto-de-maria\/\" class=\"more-link\">Continuar leyendo<span class=\"screen-reader-text\"> \u00abEl Papa invita a los inmigrantes en EE.UU. a refugiarse bajo el manto de Mar\u00eda\u00bb<\/span><\/a><\/p>\n","protected":false},"author":1,"featured_media":0,"comment_status":"open","ping_status":"closed","sticky":false,"template":"","format":"standard","meta":{"footnotes":""},"categories":[1],"tags":[],"class_list":["post-10865","post","type-post","status-publish","format-standard","hentry","category-general"],"_links":{"self":[{"href":"https:\/\/www.biblia.work\/noticias\/wp-json\/wp\/v2\/posts\/10865","targetHints":{"allow":["GET"]}}],"collection":[{"href":"https:\/\/www.biblia.work\/noticias\/wp-json\/wp\/v2\/posts"}],"about":[{"href":"https:\/\/www.biblia.work\/noticias\/wp-json\/wp\/v2\/types\/post"}],"author":[{"embeddable":true,"href":"https:\/\/www.biblia.work\/noticias\/wp-json\/wp\/v2\/users\/1"}],"replies":[{"embeddable":true,"href":"https:\/\/www.biblia.work\/noticias\/wp-json\/wp\/v2\/comments?post=10865"}],"version-history":[{"count":0,"href":"https:\/\/www.biblia.work\/noticias\/wp-json\/wp\/v2\/posts\/10865\/revisions"}],"wp:attachment":[{"href":"https:\/\/www.biblia.work\/noticias\/wp-json\/wp\/v2\/media?parent=10865"}],"wp:term":[{"taxonomy":"category","embeddable":true,"href":"https:\/\/www.biblia.work\/noticias\/wp-json\/wp\/v2\/categories?post=10865"},{"taxonomy":"post_tag","embeddable":true,"href":"https:\/\/www.biblia.work\/noticias\/wp-json\/wp\/v2\/tags?post=10865"}],"curies":[{"name":"wp","href":"https:\/\/api.w.org\/{rel}","templated":true}]}}