{"id":10869,"date":"2017-01-14T07:15:02","date_gmt":"2017-01-14T12:15:02","guid":{"rendered":"http:\/\/www.biblia.work\/noticias\/francisco-asegura-que-un-sistema-economico-mundial-que-descarta-personas-es-deshumano\/"},"modified":"2017-01-14T07:15:02","modified_gmt":"2017-01-14T12:15:02","slug":"francisco-asegura-que-un-sistema-economico-mundial-que-descarta-personas-es-deshumano","status":"publish","type":"post","link":"https:\/\/www.biblia.work\/noticias\/francisco-asegura-que-un-sistema-economico-mundial-que-descarta-personas-es-deshumano\/","title":{"rendered":"Francisco asegura que un sistema econ\u00f3mico mundial que descarta personas es deshumano"},"content":{"rendered":"<p style=\"text-align: justify\"><span style=\"font-weight: 400\">(ZENIT &#8211; Ciudad del Vaticano).- El papa Francisco ha recibido esta ma\u00f1ana en el Vaticano\u00a0a una delegaci\u00f3n de la \u201cMesa Redonda\u201d de Roma de la <em>Global Foundation<\/em>, en la que se re\u00fanen inspirados por el tema de la fundaci\u00f3n \u201cJuntos nos comprometemos por el bien com\u00fan global\u201d. <\/span><\/p>\n<p style=\"text-align: justify\"><span style=\"font-weight: 400\">El objetivo del encuentro &#8211;tal y como ha subrayado el Papa en su discurso&#8211; es concretar los caminos justos, capaces de conducir a una globalizaci\u00f3n \u201ccooperativa\u201d, es decir, positiva, opuesta a la globalizaci\u00f3n de la indiferencia. La finalidad, ha insistido el Santo Padre, es el de asegurar que la comunidad global, formada por las instituciones, las empresas y los representantes \u00a0de la sociedad civil, pueda alcanzar efectivamente los objetivos y las obligaciones internacionales solemnemente declarados y asumidos, como por ejemplo el de la Agenda 2030 para el desarrollo sostenible y los Objetivos de Desarrollo sostenible. <\/span><\/p>\n<p style=\"text-align: justify\"><span style=\"font-weight: 400\">Una vez m\u00e1s, el Santo Padre ha indicado que es un \u201csistema econ\u00f3mico mundial que descarta hombres, mujeres y ni\u00f1os\u201d por el hecho de que \u201cparecen no ser \u00fatiles seg\u00fan los criterios de rentabilidad de las empresas y de otras organizaciones\u201d es \u201cinaceptable porque es deshumano\u201d. <\/span><\/p>\n<p style=\"text-align: justify\"><span style=\"font-weight: 400\">Precisamente, ha se\u00f1alado Francisco, este descarte de las personas constituye la regresi\u00f3n y la deshumanizaci\u00f3n de cualquier sistema pol\u00edtico y econ\u00f3mico. Es m\u00e1s, los que causan o permiten el descarte de los otros &#8211;refugiados, ni\u00f1os abusados o esclavizados, pobres que mueren en la calle cuando hace fr\u00edo&#8211; se convierten ellos mismo en m\u00e1quinas sin alma, aceptando impl\u00edcitamente el principio que tambi\u00e9n ellos, antes o despu\u00e9s, ser\u00e1n descartados, cuando ya no sean \u00fatiles a una sociedad que ha puesto en el centro al dios dinero. <\/span><\/p>\n<p style=\"text-align: justify\"><span style=\"font-weight: 400\">Por otro lado, ha querido recordar que ya en 1991, Juan Pablo II, frente a la ca\u00edda de sistemas pol\u00edticos opresivos y a la progresiva integraci\u00f3n de los mercados que ya llamamos habitualmente globalizaci\u00f3n, \u201cadvert\u00eda del riesgo de que se difundiera por todos lados la ideolog\u00eda capitalista\u201d. Esta habr\u00eda implicado \u201cuna escasa o nula consideraci\u00f3n por los fen\u00f3menos de la marginaci\u00f3n, de la explotaci\u00f3n o de la alienaci\u00f3n humana\u201d, \u201cignorando las multitudes que viven a\u00fan en condiciones de miseria material y moral, y encomendando ciegamente la soluci\u00f3n \u00fanicamente al libre desarrollo de las fuerzas del mercado\u201d. <\/span><\/p>\n<p style=\"text-align: justify\"><span style=\"font-weight: 400\">As\u00ed, el Pont\u00edfice se ha lamentado de que los riesgos descritos por san Juan Pablo II \u201cse han verificado ampliamente\u201d. Pero, al mismo tiempo \u201cse han desarrollado y realizado muchos esfuerzos de individuos y de instituciones para resanar los males producidos por una globalizaci\u00f3n irresponsable\u201d, ha subrayado el Papa. Al respecto, ha asegurado la la Madre Teresa de Calcuta \u201cde alguna manera representa y resume tales esfuerzos\u201d. Ella &#8211;ha indicado el Santo Padre&#8211; se inclin\u00f3 ante las personas pobres, abandonadas a su suerte en los bordes de los caminos, reconociendo a cada una la dignidad dada por Dios. Tal y como ha recordado el Papa, la Madre Teresa \u201cha acogido cada vida humana, la no nacida y la abandonada y descartada\u201d y ha hecho escuchar su voz a los poderosos de la tierra \u201cpara que reconocieran los cr\u00edmenes de la pobreza creados por ellos mismos\u201d. <\/span><\/p>\n<p style=\"text-align: justify\">&nbsp;<\/p>\n<p style=\"text-align: justify\"><span style=\"font-weight: 400\">En esta misma l\u00ednea, Francisco ha reconocido que es necesario, en primer lugar, que cada uno, personalmente, no sea indiferente a las \u201cheridas de los pobres\u201d sino que aprenda a compadecerse con los que \u201csufren por las persecuciones, la soledad, el desplazamiento forzado o por la separaci\u00f3n de sus familias\u201d; con aquellos que \u201cno tienen acceso a los cuidados sanitarios\u201d, \u201csufren hambre, fr\u00edo o calor\u201d. <\/span><\/p>\n<p style=\"text-align: justify\"><span style=\"font-weight: 400\">Esta compasi\u00f3n &#8211;ha explicado el Papa&#8211; har\u00e1 que los trabajadores econ\u00f3micos y pol\u00edticos puedan usar su inteligencia y sus recursos no solo para controlar los efectos de la globalizaci\u00f3n, sino tambi\u00e9n para ayudar a los responsables en los distintos \u00e1mbitos pol\u00edticos a corregir la orientaci\u00f3n cada vez que sea necesario. La pol\u00edtica y la econom\u00eda, ha se\u00f1alado Francisco, deber\u00eda comprender el ejercicio de la virtud de la prudencia. <\/span><\/p>\n<p style=\"text-align: justify\"><span style=\"font-weight: 400\">Para concluir su discurso, el Pont\u00edfice ha reconocido que la Iglesia est\u00e1 siempre confiada, porque conoce \u201clas grandes potencialidades de la inteligencia humana que se deja ayudar y guiar por Dios\u201d y tambi\u00e9n \u201cla buena voluntad de peque\u00f1os y grandes, pobres y ricos, empresarios y trabajadores\u201d. <\/span><\/p>\n<p style=\"text-align: justify\">&nbsp;<\/p>\n<p><span class=\"et_bloom_bottom_trigger\"><\/span><\/p>\n<p><a href=\"https:\/\/es.zenit.org\/\" target=\"_blank\" rel=\"nofollow\">Fuente: es.zenit.org<\/a><\/p>\n","protected":false},"excerpt":{"rendered":"<p>(ZENIT &#8211; Ciudad del Vaticano).- El papa Francisco ha recibido esta ma\u00f1ana en el Vaticano\u00a0a una delegaci\u00f3n de la \u201cMesa Redonda\u201d de Roma de la Global Foundation, en la que se re\u00fanen inspirados por el tema de la fundaci\u00f3n \u201cJuntos nos comprometemos por el bien com\u00fan global\u201d. El objetivo del encuentro &#8211;tal y como ha &hellip; <a href=\"https:\/\/www.biblia.work\/noticias\/francisco-asegura-que-un-sistema-economico-mundial-que-descarta-personas-es-deshumano\/\" class=\"more-link\">Continuar leyendo<span class=\"screen-reader-text\"> \u00abFrancisco asegura que un sistema econ\u00f3mico mundial que descarta personas es deshumano\u00bb<\/span><\/a><\/p>\n","protected":false},"author":1,"featured_media":0,"comment_status":"open","ping_status":"closed","sticky":false,"template":"","format":"standard","meta":{"footnotes":""},"categories":[1],"tags":[],"class_list":["post-10869","post","type-post","status-publish","format-standard","hentry","category-general"],"_links":{"self":[{"href":"https:\/\/www.biblia.work\/noticias\/wp-json\/wp\/v2\/posts\/10869","targetHints":{"allow":["GET"]}}],"collection":[{"href":"https:\/\/www.biblia.work\/noticias\/wp-json\/wp\/v2\/posts"}],"about":[{"href":"https:\/\/www.biblia.work\/noticias\/wp-json\/wp\/v2\/types\/post"}],"author":[{"embeddable":true,"href":"https:\/\/www.biblia.work\/noticias\/wp-json\/wp\/v2\/users\/1"}],"replies":[{"embeddable":true,"href":"https:\/\/www.biblia.work\/noticias\/wp-json\/wp\/v2\/comments?post=10869"}],"version-history":[{"count":0,"href":"https:\/\/www.biblia.work\/noticias\/wp-json\/wp\/v2\/posts\/10869\/revisions"}],"wp:attachment":[{"href":"https:\/\/www.biblia.work\/noticias\/wp-json\/wp\/v2\/media?parent=10869"}],"wp:term":[{"taxonomy":"category","embeddable":true,"href":"https:\/\/www.biblia.work\/noticias\/wp-json\/wp\/v2\/categories?post=10869"},{"taxonomy":"post_tag","embeddable":true,"href":"https:\/\/www.biblia.work\/noticias\/wp-json\/wp\/v2\/tags?post=10869"}],"curies":[{"name":"wp","href":"https:\/\/api.w.org\/{rel}","templated":true}]}}