{"id":10871,"date":"2017-01-14T08:15:03","date_gmt":"2017-01-14T13:15:03","guid":{"rendered":"http:\/\/www.biblia.work\/noticias\/el-papa-y-mahmoud-abbas-conversan-sobre-el-proceso-de-paz-en-oriente-medio\/"},"modified":"2017-01-14T08:15:03","modified_gmt":"2017-01-14T13:15:03","slug":"el-papa-y-mahmoud-abbas-conversan-sobre-el-proceso-de-paz-en-oriente-medio","status":"publish","type":"post","link":"https:\/\/www.biblia.work\/noticias\/el-papa-y-mahmoud-abbas-conversan-sobre-el-proceso-de-paz-en-oriente-medio\/","title":{"rendered":"El Papa y Mahmoud Abbas conversan sobre el proceso de paz en Oriente Medio"},"content":{"rendered":"<p style=\"text-align: justify\">(ZENIT &#8211; Ciudad del Vaticano).- El papa Francisco ha recibido esta ma\u00f1ana en audiencia a Mahmoud Abbas, presidente del Estado de Palestina. Durante el encuentro privado, que ha durado 23 minutos, han podido conversar sobre \u201clas buenas relaciones existentes entre la Santa Sede y Palestina\u201d, selladas por el Acuerdo Global de 2015, \u201cque atan\u0303e a los aspectos esenciales de la vida y la actividad de la Iglesia en la sociedad palestina\u201d.<br \/>\nEn este contexto &#8211;informa la Santa Sede&#8211; se ha recordado la importante contribucio\u0301n de los cato\u0301licos en favor de la promocio\u0301n de la dignidad humana y en la ayuda los necesitados, particularmente en los sectores de la educacio\u0301n, la salud y la asistencia.<br \/>\nOtro de los temas abordados durante el encuentro ha sido el proceso de paz en Oriente Medio expresando \u201cla esperanza de que se puedan reanudar las negociaciones directas\u201d entre las partes para \u201cponer fin a la violencia que causa sufrimientos inaceptables a la poblacio\u0301n civil y a una solucio\u0301n justa y duradera\u201d.<br \/>\nTambi\u00e9n se ha manifestado el deseo de que, con el apoyo de la Comunidad internacional, \u201cse tomen medidas que fomenten la confianza mutua y contribuyan a crear un clima que permita tomar decisiones valientes en favor de la paz\u201d.<br \/>\nTal y como informa el comunicado de la oficina de prensa de la Santa Sede, en el encuentro se ha recordado \u201cla importancia de la salvaguardia del cara\u0301cter sacro de los Santos Lugares para los creyentes de las tres religiones abraha\u0301micas\u201d. Por u\u0301ltimo, se ha dedicado especial atencio\u0301n a los \u201cotros conflictos que afligen a la regio\u0301n\u201d.<\/p>\n<p style=\"text-align: justify\">En el momento de saludarse, al inicio del encuentro, el Santo Padre ha dicho \u201ces un placer recibirle\u201d, a lo que el presidente ha respondido \u201ctambi\u00e9n yo estoy contento de estar aqu\u00ed&#8221;. Y despu\u00e9s del encuentro privado, Abbas ha presentado a su delegaci\u00f3n y a continuaci\u00f3n se ha realizado el tradicional intercambio de regalos. El presidente palestino ha entregado al Pont\u00edfice una piedra procedente del G\u00f3lgota, un icono que representa el rostro de Jes\u00fas, un icono que representa la Sagrada Familia, un documental sobre la reestructuraci\u00f3n de la bas\u00edlica de la Natividad y un libro sobre las relaciones entre la Santa Sede y Palestina. Por su parte, el Santo Padre le ha regalado una medalla del a\u00f1o jubilar, y sus documentos \u201cAmoris laetitita\u201d y \u201cLaudato si\u201d en \u00e1rabe.<\/p>\n<p style=\"text-align: justify\">Al finalizar el encuentro, el mandatario palestino se ha reunido tambi\u00e9n con el cardenal Pietro Parolin, Secretario de Estado, acompa\u00f1ado por monse\u00f1or Paul Gallagher, Secretario para las Relaciones con los Estados. \u00a0Y a continuaci\u00f3n, el presidente ha inaugurado la sede de la embajada palestina ante la Santa Sede<\/p>\n<p style=\"text-align: justify\">En el discurso del Papa al cuerpo diplom\u00e1tico acreditado ante la Santa Sede, que tuvo lugar este lunes, indic\u00f3 que la Santa Sede renueva \u201csu urgente llamamiento para que se reanude el di\u00e1logo entre israel\u00edes y palestinos\u201d, para que \u201cse alcance una soluci\u00f3n estable y duradera que garantice la convivencia pac\u00edfica de dos Estados dentro de fronteras reconocidas internacionalmente\u201d. Ning\u00fan conflicto &#8211;precis\u00f3 Francisco&#8211; ha de convertirse en un h\u00e1bito del que parece que nadie se puede librar. \u201cIsrael\u00edes y palestinos necesitan la paz. Todo el Oriente Medio necesita con urgencia la paz\u201d, quiso recordar el Papa.<\/p>\n<p><span class=\"et_bloom_bottom_trigger\"><\/span><\/p>\n<p><a href=\"https:\/\/es.zenit.org\/\" target=\"_blank\" rel=\"nofollow\">Fuente: es.zenit.org<\/a><\/p>\n","protected":false},"excerpt":{"rendered":"<p>(ZENIT &#8211; Ciudad del Vaticano).- El papa Francisco ha recibido esta ma\u00f1ana en audiencia a Mahmoud Abbas, presidente del Estado de Palestina. Durante el encuentro privado, que ha durado 23 minutos, han podido conversar sobre \u201clas buenas relaciones existentes entre la Santa Sede y Palestina\u201d, selladas por el Acuerdo Global de 2015, \u201cque atan\u0303e a &hellip; <a href=\"https:\/\/www.biblia.work\/noticias\/el-papa-y-mahmoud-abbas-conversan-sobre-el-proceso-de-paz-en-oriente-medio\/\" class=\"more-link\">Continuar leyendo<span class=\"screen-reader-text\"> \u00abEl Papa y Mahmoud Abbas conversan sobre el proceso de paz en Oriente Medio\u00bb<\/span><\/a><\/p>\n","protected":false},"author":1,"featured_media":0,"comment_status":"open","ping_status":"closed","sticky":false,"template":"","format":"standard","meta":{"footnotes":""},"categories":[1],"tags":[],"class_list":["post-10871","post","type-post","status-publish","format-standard","hentry","category-general"],"_links":{"self":[{"href":"https:\/\/www.biblia.work\/noticias\/wp-json\/wp\/v2\/posts\/10871","targetHints":{"allow":["GET"]}}],"collection":[{"href":"https:\/\/www.biblia.work\/noticias\/wp-json\/wp\/v2\/posts"}],"about":[{"href":"https:\/\/www.biblia.work\/noticias\/wp-json\/wp\/v2\/types\/post"}],"author":[{"embeddable":true,"href":"https:\/\/www.biblia.work\/noticias\/wp-json\/wp\/v2\/users\/1"}],"replies":[{"embeddable":true,"href":"https:\/\/www.biblia.work\/noticias\/wp-json\/wp\/v2\/comments?post=10871"}],"version-history":[{"count":0,"href":"https:\/\/www.biblia.work\/noticias\/wp-json\/wp\/v2\/posts\/10871\/revisions"}],"wp:attachment":[{"href":"https:\/\/www.biblia.work\/noticias\/wp-json\/wp\/v2\/media?parent=10871"}],"wp:term":[{"taxonomy":"category","embeddable":true,"href":"https:\/\/www.biblia.work\/noticias\/wp-json\/wp\/v2\/categories?post=10871"},{"taxonomy":"post_tag","embeddable":true,"href":"https:\/\/www.biblia.work\/noticias\/wp-json\/wp\/v2\/tags?post=10871"}],"curies":[{"name":"wp","href":"https:\/\/api.w.org\/{rel}","templated":true}]}}