{"id":10887,"date":"2017-01-15T01:05:03","date_gmt":"2017-01-15T06:05:03","guid":{"rendered":"http:\/\/www.biblia.work\/noticias\/hoy-se-recuerda-a-san-pablo-el-ermitano-quien-se-alejo-del-mundo-por-salvarlo\/"},"modified":"2017-01-15T01:05:03","modified_gmt":"2017-01-15T06:05:03","slug":"hoy-se-recuerda-a-san-pablo-el-ermitano-quien-se-alejo-del-mundo-por-salvarlo","status":"publish","type":"post","link":"https:\/\/www.biblia.work\/noticias\/hoy-se-recuerda-a-san-pablo-el-ermitano-quien-se-alejo-del-mundo-por-salvarlo\/","title":{"rendered":"Hoy se recuerda a San Pablo el ermita\u00f1o, quien se alej\u00f3 del mundo por salvarlo"},"content":{"rendered":"<p> REDACCI\u00d3N CENTRAL, 15 Ene. 17 (ACI).-<br \/>\n\tCada 15 de enero se recuerda a San Pablo, considerado &ldquo;el ermita&ntilde;o&rdquo; porque entreg&oacute; su vida a Dios por la salvaci&oacute;n de las almas, viviendo y sacrific&aacute;ndose en una ermita, es decir en una habitaci&oacute;n o lugar solitario y retirado del mundo.<\/p>\n<p style=\"text-align: justify\">\n\tSan Jer&oacute;nimo, en el siglo quinto (V), cont&oacute; que San Pablo el ermita&ntilde;o naci&oacute; en el 228 en Egipto. Fue bien educado por sus padres pero a los 14 a&ntilde;os qued&oacute; hu&eacute;rfano. En el a&ntilde;o 250 estall&oacute; una gran persecuci&oacute;n contra los cristianos que buscaba que los creyentes renegaran de su religi&oacute;n.<\/p>\n<p style=\"text-align: justify\">\n\tSan Pablo entonces se escondi&oacute; pero su cu&ntilde;ado, que quer&iacute;a quedarse con sus bienes, lo denunci&oacute; ante las autoridades. Pablo huy&oacute; al desierto y en la soledad se dio cuenta que pod&iacute;a encontrarse tranquilamente con Dios. De esta manera se propuso ayudar al mundo con penitencias y oraciones por la conversi&oacute;n de los pecadores.<\/p>\n<p style=\"text-align: justify\">\n\tCuenta San Jer&oacute;nimo que Pablo se alimentaba de una palmera y cuando esta no ten&iacute;a d&aacute;tiles un cuervo le llevaba medio pan.<\/p>\n<p style=\"text-align: justify\">\n\tPor aquel entonces el gran San Antonio Abad, padre del monacato, oy&oacute; en sue&ntilde;os que hab&iacute;a otro ermita&ntilde;o m&aacute;s antiguo que &eacute;l y emprendi&oacute; un viaje para encontrarlo. Cuando lleg&oacute; a la cueva donde estaba San Pablo, este tap&oacute; la entrada con una piedra pensando que era una fiera. San Antonio le suplic&oacute; por largo rato que liberara la puerta para poder saludarlo.<\/p>\n<p style=\"text-align: justify\">\n\tSan Pablo finalmente sali&oacute; y los dos santos, sin haberse visto antes, se saludaron llam&aacute;ndose por su nombre. Luego se arrodillaron y dieron gracias a Dios. Un cuervo les llev&oacute; un pan entero y ambos lo partieron tomando cada uno una mitad.<\/p>\n<p style=\"text-align: justify\">\n\tAl d&iacute;a siguiente San Pablo anunci&oacute; que ya hab&iacute;a llegado el momento de partir al cielo y le pidi&oacute; a San Antonio que fuera a su monasterio para que le traiga el manto que el Obispo San Atanasio le regal&oacute; porque quer&iacute;a ser amortajado con aquella vestimenta.<\/p>\n<p style=\"text-align: justify\">\n\tSan Atanasio, sorprendido por todo lo que sab&iacute;a San Pablo, fue a traer el manto y cuando estaba de regreso contempl&oacute; en una visi&oacute;n que el alma de Pablo sub&iacute;a al cielo rodeado de Ap&oacute;stoles y &aacute;ngeles.<\/p>\n<p style=\"text-align: justify\">\n\tAl llegar a la cueva del ermita&ntilde;o, San Antonio encontr&oacute; el cad&aacute;ver de San Pablo arrodillado con los ojos mirando al cielo y los brazos en cruz. De esta manera, San Pablo muri&oacute; en el silencioso y humilde servicio de la oraci&oacute;n. &nbsp;<\/p>\n<p style=\"text-align: justify\">\n\tLa tradici&oacute;n afirma que luego llegaron dos leones que cavaron una sepultura y San Antonio pudo enterrar all&iacute; a su amigo Pablo. San Antonio, como respeto, siempre conserv&oacute; la vestidura de San Pablo hecha de hojas de palmera y se revest&iacute;a con ellas en grandes festividades.<\/p>\n<p style=\"text-align: justify\">\n\tSan Jer&oacute;nimo dec&iacute;a: &quot;si el Se&ntilde;or me pusiera a escoger, yo preferir&iacute;a la pobre t&uacute;nica de hojas de palmera con la cual se cubr&iacute;a Pablo el ermita&ntilde;o, porque &eacute;l era un santo, y no el lujoso manto con el cual se visten los reyes tan llenos de orgullo&quot;.<\/p>\n","protected":false},"excerpt":{"rendered":"<p>REDACCI\u00d3N CENTRAL, 15 Ene. 17 (ACI).- Cada 15 de enero se recuerda a San Pablo, considerado &ldquo;el ermita&ntilde;o&rdquo; porque entreg&oacute; su vida a Dios por la salvaci&oacute;n de las almas, viviendo y sacrific&aacute;ndose en una ermita, es decir en una habitaci&oacute;n o lugar solitario y retirado del mundo. San Jer&oacute;nimo, en el siglo quinto (V), &hellip; <a href=\"https:\/\/www.biblia.work\/noticias\/hoy-se-recuerda-a-san-pablo-el-ermitano-quien-se-alejo-del-mundo-por-salvarlo\/\" class=\"more-link\">Continuar leyendo<span class=\"screen-reader-text\"> \u00abHoy se recuerda a San Pablo el ermita\u00f1o, quien se alej\u00f3 del mundo por salvarlo\u00bb<\/span><\/a><\/p>\n","protected":false},"author":1,"featured_media":0,"comment_status":"open","ping_status":"closed","sticky":false,"template":"","format":"standard","meta":{"footnotes":""},"categories":[1],"tags":[],"class_list":["post-10887","post","type-post","status-publish","format-standard","hentry","category-general"],"_links":{"self":[{"href":"https:\/\/www.biblia.work\/noticias\/wp-json\/wp\/v2\/posts\/10887","targetHints":{"allow":["GET"]}}],"collection":[{"href":"https:\/\/www.biblia.work\/noticias\/wp-json\/wp\/v2\/posts"}],"about":[{"href":"https:\/\/www.biblia.work\/noticias\/wp-json\/wp\/v2\/types\/post"}],"author":[{"embeddable":true,"href":"https:\/\/www.biblia.work\/noticias\/wp-json\/wp\/v2\/users\/1"}],"replies":[{"embeddable":true,"href":"https:\/\/www.biblia.work\/noticias\/wp-json\/wp\/v2\/comments?post=10887"}],"version-history":[{"count":0,"href":"https:\/\/www.biblia.work\/noticias\/wp-json\/wp\/v2\/posts\/10887\/revisions"}],"wp:attachment":[{"href":"https:\/\/www.biblia.work\/noticias\/wp-json\/wp\/v2\/media?parent=10887"}],"wp:term":[{"taxonomy":"category","embeddable":true,"href":"https:\/\/www.biblia.work\/noticias\/wp-json\/wp\/v2\/categories?post=10887"},{"taxonomy":"post_tag","embeddable":true,"href":"https:\/\/www.biblia.work\/noticias\/wp-json\/wp\/v2\/tags?post=10887"}],"curies":[{"name":"wp","href":"https:\/\/api.w.org\/{rel}","templated":true}]}}