{"id":10889,"date":"2017-01-15T06:40:03","date_gmt":"2017-01-15T11:40:03","guid":{"rendered":"http:\/\/www.biblia.work\/noticias\/solo-jesus-es-el-mesias-dijo-el-papa-a-la-hora-del-angelus\/"},"modified":"2017-01-15T06:40:03","modified_gmt":"2017-01-15T11:40:03","slug":"solo-jesus-es-el-mesias-dijo-el-papa-a-la-hora-del-angelus","status":"publish","type":"post","link":"https:\/\/www.biblia.work\/noticias\/solo-jesus-es-el-mesias-dijo-el-papa-a-la-hora-del-angelus\/","title":{"rendered":"\u201cS\u00f3lo Jes\u00fas es el Mes\u00edas\u201d, dijo el Papa a la hora del \u00c1ngelus"},"content":{"rendered":"<p> <img src='http:\/\/media02.radiovaticana.va\/photo\/2016\/02\/12\/ANSA952538_Thumbnail.jpg' alt='' align='left' hspace='5'> <\/p>\n<p>(RV).- &nbsp;En sus saludos despu&eacute;s del &Aacute;ngelus el Papa record&oacute; que en la fecha se celebra la 103&deg; Jornada Mundial del Emigrante y el Refugiado dedicada en esta oportunidad al tema &ldquo;Emigrantes menores de edad, vulnerables y sin voz&rdquo;. &ldquo;Estos nuestros peque&ntilde;os hermanos, especialmente si no est&aacute;n acompa&ntilde;ados, observ&oacute; el Obispo de Roma, est&aacute;n expuestos a tantos peligros. Es necesario adoptar toda medida posible para garantizar a los menores emigrantes la protecci&oacute;n y la defensa, as&iacute; como tambi&eacute;n su integraci&oacute;n&rdquo;, precis&oacute; el Pont&iacute;fice, dirigiendo un saludo especial a los representantes de las diversas comunidades &eacute;tnicas presentes en la Plaza de San Pedro. A todas ellas Francisco dese&oacute; &ldquo;vivir con serenidad en las localidades que los acogen, respetando sus leyes y las tradiciones y, al mismo tiempo, custodiando los valores de sus culturas de origen&rdquo;.<\/p>\n<p>Subrayando que el encuentro de varias culturas es siempre un enriquecimiento para todos, el Papa agradeci&oacute; a la Di&oacute;cesis de Roma y a todos los que trabajan con los emigrantes para recibirlos y acompa&ntilde;arlos en sus dificultades, alentando a continuar con esta obra recordando el ejemplo de santa Francisca Cabrini, patrona de los emigrantes, de quien conmemoramos este a&ntilde;o el centenario de la muerte.<\/p>\n<p>&ldquo;Esta religiosa valiente dedic&oacute; su vida a llevar el amor de Cristo a todos los que estaban lejos de la patria y de la familia. Que su testimonio nos ayude a preocuparnos por el hermano extranjero, en el cual est&aacute; presente Jes&uacute;s, a menudo sufriente, rechazado y humillado&rdquo;.<\/p>\n<p>Finalmente, al saludar con afecto a todos los fieles provenientes de diversas parroquias de Italia y de otros pa&iacute;ses, as&iacute; como a las asociaciones y diferentes grupos, el Santo Padre dirigi&oacute; su saludo particular a los estudiantes del Instituto Mel&eacute;ndez Vald&eacute;s de Villafranca de los Barros, en Espa&ntilde;a .&nbsp;<\/p>\n<p>(RC-RV)<\/p>\n<p>&nbsp;<\/p>\n<p>&nbsp;<\/p>\n<p>&nbsp;<\/p>\n<p><a href=\"http:\/\/es.radiovaticana.va\" target=\"_blank\" rel=\"nofollow\">Fuente: es.radiovaticana.va<\/a><\/p>\n","protected":false},"excerpt":{"rendered":"<p>(RV).- &nbsp;En sus saludos despu&eacute;s del &Aacute;ngelus el Papa record&oacute; que en la fecha se celebra la 103&deg; Jornada Mundial del Emigrante y el Refugiado dedicada en esta oportunidad al tema &ldquo;Emigrantes menores de edad, vulnerables y sin voz&rdquo;. &ldquo;Estos nuestros peque&ntilde;os hermanos, especialmente si no est&aacute;n acompa&ntilde;ados, observ&oacute; el Obispo de Roma, est&aacute;n expuestos &hellip; <a href=\"https:\/\/www.biblia.work\/noticias\/solo-jesus-es-el-mesias-dijo-el-papa-a-la-hora-del-angelus\/\" class=\"more-link\">Continuar leyendo<span class=\"screen-reader-text\"> \u00ab\u201cS\u00f3lo Jes\u00fas es el Mes\u00edas\u201d, dijo el Papa a la hora del \u00c1ngelus\u00bb<\/span><\/a><\/p>\n","protected":false},"author":1,"featured_media":0,"comment_status":"open","ping_status":"closed","sticky":false,"template":"","format":"standard","meta":{"footnotes":""},"categories":[1],"tags":[],"class_list":["post-10889","post","type-post","status-publish","format-standard","hentry","category-general"],"_links":{"self":[{"href":"https:\/\/www.biblia.work\/noticias\/wp-json\/wp\/v2\/posts\/10889","targetHints":{"allow":["GET"]}}],"collection":[{"href":"https:\/\/www.biblia.work\/noticias\/wp-json\/wp\/v2\/posts"}],"about":[{"href":"https:\/\/www.biblia.work\/noticias\/wp-json\/wp\/v2\/types\/post"}],"author":[{"embeddable":true,"href":"https:\/\/www.biblia.work\/noticias\/wp-json\/wp\/v2\/users\/1"}],"replies":[{"embeddable":true,"href":"https:\/\/www.biblia.work\/noticias\/wp-json\/wp\/v2\/comments?post=10889"}],"version-history":[{"count":0,"href":"https:\/\/www.biblia.work\/noticias\/wp-json\/wp\/v2\/posts\/10889\/revisions"}],"wp:attachment":[{"href":"https:\/\/www.biblia.work\/noticias\/wp-json\/wp\/v2\/media?parent=10889"}],"wp:term":[{"taxonomy":"category","embeddable":true,"href":"https:\/\/www.biblia.work\/noticias\/wp-json\/wp\/v2\/categories?post=10889"},{"taxonomy":"post_tag","embeddable":true,"href":"https:\/\/www.biblia.work\/noticias\/wp-json\/wp\/v2\/tags?post=10889"}],"curies":[{"name":"wp","href":"https:\/\/api.w.org\/{rel}","templated":true}]}}