{"id":10896,"date":"2017-01-15T07:15:02","date_gmt":"2017-01-15T12:15:02","guid":{"rendered":"http:\/\/www.biblia.work\/noticias\/texto-completo-del-angelus-del-papa-francisco-del-15-de-enero-de-2017\/"},"modified":"2017-01-15T07:15:02","modified_gmt":"2017-01-15T12:15:02","slug":"texto-completo-del-angelus-del-papa-francisco-del-15-de-enero-de-2017","status":"publish","type":"post","link":"https:\/\/www.biblia.work\/noticias\/texto-completo-del-angelus-del-papa-francisco-del-15-de-enero-de-2017\/","title":{"rendered":"Texto completo del \u00e1ngelus del papa Francisco del 15 de enero de 2017"},"content":{"rendered":"<p style=\"text-align: justify\"><span style=\"font-weight: 400\">(ZENIT &#8211; Ciudad del Vaticano).- El papa Francisco, como cada domingo, ha rezado el \u00e1ngelus desde la ventana del estudio en el Palacio Apost\u00f3lico junto con los fieles reunidos en la plaza de San Pedro. <\/span><\/p>\n<p style=\"text-align: justify\">&nbsp;<\/p>\n<p style=\"text-align: justify\"><span style=\"font-weight: 400\">Estas son las palabras del Papa para introducir la oraci\u00f3n mariana:<\/span><\/p>\n<p style=\"text-align: justify\"><span style=\"font-weight: 400\">Queridos hermanos y hermanas, <\/span><\/p>\n<p style=\"text-align: justify\"><span style=\"font-weight: 400\">En el centro del Evangelio de hoy (Jn 1, 29-34) est\u00e1 la palabra de Juan el Bautista: \u201c<\/span><span style=\"font-weight: 400\">Este es el Cordero de Dios, que quita el pecado del mundo<\/span><span style=\"font-weight: 400\">\u201d (v. 29). Una palabra acompa\u00f1ada por la mirada y el gesto de la mano que le se\u00f1alan a \u00c9l, Jes\u00fas. <\/span><\/p>\n<p style=\"text-align: justify\"><span style=\"font-weight: 400\">Imaginamos la escena. Estamos en la orilla del r\u00edo Jord\u00e1n. Juan est\u00e1 bautizando; hay mucha gente, hombres y mujeres de distintas edad, venidos all\u00ed, al r\u00edo, para recibir el bautismo de las manos de ese hombre que a muchos les recordaba a El\u00edas, el gran profeta que nueve siglos antes hab\u00eda purificado a los israelitas de la idolatr\u00eda y les hab\u00eda reconducido a la verdadera fe en el Dios de la alianza, el Dios de Abrah\u00e1n, de Isaac y de Jacob. <\/span><\/p>\n<p style=\"text-align: justify\"><span style=\"font-weight: 400\">Juan predica que el reino de los cielos est\u00e1 cerca, que el Mes\u00edas va a manifestarse y es necesario prepararse, convertirse y comportarse con justicia; y se pone a bautizar en el Jord\u00e1n para dar al pueblo un medio concreto de penitencia (cfr <\/span><i><span style=\"font-weight: 400\">Mt <\/span><\/i><span style=\"font-weight: 400\">3,1-6). ESta gente ven\u00eda para arrepentirse de sus pecados, para hacer penitencia, para comenzar de nuevo la vida. \u00c9l sabe, Juan sabe, que el Mes\u00edas, el Consagrado del Se\u00f1or ya est\u00e1 cerca, y el signo para reconocerlo ser\u00e1 que sobre \u00c9l se posar\u00e1 el Esp\u00edritu Santo; de hecho \u00c9l llevar\u00e1 el verdadero bautismo, el bautismo en el Esp\u00edritu Santo (cfr <\/span><i><span style=\"font-weight: 400\">Jn <\/span><\/i><span style=\"font-weight: 400\">1,33).<\/span><\/p>\n<p style=\"text-align: justify\"><span style=\"font-weight: 400\">Y el momento llega: Jes\u00fas se presenta en la orilla del r\u00edo, en medio de la gente, de los pecadores <\/span><span style=\"font-weight: 400\">&#8211;como todos nosotros&#8211;. Es su primer acto p\u00fablico, la primera cosa que hace cuando deja la casa de Nazaret, a los treinta a\u00f1os: baja a Judea, va al Jord\u00e1n y se hace bautizar por Juan. Sabemos qu\u00e9 sucede &#8211;lo hemos celebrado el domingo pasado&#8211;: sobre Jes\u00fas baja el Esp\u00edritu Santo en forma de paloma y la voz del Padre lo proclama Hijo predilecto (cfr <\/span><i><span style=\"font-weight: 400\">Mt <\/span><\/i><span style=\"font-weight: 400\">3,16-17). Es el signo de Juan esperaba. \u00a1Es \u00c9l! Jes\u00fas es el Mes\u00edas. Juan est\u00e1 desconcertado, porque se ha manifestado de una forma impensable: en medio de los pecadores, bautizado como ellos, es m\u00e1s, por ellos. Pero el Esp\u00edritu ilumina a Juan y le hace entender que as\u00ed se cumple la justicia de Dios, se cumple su dise\u00f1o de salvaci\u00f3n: Jes\u00fas es el Mes\u00edas, el Rey de Israel, pero no con el poder de este mundo, sino como Cordero de Dios, que toma consigo y quita el pecado del mundo. <\/span><\/p>\n<p style=\"text-align: justify\"><span style=\"font-weight: 400\">As\u00ed Juan lo indica a la gente y a sus disc\u00edpulos. Porque Juan ten\u00eda un numeroso c\u00edrculo de disc\u00edpulos, que lo hab\u00edan elegido como gu\u00eda espiritual, y precisamente algunos de ellos se convertir\u00e1n en los primeros disc\u00edpulos de Jes\u00fas. Conocemos bien sus nombres: Sim\u00f3n, llamado despu\u00e9s Pedro, su hermano Andr\u00e9s, Santiago y su hermano Juan. Todos pescadores; todos galileos, como Jes\u00fas. <\/span><\/p>\n<p style=\"text-align: justify\"><span style=\"font-weight: 400\">Queridos hermanos y hermanas, \u00bfpor qu\u00e9 nos hemos parado mucho en esta escena? \u00a1Porque es decisiva! No es una an\u00e9cdota, es un hecho hist\u00f3rico decisivo. Es decisiva por nuestra fe; es decisiva tambi\u00e9n por la misi\u00f3n de la Iglesia. La Iglesia, en todos los tiempos, est\u00e1 llamada a hacer lo que hizo Juan el Bautista, indicar a Jes\u00fas a la gente diciendo: \u201c<\/span><span style=\"font-weight: 400\">Este es el Cordero de Dios, que quita el pecado del mundo\u201d. \u00c9l es un el \u00fanico Salvador, \u00c9l es el Se\u00f1or, humilde, en medio de los pecadores. Pero es \u00c9l. \u00c9l, no es otro poderoso que viene. No no. \u00c9l. <\/span><\/p>\n<p style=\"text-align: justify\"><span style=\"font-weight: 400\">Y estas son las palabras que nosotros sacerdotes repetimos cada d\u00eda, durante la misa, cuando presentamos al pueblo el pan y el vino convertidos en el Cuerpo y la Sangre de Cristo. Este gesto lit\u00fargico representa toda la misi\u00f3n de la Iglesia, la cual no se anuncia a s\u00ed misma. Ay, ay cuando la Iglesia se anuncia a s\u00ed misma. Pierde la br\u00fajula, no sabe d\u00f3nde va. La Iglesia anuncia a Cristo; no se lleva a s\u00ed misma, lleva a Cristo. Porque es \u00c9l y solo \u00c9l quien salva a su pueblo del pecado, lo libera y lo gu\u00eda a la tierra de la vida y de la libertad. <\/span><\/p>\n<p style=\"text-align: justify\"><span style=\"font-weight: 400\">La Virgen Mar\u00eda, Madre del Cordero de Dios, nos ayude a creer en \u00c9l y a seguirlo. <\/span><\/p>\n<p style=\"text-align: justify\"><span style=\"font-weight: 400\">Despu\u00e9s del \u00e1ngelus, el Santo Padre ha a\u00f1adido:<\/span><\/p>\n<p style=\"text-align: justify\">&nbsp;<\/p>\n<p style=\"text-align: justify\"><span style=\"font-weight: 400\">Queridos hermanos y hermanas, <\/span><\/p>\n<p style=\"text-align: justify\"><span style=\"font-weight: 400\">hoy se celebra la Jornada Mundial del Migrante y del Refugiado, dedicada al tema \u201cMenores migrantes, vulnerables y sin voz\u201d. Estos nuestros hermanos peque\u00f1os, especialmente si no est\u00e1n acompa\u00f1ados, est\u00e1n expuestos a muchos peligros. Y os digo, \u00a1hay muchos! Es necesario adoptar toda medida posible para garantizar a los menores migrantes la protecci\u00f3n y la defensa, como tambi\u00e9n su integraci\u00f3n. <\/span><\/p>\n<p style=\"text-align: justify\"><span style=\"font-weight: 400\">Dirijo un saludo especial a la representaci\u00f3n de distintas comunidades \u00e9tnicas aqu\u00ed reunidas, en particular a las cat\u00f3licas de Roma. Queridos amigos, os deseo vivir serenamente en las localidades que os acogen, respetando las leyes y las traiciones y, al mismo tiempo, cuidando los valores de vuestras culturas de origen. \u00a1El encuentro de varias culturas es siempre un enriquecimiento para todos! Doy las gracias a la oficina Migrantes de la di\u00f3cesis de Roma y a los que trabajan con los migrantes para acogerlos y acompa\u00f1arlos en sus dificultades, y animo a continuar esta obra, recordando el ejemplo de santa Francisca Javier Cabrini, patrona de los migrantes, de la que este a\u00f1o se celebra el centenario de la muerte. Esta religiosa valiente dedic\u00f3 su vida a llevar el amor de Cristo a los que estaban lejos de la patria y de la familia. Su testimonio nos ayude a cuidar del hermano forastero, en el cual est\u00e1 presente Jes\u00fas, a menudo que sufre, es rechazado y humillado. Cu\u00e1ntas veces en la Biblia el Se\u00f1or no ha pedido acoger migrantes y forasteros, record\u00e1ndonos que tambi\u00e9n nosotros somos forasteros. <\/span><\/p>\n<p style=\"text-align: justify\"><span style=\"font-weight: 400\">Saludo con afecto a todos vosotros, queridos fieles procedente de distintas parroquias de Italia de otros pa\u00edses, como tambi\u00e9n a las asociaciones y a los distintos grupos. En particular, los estudiantes del Instituto Mel\u00e9ndez Valde\u0301s de Villafranca de los Barros, Espa\u00f1a.<\/span><\/p>\n<p style=\"text-align: justify\"><span style=\"font-weight: 400\">A todos os deseo un feliz domingo y buen almuerzo. Y nos os olvid\u00e9is de rezar por m\u00ed. \u00a1Hasta pronto!<\/span><\/p>\n<p style=\"text-align: justify\">&nbsp;<\/p>\n<p><span class=\"et_bloom_bottom_trigger\"><\/span><\/p>\n<p><a href=\"https:\/\/es.zenit.org\/\" target=\"_blank\" rel=\"nofollow\">Fuente: es.zenit.org<\/a><\/p>\n","protected":false},"excerpt":{"rendered":"<p>(ZENIT &#8211; Ciudad del Vaticano).- El papa Francisco, como cada domingo, ha rezado el \u00e1ngelus desde la ventana del estudio en el Palacio Apost\u00f3lico junto con los fieles reunidos en la plaza de San Pedro. &nbsp; Estas son las palabras del Papa para introducir la oraci\u00f3n mariana: Queridos hermanos y hermanas, En el centro del &hellip; <a href=\"https:\/\/www.biblia.work\/noticias\/texto-completo-del-angelus-del-papa-francisco-del-15-de-enero-de-2017\/\" class=\"more-link\">Continuar leyendo<span class=\"screen-reader-text\"> \u00abTexto completo del \u00e1ngelus del papa Francisco del 15 de enero de 2017\u00bb<\/span><\/a><\/p>\n","protected":false},"author":1,"featured_media":0,"comment_status":"open","ping_status":"closed","sticky":false,"template":"","format":"standard","meta":{"footnotes":""},"categories":[1],"tags":[],"class_list":["post-10896","post","type-post","status-publish","format-standard","hentry","category-general"],"_links":{"self":[{"href":"https:\/\/www.biblia.work\/noticias\/wp-json\/wp\/v2\/posts\/10896","targetHints":{"allow":["GET"]}}],"collection":[{"href":"https:\/\/www.biblia.work\/noticias\/wp-json\/wp\/v2\/posts"}],"about":[{"href":"https:\/\/www.biblia.work\/noticias\/wp-json\/wp\/v2\/types\/post"}],"author":[{"embeddable":true,"href":"https:\/\/www.biblia.work\/noticias\/wp-json\/wp\/v2\/users\/1"}],"replies":[{"embeddable":true,"href":"https:\/\/www.biblia.work\/noticias\/wp-json\/wp\/v2\/comments?post=10896"}],"version-history":[{"count":0,"href":"https:\/\/www.biblia.work\/noticias\/wp-json\/wp\/v2\/posts\/10896\/revisions"}],"wp:attachment":[{"href":"https:\/\/www.biblia.work\/noticias\/wp-json\/wp\/v2\/media?parent=10896"}],"wp:term":[{"taxonomy":"category","embeddable":true,"href":"https:\/\/www.biblia.work\/noticias\/wp-json\/wp\/v2\/categories?post=10896"},{"taxonomy":"post_tag","embeddable":true,"href":"https:\/\/www.biblia.work\/noticias\/wp-json\/wp\/v2\/tags?post=10896"}],"curies":[{"name":"wp","href":"https:\/\/api.w.org\/{rel}","templated":true}]}}