{"id":10900,"date":"2017-01-15T11:15:02","date_gmt":"2017-01-15T16:15:02","guid":{"rendered":"http:\/\/www.biblia.work\/noticias\/francisco-bautiza-13-ninos-nacidos-despues-del-terremoto-en-italia\/"},"modified":"2017-01-15T11:15:02","modified_gmt":"2017-01-15T16:15:02","slug":"francisco-bautiza-13-ninos-nacidos-despues-del-terremoto-en-italia","status":"publish","type":"post","link":"https:\/\/www.biblia.work\/noticias\/francisco-bautiza-13-ninos-nacidos-despues-del-terremoto-en-italia\/","title":{"rendered":"Francisco bautiza 13 ni\u00f1os nacidos despu\u00e9s del terremoto en Italia"},"content":{"rendered":"<p style=\"text-align: justify\"><b><\/b><b><\/b>(ZENIT &#8211; Ciudad del Vaticano).-\u00a0<span style=\"font-weight: 400\">El papa Francisco bautiz\u00f3, este s\u00e1bado por la tarde, a 13 ni\u00f1os nacidos en las zonas afectadas por los terremotos del centro de Italia de los \u00faltimos meses. La ceremonia tuvo lugar, de forma privada, en la capilla de la casa Santa Marta, residencia del Pont\u00edfice en el Vaticano. <\/span><span style=\"font-weight: 400\">El m\u00e1s peque\u00f1o de los ni\u00f1os bautizado ten\u00eda 5 d\u00edas.\u00a0<\/span><\/p>\n<p style=\"text-align: justify\"><span style=\"font-weight: 400\">Ha sido un nuevo gesto de cercan\u00eda del Santo Padre con la poblaci\u00f3n duramente golpeada por los terremotos. Ya pocos d\u00edas despu\u00e9s de la tragedia, el Santo Padre envi\u00f3 un equipo de la Gendarmer\u00eda y de bomberos del Vaticano para colaborar en los lugares afectados junto con la Protecci\u00f3n Civil y ayudar a los desplazados. Francisco, el 4 de octubre, visit\u00f3 personalmente la zona para mostrar cercan\u00eda a la poblaci\u00f3n y rezar por las v\u00edctimas.<\/span><\/p>\n<p style=\"text-align: justify\"><span style=\"font-weight: 400\">Finalmente, el pasado 5 de enero, recibi\u00f3 en el Aula Pablo VI a un gran grupo de v\u00edctimas del terremoto a los que reiter\u00f3 su apoyo y alent\u00f3 a \u201creconstruir no solo las casa sino tambi\u00e9n los corazones\u201d. <\/span><\/p>\n<p style=\"text-align: justify\">&nbsp;<\/p>\n<p><span class=\"et_bloom_bottom_trigger\"><\/span><\/p>\n<p><a href=\"https:\/\/es.zenit.org\/\" target=\"_blank\" rel=\"nofollow\">Fuente: es.zenit.org<\/a><\/p>\n","protected":false},"excerpt":{"rendered":"<p>(ZENIT &#8211; Ciudad del Vaticano).-\u00a0El papa Francisco bautiz\u00f3, este s\u00e1bado por la tarde, a 13 ni\u00f1os nacidos en las zonas afectadas por los terremotos del centro de Italia de los \u00faltimos meses. La ceremonia tuvo lugar, de forma privada, en la capilla de la casa Santa Marta, residencia del Pont\u00edfice en el Vaticano. El m\u00e1s &hellip; <a href=\"https:\/\/www.biblia.work\/noticias\/francisco-bautiza-13-ninos-nacidos-despues-del-terremoto-en-italia\/\" class=\"more-link\">Continuar leyendo<span class=\"screen-reader-text\"> \u00abFrancisco bautiza 13 ni\u00f1os nacidos despu\u00e9s del terremoto en Italia\u00bb<\/span><\/a><\/p>\n","protected":false},"author":1,"featured_media":0,"comment_status":"open","ping_status":"closed","sticky":false,"template":"","format":"standard","meta":{"footnotes":""},"categories":[1],"tags":[],"class_list":["post-10900","post","type-post","status-publish","format-standard","hentry","category-general"],"_links":{"self":[{"href":"https:\/\/www.biblia.work\/noticias\/wp-json\/wp\/v2\/posts\/10900","targetHints":{"allow":["GET"]}}],"collection":[{"href":"https:\/\/www.biblia.work\/noticias\/wp-json\/wp\/v2\/posts"}],"about":[{"href":"https:\/\/www.biblia.work\/noticias\/wp-json\/wp\/v2\/types\/post"}],"author":[{"embeddable":true,"href":"https:\/\/www.biblia.work\/noticias\/wp-json\/wp\/v2\/users\/1"}],"replies":[{"embeddable":true,"href":"https:\/\/www.biblia.work\/noticias\/wp-json\/wp\/v2\/comments?post=10900"}],"version-history":[{"count":0,"href":"https:\/\/www.biblia.work\/noticias\/wp-json\/wp\/v2\/posts\/10900\/revisions"}],"wp:attachment":[{"href":"https:\/\/www.biblia.work\/noticias\/wp-json\/wp\/v2\/media?parent=10900"}],"wp:term":[{"taxonomy":"category","embeddable":true,"href":"https:\/\/www.biblia.work\/noticias\/wp-json\/wp\/v2\/categories?post=10900"},{"taxonomy":"post_tag","embeddable":true,"href":"https:\/\/www.biblia.work\/noticias\/wp-json\/wp\/v2\/tags?post=10900"}],"curies":[{"name":"wp","href":"https:\/\/api.w.org\/{rel}","templated":true}]}}