{"id":10904,"date":"2017-01-15T13:15:02","date_gmt":"2017-01-15T18:15:02","guid":{"rendered":"http:\/\/www.biblia.work\/noticias\/beata-juana-maria-condesa-lluch-16-de-enero\/"},"modified":"2017-01-15T13:15:02","modified_gmt":"2017-01-15T18:15:02","slug":"beata-juana-maria-condesa-lluch-16-de-enero","status":"publish","type":"post","link":"https:\/\/www.biblia.work\/noticias\/beata-juana-maria-condesa-lluch-16-de-enero\/","title":{"rendered":"Beata Juana Mar\u00eda Condesa Lluch \u2013 16 de enero  \u00a0"},"content":{"rendered":"<p style=\"text-align: justify\">(ZENIT &#8211; Madrid).-\u00a0De familia acomodada, naci\u00f3 en Valencia, Espa\u00f1a, el 30 de marzo de 1862. Fue bautizada en la misma pila en la que recibieron este sacramento san Vicente Ferrer y san Lu\u00eds Bertr\u00e1n. Su padre, un m\u00e9dico profundamente comprometido con la fe, era tan ejemplar en la pr\u00e1ctica de su profesi\u00f3n que su abnegaci\u00f3n le cost\u00f3 la vida al contagiarse del c\u00f3lera cuando Juana Mar\u00eda ten\u00eda 3 a\u00f1os. Su madre se ocup\u00f3 de que ella y su hermana fuesen educadas humana y espiritualmente. Su infancia, como la de muchas ni\u00f1as, mostraba las aristas de la contradicci\u00f3n; una etapa proclive a las travesuras, y tambi\u00e9n al anhelo de torcer la voluntad ajena en bien propio. Cuando su car\u00e1cter se atemper\u00f3, vislumbr\u00f3 en Dios el fin de su vida. A ello le ayud\u00f3 el v\u00ednculo que estableci\u00f3 con la Esclavitud Mariana de Grignion de Montfort y con la Archicofrad\u00eda de las Hijas de Mar\u00eda y Santa Teresa de Jes\u00fas a las que se afili\u00f3 en 1875, y de las que fue su administradora. Adem\u00e1s, form\u00f3 parte de la Tercera Orden del Carmen.<\/p>\n<p style=\"text-align: justify\">Tempranamente se manifest\u00f3 su amor a la Eucarist\u00eda, a la Inmaculada y a san Jos\u00e9. Las pr\u00e1cticas de piedad y la oraci\u00f3n, adem\u00e1s del compromiso que estableci\u00f3 con los necesitados, fueron las armas con las que se enfrent\u00f3 a la crisis religiosa de su tiempo. La convicci\u00f3n de ser de Cristo para siempre le inst\u00f3 a consagrarle su virginidad privadamente. Poco antes de cumplir los 18 a\u00f1os determin\u00f3 dejarse guiar por la voluntad de Dios. El paisaje que contemplaba cuando sol\u00eda ir a la propiedad que su familia ten\u00eda en la costa, era un reguero de mujeres trabajadoras que se dirig\u00edan a las diversas f\u00e1bricas para ganar el sustento de los suyos. Ella hab\u00eda gozado del privilegio de una existencia acomodada y recibido una s\u00f3lida educaci\u00f3n. Pero se le part\u00eda el coraz\u00f3n al ver a sus compatriotas desprovistas de esos bienes, expuestas a otros avatares pre\u00f1ados de peligros por esos caminos desnudos de protecci\u00f3n por los que transita la pobreza de vida a todos los niveles. Y pens\u00f3 cobijarlas en una casa con objeto de paliar tan graves carencias.<\/p>\n<p style=\"text-align: justify\">Su juventud parec\u00eda m\u00e1s que un acicate una dificultad para llevar adelante la misi\u00f3n a la que se sinti\u00f3 llamada: fundar una congregaci\u00f3n religiosa. <em>\u00abYo y todo lo m\u00edo para las obreras\u00bb,<\/em> sentimiento que albergaba en su coraz\u00f3n, obtuvo respuesta del cardenal Monescillo: <em>\u00abGrande es tu fe y tu constancia. Ve y abre un asilo a esas obreras por las que con tanta solicitud te interesas y tanto cari\u00f1o siente tu coraz\u00f3n\u00bb.<\/em> Mucho hab\u00eda tenido que insistir Juana Mar\u00eda, y convencerse aqu\u00e9l de la autenticidad del proyecto, para poder materializar su sue\u00f1o. Por fin, comenz\u00f3 a cumplirse tras estas palabras que le dirigi\u00f3 el cardenal. Y en 1884 abri\u00f3 el Asilo Protector de Obreras as\u00ed como un centro de ense\u00f1anza gratuita para las hijas de \u00e9stas. <em>\u00abSe\u00f1or, mantenme firme junto a tu cruz\u00bb<\/em>, repet\u00eda ante las pruebas, mientras la fundaci\u00f3n se extend\u00eda por las zonas industriales. A las religiosas les recordaba constantemente que deb\u00edan<em> \u00abser santas en el cielo, sin levantar polvo en la tierra\u00bb<\/em>.<\/p>\n<p style=\"text-align: justify\">Devolvi\u00f3 la dignidad a las trabajadoras, consideradas hasta entonces como meros instrumentos de trabajo, y con su caridad y esp\u00edritu de sacrificio les ense\u00f1\u00f3 a convertir lo ordinario en extraordinario. Hasta 1911 ni ella ni las religiosas que la acompa\u00f1aban en este empe\u00f1o pudieron emitir votos perpetuos. <strong><em>\u00abAceptar y no pedir es el m\u00e1s santo sufrir<\/em><\/strong><strong>\u00bb. <em>\u00abExcelente disciplina es hacer con alegr\u00eda lo que m\u00e1s nos costar\u00eda\u00bb, <\/em>hab\u00eda dicho<em>.<\/em><\/strong> Los signos de su vida: obediencia, alegr\u00eda, humildad, constancia, dominio de s\u00ed, paz, bondad, entrega, laboriosidad, solidaridad, fe, esperanza y amor atestiguaron su s\u00ed incondicional a Cristo. No quiso dar cuenta de la mayor\u00eda de las lesiones que poco a poco fueron minando su organismo, y falleci\u00f3 el 16 de enero de 1916. Ten\u00eda 54 a\u00f1os. Fue beatificada el 23 de marzo de 2003 por Juan Pablo II.<\/p>\n<p style=\"text-align: justify\"><strong>\u00a0<\/strong><\/p>\n<p style=\"text-align: justify\">&nbsp;<\/p>\n<p style=\"text-align: justify\">&nbsp;<\/p>\n<p style=\"text-align: justify\">&nbsp;<\/p>\n<p style=\"text-align: justify\">&nbsp;<\/p>\n<p style=\"text-align: justify\">&nbsp;<\/p>\n<p><span class=\"et_bloom_bottom_trigger\"><\/span><\/p>\n<p><a href=\"https:\/\/es.zenit.org\/\" target=\"_blank\" rel=\"nofollow\">Fuente: es.zenit.org<\/a><\/p>\n","protected":false},"excerpt":{"rendered":"<p>(ZENIT &#8211; Madrid).-\u00a0De familia acomodada, naci\u00f3 en Valencia, Espa\u00f1a, el 30 de marzo de 1862. Fue bautizada en la misma pila en la que recibieron este sacramento san Vicente Ferrer y san Lu\u00eds Bertr\u00e1n. Su padre, un m\u00e9dico profundamente comprometido con la fe, era tan ejemplar en la pr\u00e1ctica de su profesi\u00f3n que su abnegaci\u00f3n &hellip; <a href=\"https:\/\/www.biblia.work\/noticias\/beata-juana-maria-condesa-lluch-16-de-enero\/\" class=\"more-link\">Continuar leyendo<span class=\"screen-reader-text\"> \u00abBeata Juana Mar\u00eda Condesa Lluch \u2013 16 de enero  \u00a0\u00ab<\/span><\/a><\/p>\n","protected":false},"author":1,"featured_media":0,"comment_status":"open","ping_status":"closed","sticky":false,"template":"","format":"standard","meta":{"footnotes":""},"categories":[1],"tags":[],"class_list":["post-10904","post","type-post","status-publish","format-standard","hentry","category-general"],"_links":{"self":[{"href":"https:\/\/www.biblia.work\/noticias\/wp-json\/wp\/v2\/posts\/10904","targetHints":{"allow":["GET"]}}],"collection":[{"href":"https:\/\/www.biblia.work\/noticias\/wp-json\/wp\/v2\/posts"}],"about":[{"href":"https:\/\/www.biblia.work\/noticias\/wp-json\/wp\/v2\/types\/post"}],"author":[{"embeddable":true,"href":"https:\/\/www.biblia.work\/noticias\/wp-json\/wp\/v2\/users\/1"}],"replies":[{"embeddable":true,"href":"https:\/\/www.biblia.work\/noticias\/wp-json\/wp\/v2\/comments?post=10904"}],"version-history":[{"count":0,"href":"https:\/\/www.biblia.work\/noticias\/wp-json\/wp\/v2\/posts\/10904\/revisions"}],"wp:attachment":[{"href":"https:\/\/www.biblia.work\/noticias\/wp-json\/wp\/v2\/media?parent=10904"}],"wp:term":[{"taxonomy":"category","embeddable":true,"href":"https:\/\/www.biblia.work\/noticias\/wp-json\/wp\/v2\/categories?post=10904"},{"taxonomy":"post_tag","embeddable":true,"href":"https:\/\/www.biblia.work\/noticias\/wp-json\/wp\/v2\/tags?post=10904"}],"curies":[{"name":"wp","href":"https:\/\/api.w.org\/{rel}","templated":true}]}}