{"id":10928,"date":"2017-01-16T12:05:04","date_gmt":"2017-01-16T17:05:04","guid":{"rendered":"http:\/\/www.biblia.work\/noticias\/nuevo-motin-deja-26-muertos-en-carcel-de-brasil-y-arzobispo-pide-oraciones\/"},"modified":"2017-01-16T12:05:04","modified_gmt":"2017-01-16T17:05:04","slug":"nuevo-motin-deja-26-muertos-en-carcel-de-brasil-y-arzobispo-pide-oraciones","status":"publish","type":"post","link":"https:\/\/www.biblia.work\/noticias\/nuevo-motin-deja-26-muertos-en-carcel-de-brasil-y-arzobispo-pide-oraciones\/","title":{"rendered":"Nuevo mot\u00edn deja 26 muertos en c\u00e1rcel de Brasil y Arzobispo pide oraciones"},"content":{"rendered":"<p> R\u00cdO DE JANEIRO, 16 Ene. 17 (ACI).-<br \/>\n\tLuego del nuevo mot&iacute;n que dej&oacute; 26 muertos en la c&aacute;rcel de Alca&ccedil;uz, en la ciudad de Natal, ubicada en el estado de R&iacute;o Grande del Norte (Brasil), el Arzobispo de Natal, Mons. Jaime Vieira Rocha, pidi&oacute; que se ofrecieran todas las misas del domingo implorando la compasi&oacute;n de Dios por las almas de los fallecidos y para que mejore la situaci&oacute;n de los reclusorios.<\/p>\n<p style=\"text-align: justify\">\n\tLa rebeli&oacute;n en la c&aacute;rcel de Alca&ccedil;uz comenz&oacute; en la tarde del s&aacute;bado 14 de enero y dur&oacute; hasta la ma&ntilde;ana del domingo. La mayor&iacute;a de los 26 detenidos asesinaron fueron decapitados y luego carbonizados.<\/p>\n<p style=\"text-align: justify\">\n\t\tGuerra carcelaria de #Brasil deja otros 26 muertos en #Natal. https:\/\/t.co\/dd8bdL6MEB pic.twitter.com\/tVPHZvSiQr<\/p>\n<p>\t&mdash; TN5 Telenoticias (@TN5Telenoticias) 16 de enero de 2017<\/p>\n<p style=\"text-align: justify\">\n\tSeg&uacute;n inform&oacute; la Secretar&iacute;a de Justicia y Ciudadan&iacute;a, los presos del pabell&oacute;n 5 invadieron el pabell&oacute;n 4 y fueron contenidos por los agentes penitenciarios con bombas lacrim&oacute;genas para que no llegasen hasta el pabell&oacute;n 1.<\/p>\n<p style=\"text-align: justify\">\n\tEl secretario de Justicia y el gobierno del estado de ciudadan&iacute;a, Wallber Virgolino, subray&oacute; que &ldquo;en t&eacute;rminos del n&uacute;mero de muertos, esta es la mayor rebeli&oacute;n de R&iacute;o Grande del Norte&rdquo;.<\/p>\n<p style=\"text-align: justify\">\n\tVirgolino a&ntilde;adi&oacute; que no se ha confirmado que este mot&iacute;n tenga relaci&oacute;n con los que ocurrieron en las &uacute;ltimas semanas en Amazonas y Roraima, pero resalt&oacute; que las rebeliones en esos estados en el norte del pa&iacute;s &ldquo;incentivaron lo que ocurri&oacute; aqu&iacute;&rdquo;.<\/p>\n<p style=\"text-align: justify\">\n\tLos d&iacute;as 1 y 2 de enero en Amazonas murieron cerca de 56 presos en el Complejo Penitenciario An&iacute;sio Jobim y cuatro en la Unidad de Prisi&oacute;n de Puraquequara (UPP). En Roraima el 6 de enero murieron 33 personas en la Penitenciar&iacute;a Agr&iacute;cola de Monte Cristo.<\/p>\n<p style=\"text-align: justify\">\n\tEn el comunicado publicado tras la rebeli&oacute;n en la c&aacute;rcel de Natal, Mons. Jaime Vieira expres&oacute; su &ldquo;pesar y tristeza&rdquo; y sus &ldquo;oraciones y atenci&oacute;n por esos momentos tr&aacute;gicos de violencia y de muerte&rdquo;.<\/p>\n<p style=\"text-align: justify\">\n\tPara el Prelado &ldquo;sin duda es necesaria una urgente reflexi&oacute;n sobre las condiciones de nuestras c&aacute;rceles&rdquo;.<\/p>\n<p style=\"text-align: justify\">\n\t&ldquo;Suplicamos al buen Dios que apacig&uuml;e los &aacute;nimos de aquellos hermanos nuestros con el fin de que renuncien a la violencia y que la sociedad y el Estado busquen el di&aacute;logo y encuentren caminos para enfrentar la problem&aacute;tica que envuelve nuestro sistema penitenci&aacute;rio&rdquo;, se&ntilde;al&oacute;.<\/p>\n<p style=\"text-align: justify\">\n\tMons. Vieira pidi&oacute; que en todas las misas del domingo se pida la &ldquo;compasi&oacute;n de nuestro Dios por aquellos que perdieron la vida y por todos los que se encontraban en las c&aacute;rceles que, seg&uacute;n las palabras del Papa Francisco, deben ser lugares de humanidad y de esperanza en el cambio&rdquo;.<\/p>\n<p style=\"text-align: justify\">\n\tTraducido por Mar&iacute;a Ximena Rond&oacute;n. Publicado originalmente en ACI Digital.<\/p>\n<p style=\"text-align: justify\">\n\tTambi&eacute;n te puede interesar:<\/p>\n<p style=\"text-align: justify\">\n\t\tEl Papa Francisco reza por los 60 presos muertos durante mot&iacute;n en c&aacute;rcel de Brasil https:\/\/t.co\/YBVv51y0VG<\/p>\n<p>\t&mdash; ACI Prensa (@aciprensa) 4 de enero de 2017<\/p>\n","protected":false},"excerpt":{"rendered":"<p>R\u00cdO DE JANEIRO, 16 Ene. 17 (ACI).- Luego del nuevo mot&iacute;n que dej&oacute; 26 muertos en la c&aacute;rcel de Alca&ccedil;uz, en la ciudad de Natal, ubicada en el estado de R&iacute;o Grande del Norte (Brasil), el Arzobispo de Natal, Mons. Jaime Vieira Rocha, pidi&oacute; que se ofrecieran todas las misas del domingo implorando la compasi&oacute;n &hellip; <a href=\"https:\/\/www.biblia.work\/noticias\/nuevo-motin-deja-26-muertos-en-carcel-de-brasil-y-arzobispo-pide-oraciones\/\" class=\"more-link\">Continuar leyendo<span class=\"screen-reader-text\"> \u00abNuevo mot\u00edn deja 26 muertos en c\u00e1rcel de Brasil y Arzobispo pide oraciones\u00bb<\/span><\/a><\/p>\n","protected":false},"author":1,"featured_media":0,"comment_status":"open","ping_status":"closed","sticky":false,"template":"","format":"standard","meta":{"footnotes":""},"categories":[1],"tags":[],"class_list":["post-10928","post","type-post","status-publish","format-standard","hentry","category-general"],"_links":{"self":[{"href":"https:\/\/www.biblia.work\/noticias\/wp-json\/wp\/v2\/posts\/10928","targetHints":{"allow":["GET"]}}],"collection":[{"href":"https:\/\/www.biblia.work\/noticias\/wp-json\/wp\/v2\/posts"}],"about":[{"href":"https:\/\/www.biblia.work\/noticias\/wp-json\/wp\/v2\/types\/post"}],"author":[{"embeddable":true,"href":"https:\/\/www.biblia.work\/noticias\/wp-json\/wp\/v2\/users\/1"}],"replies":[{"embeddable":true,"href":"https:\/\/www.biblia.work\/noticias\/wp-json\/wp\/v2\/comments?post=10928"}],"version-history":[{"count":0,"href":"https:\/\/www.biblia.work\/noticias\/wp-json\/wp\/v2\/posts\/10928\/revisions"}],"wp:attachment":[{"href":"https:\/\/www.biblia.work\/noticias\/wp-json\/wp\/v2\/media?parent=10928"}],"wp:term":[{"taxonomy":"category","embeddable":true,"href":"https:\/\/www.biblia.work\/noticias\/wp-json\/wp\/v2\/categories?post=10928"},{"taxonomy":"post_tag","embeddable":true,"href":"https:\/\/www.biblia.work\/noticias\/wp-json\/wp\/v2\/tags?post=10928"}],"curies":[{"name":"wp","href":"https:\/\/api.w.org\/{rel}","templated":true}]}}